{"id":270043,"date":"2025-12-17T06:53:15","date_gmt":"2025-12-17T05:53:15","guid":{"rendered":"https:\/\/www.iphone-ticker.de\/?p=270043"},"modified":"2026-02-02T08:06:23","modified_gmt":"2026-02-02T07:06:23","slug":"apples-falt-iphone-im-detail-wir-haben-cad-zeichnungen-bekommen","status":"publish","type":"post","link":"https:\/\/www.iphone-ticker.de\/apples-falt-iphone-im-detail-wir-haben-cad-zeichnungen-bekommen-270043\/","title":{"rendered":"Apples Falt-iPhone im Detail: Wir haben bereits die Abmessungen"},"content":{"rendered":"<p>Auch wenn l\u00e4ngst nicht alle Apple-Nutzer daran glauben, es deutet alles drauf hin, dass Apple in knapp einem Jahr sein erstes faltbares iPhone auf den Markt bringt. Vom September 2026 an soll Apple mit den bisher auf diesem Markt aktiven Anbietern konkurrieren.<\/p>\n<p>F\u00fcr den Wahrheitsgehalt dieser Meldungen spricht, dass sich auch die Hersteller von iPhone-Zubeh\u00f6r auf die neue Ger\u00e4tekategorie vorbereiten. Aus diesem Umfeld haben wir nun detaillierte Informationen zu den voraussichtlichen Abmessungen des bei Apple <a href=\"https:\/\/www.ifun.de\/interne-ios-beta-plaudert-kommende-apple-produkte-aus-271263\/\">mit der internen Bezeichnung V68<\/a> entwickelten Ger\u00e4ts erhalten.<\/p>\n<p><a href=\"https:\/\/images.iphone-ticker.de\/wp-content\/uploads\/2025\/12\/iphone-foldabable-mockup-1.jpg\"><img loading=\"lazy\" decoding=\"async\" src=\"https:\/\/images.iphone-ticker.de\/wp-content\/uploads\/2025\/12\/iphone-foldabable-mockup-1-700x363.jpg\" alt=\"Iphone Foldabable Mockup 1\" width=\"700\" height=\"363\" class=\"alignnone size-large wp-image-270048\" srcset=\"https:\/\/images.iphone-ticker.de\/wp-content\/uploads\/2025\/12\/iphone-foldabable-mockup-1-700x363.jpg 700w, https:\/\/images.iphone-ticker.de\/wp-content\/uploads\/2025\/12\/iphone-foldabable-mockup-1-500x260.jpg 500w, https:\/\/images.iphone-ticker.de\/wp-content\/uploads\/2025\/12\/iphone-foldabable-mockup-1.jpg 1000w\" sizes=\"auto, (max-width: 700px) 100vw, 700px\" \/><\/a><\/p>\n<p>Zusammengeklappt soll das faltbare iPhone 83,8 Millimeter breit, 120,6 Millimeter hoch und 9,6 Millimeter dick und damit ein ganzes St\u00fcck breiter, jedoch nicht so hoch wie die aktuellen iPhone-Modelle sein. Der kleine Bildschirm h\u00e4tte damit eine Diagonale von 139,4 Millimetern und die Aufl\u00f6sung wird mit 2.088 \u00d7 1.422 Pixeln angegeben.<\/p>\n<p><a href=\"https:\/\/images.iphone-ticker.de\/wp-content\/uploads\/2025\/12\/iphone-foldabable-abmessungen-1.jpg\"><img loading=\"lazy\" decoding=\"async\" src=\"https:\/\/images.iphone-ticker.de\/wp-content\/uploads\/2025\/12\/iphone-foldabable-abmessungen-1-700x381.jpg\" alt=\"Iphone Foldabable Abmessungen 1\" width=\"700\" height=\"381\" class=\"alignnone size-large wp-image-270051\" srcset=\"https:\/\/images.iphone-ticker.de\/wp-content\/uploads\/2025\/12\/iphone-foldabable-abmessungen-1-700x381.jpg 700w, https:\/\/images.iphone-ticker.de\/wp-content\/uploads\/2025\/12\/iphone-foldabable-abmessungen-1-500x272.jpg 500w, https:\/\/images.iphone-ticker.de\/wp-content\/uploads\/2025\/12\/iphone-foldabable-abmessungen-1.jpg 1000w\" sizes=\"auto, (max-width: 700px) 100vw, 700px\" \/><\/a><\/p>\n<p>Ihr k\u00f6nnt ja schon mal eure Taschen ausmessen, um zu sehen, ob beziehungsweise wie gut ein solches Format da reinpassen w\u00fcrde. Der Grund f\u00fcr dieses ungewohnte Seitenverh\u00e4ltnis wird klar, wenn man das Ger\u00e4t im aufgeklappten Zustand betrachtet.<\/p>\n<h2>Etwas kleiner als das iPad mini<\/h2>\n<p><a href=\"https:\/\/images.iphone-ticker.de\/wp-content\/uploads\/2025\/12\/iphone-foldabable-abmessungen-3.jpg\"><img loading=\"lazy\" decoding=\"async\" src=\"https:\/\/images.iphone-ticker.de\/wp-content\/uploads\/2025\/12\/iphone-foldabable-abmessungen-3-700x519.jpg\" alt=\"Iphone Foldabable Abmessungen 3\" width=\"700\" height=\"519\" class=\"alignnone size-large wp-image-270049\" srcset=\"https:\/\/images.iphone-ticker.de\/wp-content\/uploads\/2025\/12\/iphone-foldabable-abmessungen-3-700x519.jpg 700w, https:\/\/images.iphone-ticker.de\/wp-content\/uploads\/2025\/12\/iphone-foldabable-abmessungen-3-500x371.jpg 500w, https:\/\/images.iphone-ticker.de\/wp-content\/uploads\/2025\/12\/iphone-foldabable-abmessungen-3.jpg 1000w\" sizes=\"auto, (max-width: 700px) 100vw, 700px\" \/><\/a><\/p>\n<p>Wenn wir zwei gew\u00f6hnliche iPhone-Modelle nebeneinanderlegen, kommen wir auf einen fast quadratischen Bildschirm. Das gedrungenere Format des Falt-iPhone sorgt dagegen daf\u00fcr, dass sich der ge\u00f6ffnete gro\u00dfe Bildschirm des Ger\u00e4ts vom Seitenverh\u00e4ltnis her als kleines Tablet pr\u00e4sentiert. Mit Abmessungen von 167,6 \u00d7 120,6 Millimeter und einer Bildschirmfl\u00e4che von 7,76 Zoll ist das Ger\u00e4t dann fast so gro\u00df wie ein iPad mini. Apples kleinstes Tablet ist 8,3 Zoll gro\u00df und misst 195,4 \u00d7 134,8 Millimeter. Die Aufl\u00f6sung des Innendisplays des faltbaren iPhones wird mit 2.713 \u00d7 1.920 Pixel angegeben.<\/p>\n<h2>Aufgeklappt keine 5 Millimeter dick<\/h2>\n<p><a href=\"https:\/\/images.iphone-ticker.de\/wp-content\/uploads\/2025\/12\/iphone-foldabable-abmessungen-2.jpg\"><img loading=\"lazy\" decoding=\"async\" src=\"https:\/\/images.iphone-ticker.de\/wp-content\/uploads\/2025\/12\/iphone-foldabable-abmessungen-2-700x160.jpg\" alt=\"Iphone Foldabable Abmessungen 2\" width=\"700\" height=\"160\" class=\"alignnone size-large wp-image-270050\" srcset=\"https:\/\/images.iphone-ticker.de\/wp-content\/uploads\/2025\/12\/iphone-foldabable-abmessungen-2-700x160.jpg 700w, https:\/\/images.iphone-ticker.de\/wp-content\/uploads\/2025\/12\/iphone-foldabable-abmessungen-2-500x115.jpg 500w, https:\/\/images.iphone-ticker.de\/wp-content\/uploads\/2025\/12\/iphone-foldabable-abmessungen-2.jpg 1000w\" sizes=\"auto, (max-width: 700px) 100vw, 700px\" \/><\/a><\/p>\n<p>Aufgeklappt ist das iPhone Fold den Unterlagen zufolge ohne die Kameraerhebung gerade mal 4,8 Millimeter d\u00fcnn. Zum Vergleich: Das iPhone Air ist mit 5,64 Millimetern dicker, das Samsung Galaxy Fold liegt in der aktuellen Version mit 4,2 Millimetern aber noch darunter.<\/p>\n<p>Auf den Grafiken ist zudem zu sehen, dass Apples Falttelefon wohl mit einer Doppelkamera auf der R\u00fcckseite kommt, wie wir sie vom iPhone 17 her kennen, und die Selfiekamera innen vollst\u00e4ndig in den Bildschirm integriert ist. Ob und in welcher Gr\u00f6\u00dfe hier doch noch eine Notch-Aussparung oder dergleichen vorhanden ist, l\u00e4sst sich aus den Zeichnungen nicht entnehmen.<img loading=\"lazy\" decoding=\"async\" src=\"https:\/\/vg09.met.vgwort.de\/na\/ea2c3e6e8fdb4ed1a6e7125344852597\" width=\"1\" height=\"1\" no-lazy class=\"tracking\"><\/p>\n","protected":false},"excerpt":{"rendered":"<a href=\"https:\/\/www.iphone-ticker.de\/apples-falt-iphone-im-detail-wir-haben-cad-zeichnungen-bekommen-270043\/\"><img width=\"150\" height=\"150\" src=\"https:\/\/images.iphone-ticker.de\/wp-content\/uploads\/2025\/12\/iphone-foldabable-abmessungen-1-150x150.jpg\" class=\"alignright tfe wp-post-image\" alt=\"Iphone Foldabable Abmessungen 1\" decoding=\"async\" loading=\"lazy\" \/><\/a><p>Auch wenn l\u00e4ngst nicht alle Apple-Nutzer daran glauben, es deutet alles drauf hin, dass Apple in knapp einem Jahr sein erstes faltbares iPhone auf den Markt bringt. Vom September 2026 an soll Apple mit den bisher auf diesem Markt aktiven Anbietern konkurrieren. F\u00fcr den Wahrheitsgehalt dieser Meldungen spricht, dass sich auch die Hersteller von iPhone-Zubeh\u00f6r [&hellip;]<\/p>\n","protected":false},"author":2,"featured_media":270051,"comment_status":"open","ping_status":"closed","sticky":false,"template":"","format":"standard","meta":{"footnotes":""},"categories":[749,1975],"tags":[4624,7333,7332],"class_list":["post-270043","post","type-post","status-publish","format-standard","has-post-thumbnail","hentry","category-iphone-2","category-feature","tag-faltbar","tag-iphone-18-fold","tag-iphone-fold"],"aioseo_notices":[],"subheadline":["Etwas kleiner als das iPad mini"],"featured_image":["https:\/\/images.iphone-ticker.de\/wp-content\/uploads\/2025\/12\/iphone-foldable-feature.jpg"],"rest_api_enabler":{"subheadline":"Etwas kleiner als das iPad mini","featured_image":"https:\/\/images.iphone-ticker.de\/wp-content\/uploads\/2025\/12\/iphone-foldable-feature.jpg"},"_links":{"self":[{"href":"https:\/\/www.iphone-ticker.de\/apiv2\/wp\/v2\/posts\/270043","targetHints":{"allow":["GET"]}}],"collection":[{"href":"https:\/\/www.iphone-ticker.de\/apiv2\/wp\/v2\/posts"}],"about":[{"href":"https:\/\/www.iphone-ticker.de\/apiv2\/wp\/v2\/types\/post"}],"author":[{"embeddable":true,"href":"https:\/\/www.iphone-ticker.de\/apiv2\/wp\/v2\/users\/2"}],"replies":[{"embeddable":true,"href":"https:\/\/www.iphone-ticker.de\/apiv2\/wp\/v2\/comments?post=270043"}],"version-history":[{"count":8,"href":"https:\/\/www.iphone-ticker.de\/apiv2\/wp\/v2\/posts\/270043\/revisions"}],"predecessor-version":[{"id":272203,"href":"https:\/\/www.iphone-ticker.de\/apiv2\/wp\/v2\/posts\/270043\/revisions\/272203"}],"wp:featuredmedia":[{"embeddable":true,"href":"https:\/\/www.iphone-ticker.de\/apiv2\/wp\/v2\/media\/270051"}],"wp:attachment":[{"href":"https:\/\/www.iphone-ticker.de\/apiv2\/wp\/v2\/media?parent=270043"}],"wp:term":[{"taxonomy":"category","embeddable":true,"href":"https:\/\/www.iphone-ticker.de\/apiv2\/wp\/v2\/categories?post=270043"},{"taxonomy":"post_tag","embeddable":true,"href":"https:\/\/www.iphone-ticker.de\/apiv2\/wp\/v2\/tags?post=270043"}],"curies":[{"name":"wp","href":"https:\/\/api.w.org\/{rel}","templated":true}]}}