{"id":269762,"date":"2025-12-12T12:05:13","date_gmt":"2025-12-12T11:05:13","guid":{"rendered":"https:\/\/www.iphone-ticker.de\/?p=269762"},"modified":"2025-12-22T11:46:17","modified_gmt":"2025-12-22T10:46:17","slug":"ikea-stellt-drei-extravagante-qi-ladegeraete-vor","status":"publish","type":"post","link":"https:\/\/www.iphone-ticker.de\/ikea-stellt-drei-extravagante-qi-ladegeraete-vor-269762\/","title":{"rendered":"IKEA stellt drei extravagante Qi-Ladeger\u00e4te vor"},"content":{"rendered":"<p>IKEA zeigt sich sehr umtriebig, wenn es um Zubeh\u00f6r f\u00fcr Mobilger\u00e4te und Smarthome-Installationen geht. Das Einrichtungshaus hat eben erst <a href=\"https:\/\/www.ifun.de\/?p=271113\">einen Stapel neuer, mit Matter kompatibler Produkte<\/a> vorgestellt. Jetzt macht uns ein Leser auf drei neue kontaktlose Ladeger\u00e4te von IKEA aufmerksam, die unter dem Namen V\u00c4STM\u00c4RKE angeboten werden und nicht nur optisch auffallen, sondern zum Teil auch unerwartete Funktionen mit sich bringen.<\/p>\n<h2>Beleuchtete Ladeschale V\u00c4STM\u00c4RKE<\/h2>\n<p>Beginnen wir mit der <a href=\"https:\/\/clk.tradedoubler.com\/click?p=290994&amp;a=747172&amp;url=https%3A%2F%2Fwww.ikea.com%2Fde%2Fde%2Fp%2Fvaestmaerke-ladepad-mit-beleuchtung-50598214%2F\">Ladeschale V\u00c4STM\u00c4RKE<\/a>, die sich laut IKEA ideal f\u00fcr den Einsatz im Schlafzimmer, im B\u00fcro oder im Flur eignet.<\/p>\n<p><a href=\"https:\/\/images.iphone-ticker.de\/wp-content\/uploads\/2025\/12\/vaestmaerke-ladepad-mit-beleuchtung_.jpg\"><img loading=\"lazy\" decoding=\"async\" src=\"https:\/\/images.iphone-ticker.de\/wp-content\/uploads\/2025\/12\/vaestmaerke-ladepad-mit-beleuchtung_-700x291.jpg\" alt=\"Vaestmaerke Ladepad Mit Beleuchtung \" width=\"700\" height=\"291\" class=\"alignnone size-large wp-image-269765\" srcset=\"https:\/\/images.iphone-ticker.de\/wp-content\/uploads\/2025\/12\/vaestmaerke-ladepad-mit-beleuchtung_-700x291.jpg 700w, https:\/\/images.iphone-ticker.de\/wp-content\/uploads\/2025\/12\/vaestmaerke-ladepad-mit-beleuchtung_-500x208.jpg 500w, https:\/\/images.iphone-ticker.de\/wp-content\/uploads\/2025\/12\/vaestmaerke-ladepad-mit-beleuchtung_.jpg 900w\" sizes=\"auto, (max-width: 700px) 100vw, 700px\" \/><\/a><\/p>\n<p>Die Ablage kann ein aufgelegtes Smartphone nach dem Qi2-Standard mit bis zu 15 Watt laden. Die untere Schale dient zus\u00e4tzlich als Ablage f\u00fcr kleine Gegenst\u00e4nde wie Ringe oder Schl\u00fcssel dienen. Zudem findet sich hier noch eine Leuchte integriert, die sich durch Dr\u00fccken des Ladepucks einschalten l\u00e4sst.<\/p>\n<p>Die <a href=\"https:\/\/clk.tradedoubler.com\/click?p=290994&amp;a=747172&amp;url=https%3A%2F%2Fwww.ikea.com%2Fde%2Fde%2Fp%2Fvaestmaerke-ladepad-mit-beleuchtung-50598214%2F\">Ladeschale V\u00c4STM\u00c4RKE<\/a> wird von IKEA f\u00fcr 19,99 Euro angeboten. Im Lieferumfang ist ein Anschlusskabel mit 120 Zentimetern L\u00e4nge enthalten. Als Zubeh\u00f6r empfiehlt IKEA das f\u00fcr 4 Euro erh\u00e4ltliche Steckernetzteil <a href=\"https:\/\/clk.tradedoubler.com\/click?p=290994&amp;a=747172&amp;url=https%3A%2F%2Fwww.ikea.com%2Fde%2Fde%2Fp%2Fsjoess-ladegeraet-mit-1-usb-ausgang-20-w-60609740%2F\">SJ\u00d6SS<\/a>.<\/p>\n<h2>Ladepad V\u00c4STM\u00c4RKE<\/h2>\n<p>Als n\u00e4chstes hat IKEA das <a href=\"https:\/\/clk.tradedoubler.com\/click?p=290994&amp;a=747172&amp;url=https%3A%2F%2Fwww.ikea.com%2Fde%2Fde%2Fp%2Fvaestmaerke-ladepad-30598210%2F\">Ladepad V\u00c4STM\u00c4RKE<\/a> neu im Programm. Dabei handelt es sich um eine knallrotes Qi-Ladeger\u00e4t in Form eines Donuts. <\/p>\n<p><a href=\"https:\/\/images.iphone-ticker.de\/wp-content\/uploads\/2025\/12\/vaestmaerke-ladepad.jpg\"><img loading=\"lazy\" decoding=\"async\" src=\"https:\/\/images.iphone-ticker.de\/wp-content\/uploads\/2025\/12\/vaestmaerke-ladepad-700x358.jpg\" alt=\"Vaestmaerke Ladepad\" width=\"700\" height=\"358\" class=\"alignnone size-large wp-image-269766\" srcset=\"https:\/\/images.iphone-ticker.de\/wp-content\/uploads\/2025\/12\/vaestmaerke-ladepad-700x358.jpg 700w, https:\/\/images.iphone-ticker.de\/wp-content\/uploads\/2025\/12\/vaestmaerke-ladepad-500x256.jpg 500w, https:\/\/images.iphone-ticker.de\/wp-content\/uploads\/2025\/12\/vaestmaerke-ladepad.jpg 900w\" sizes=\"auto, (max-width: 700px) 100vw, 700px\" \/><\/a><\/p>\n<p>Der obere Teil des Ladeger\u00e4ts l\u00e4sst sich hochklappen und man kann darin das Kabel aufrollen und verstauen. Die Oberfl\u00e4che besteht aus weichem Silikon, was einem aufgelegten Smartphone guten Halt geben soll.<\/p>\n<p>Das <a href=\"https:\/\/clk.tradedoubler.com\/click?p=290994&amp;a=747172&amp;url=https%3A%2F%2Fwww.ikea.com%2Fde%2Fde%2Fp%2Fvaestmaerke-ladepad-30598210%2F\">Ladepad V\u00c4STM\u00c4RKE<\/a> wird ohne Netzteil zum Preis von 9,99 Euro angeboten.<\/p>\n<h2>Ladehalter V\u00c4STM\u00c4RKE<\/h2>\n<p>Drittes neues Produkt in der Reihe ist der <a href=\"https:\/\/clk.tradedoubler.com\/click?p=290994&amp;a=747172&amp;url=https%3A%2F%2Fwww.ikea.com%2Fde%2Fde%2Fp%2Fvaestmaerke-ladehalter-kabellos-10598211%2F\">Ladehalter V\u00c4STM\u00c4RKE<\/a>. Hierbei handelt es sich um einen Sockel aus Kork, an dem das iPhone oder andere kompatible Smartphones magnetisch befestigt und geladen werden k\u00f6nnen.<\/p>\n<p><a href=\"https:\/\/images.iphone-ticker.de\/wp-content\/uploads\/2025\/12\/vaestmaerke-ladehalter-kabellos.jpg\"><img loading=\"lazy\" decoding=\"async\" src=\"https:\/\/images.iphone-ticker.de\/wp-content\/uploads\/2025\/12\/vaestmaerke-ladehalter-kabellos-700x700.jpg\" alt=\"Vaestmaerke Ladehalter Kabellos\" width=\"700\" height=\"700\" class=\"alignnone size-large wp-image-269767\" srcset=\"https:\/\/images.iphone-ticker.de\/wp-content\/uploads\/2025\/12\/vaestmaerke-ladehalter-kabellos-700x700.jpg 700w, https:\/\/images.iphone-ticker.de\/wp-content\/uploads\/2025\/12\/vaestmaerke-ladehalter-kabellos-500x500.jpg 500w, https:\/\/images.iphone-ticker.de\/wp-content\/uploads\/2025\/12\/vaestmaerke-ladehalter-kabellos-150x150.jpg 150w, https:\/\/images.iphone-ticker.de\/wp-content\/uploads\/2025\/12\/vaestmaerke-ladehalter-kabellos.jpg 900w\" sizes=\"auto, (max-width: 700px) 100vw, 700px\" \/><\/a><\/p>\n<p>Die Ger\u00e4te k\u00f6nnen dabei sowohl im Hoch- als auch im Querformat platziert werden und dank der angewinkelten Halterung soll man auch dann einen guten Blick auf das Display haben, wenn das Ger\u00e4t auf dem Schreibtisch oder am Bett genutzt wird.<\/p>\n<p>Der <a href=\"https:\/\/clk.tradedoubler.com\/click?p=290994&amp;a=747172&amp;url=https%3A%2F%2Fwww.ikea.com%2Fde%2Fde%2Fp%2Fvaestmaerke-ladehalter-kabellos-10598211%2F\">Ladehalter V\u00c4STM\u00c4RKE<\/a> l\u00e4sst sich zum Preis von 12,99 Euro bei IKEA bestellen.<img loading=\"lazy\" decoding=\"async\" src=\"https:\/\/vg02.met.vgwort.de\/na\/e052028390fa4dd98e9d388a5c6ea984\" width=\"1\" height=\"1\" no-lazy class=\"tracking\"><\/p>\n<p><h8>Danke Simon<\/h8><\/p>\n","protected":false},"excerpt":{"rendered":"<a href=\"https:\/\/www.iphone-ticker.de\/ikea-stellt-drei-extravagante-qi-ladegeraete-vor-269762\/\"><img width=\"150\" height=\"150\" src=\"https:\/\/images.iphone-ticker.de\/wp-content\/uploads\/2025\/12\/vaestmaerke-ladehalter-kabellos-150x150.jpg\" class=\"alignright tfe wp-post-image\" alt=\"Vaestmaerke Ladehalter Kabellos\" decoding=\"async\" loading=\"lazy\" srcset=\"https:\/\/images.iphone-ticker.de\/wp-content\/uploads\/2025\/12\/vaestmaerke-ladehalter-kabellos-150x150.jpg 150w, https:\/\/images.iphone-ticker.de\/wp-content\/uploads\/2025\/12\/vaestmaerke-ladehalter-kabellos-500x500.jpg 500w, https:\/\/images.iphone-ticker.de\/wp-content\/uploads\/2025\/12\/vaestmaerke-ladehalter-kabellos-700x700.jpg 700w, https:\/\/images.iphone-ticker.de\/wp-content\/uploads\/2025\/12\/vaestmaerke-ladehalter-kabellos.jpg 900w\" sizes=\"auto, (max-width: 150px) 100vw, 150px\" \/><\/a><p>IKEA zeigt sich sehr umtriebig, wenn es um Zubeh\u00f6r f\u00fcr Mobilger\u00e4te und Smarthome-Installationen geht. Das Einrichtungshaus hat eben erst einen Stapel neuer, mit Matter kompatibler Produkte vorgestellt. Jetzt macht uns ein Leser auf drei neue kontaktlose Ladeger\u00e4te von IKEA aufmerksam, die unter dem Namen V\u00c4STM\u00c4RKE angeboten werden und nicht nur optisch auffallen, sondern zum Teil [&hellip;]<\/p>\n","protected":false},"author":2,"featured_media":269767,"comment_status":"open","ping_status":"closed","sticky":false,"template":"","format":"standard","meta":{"footnotes":""},"categories":[1,1975],"tags":[341,45],"class_list":["post-269762","post","type-post","status-publish","format-standard","has-post-thumbnail","hentry","category-news","category-feature","tag-ikea","tag-ladegerat"],"aioseo_notices":[],"subheadline":["F\u00fcr zuhause und unterwegs"],"featured_image":["https:\/\/images.iphone-ticker.de\/wp-content\/uploads\/2025\/12\/ikea-vasetmarke-feature.jpg"],"rest_api_enabler":{"subheadline":"F\u00fcr zuhause und unterwegs","featured_image":"https:\/\/images.iphone-ticker.de\/wp-content\/uploads\/2025\/12\/ikea-vasetmarke-feature.jpg"},"_links":{"self":[{"href":"https:\/\/www.iphone-ticker.de\/apiv2\/wp\/v2\/posts\/269762","targetHints":{"allow":["GET"]}}],"collection":[{"href":"https:\/\/www.iphone-ticker.de\/apiv2\/wp\/v2\/posts"}],"about":[{"href":"https:\/\/www.iphone-ticker.de\/apiv2\/wp\/v2\/types\/post"}],"author":[{"embeddable":true,"href":"https:\/\/www.iphone-ticker.de\/apiv2\/wp\/v2\/users\/2"}],"replies":[{"embeddable":true,"href":"https:\/\/www.iphone-ticker.de\/apiv2\/wp\/v2\/comments?post=269762"}],"version-history":[{"count":3,"href":"https:\/\/www.iphone-ticker.de\/apiv2\/wp\/v2\/posts\/269762\/revisions"}],"predecessor-version":[{"id":269771,"href":"https:\/\/www.iphone-ticker.de\/apiv2\/wp\/v2\/posts\/269762\/revisions\/269771"}],"wp:featuredmedia":[{"embeddable":true,"href":"https:\/\/www.iphone-ticker.de\/apiv2\/wp\/v2\/media\/269767"}],"wp:attachment":[{"href":"https:\/\/www.iphone-ticker.de\/apiv2\/wp\/v2\/media?parent=269762"}],"wp:term":[{"taxonomy":"category","embeddable":true,"href":"https:\/\/www.iphone-ticker.de\/apiv2\/wp\/v2\/categories?post=269762"},{"taxonomy":"post_tag","embeddable":true,"href":"https:\/\/www.iphone-ticker.de\/apiv2\/wp\/v2\/tags?post=269762"}],"curies":[{"name":"wp","href":"https:\/\/api.w.org\/{rel}","templated":true}]}}