{"id":269693,"date":"2025-12-11T15:54:51","date_gmt":"2025-12-11T14:54:51","guid":{"rendered":"https:\/\/www.iphone-ticker.de\/?p=269693"},"modified":"2025-12-19T07:17:47","modified_gmt":"2025-12-19T06:17:47","slug":"personalausweis-ab-januar-2027-digital-auf-dem-iphone","status":"publish","type":"post","link":"https:\/\/www.iphone-ticker.de\/personalausweis-ab-januar-2027-digital-auf-dem-iphone-269693\/","title":{"rendered":"Personalausweis ab Januar 2027 digital auf dem iPhone"},"content":{"rendered":"<p>Eben erst haben wir dar\u00fcber <a href=\"https:\/\/www.iphone-ticker.de\/ikfz-app-digitaler-fuehrerschein-kommt-voraussichtlich-ende-2026-269646\/\">berichtet<\/a>, dass vom Ende kommenden Jahres an eine digitale Version des F\u00fchrerscheins in die iKfz-App integriert werden soll. Erg\u00e4nzend dazu weist uns nun ein Leser darauf hin, dass der Bundesminister f\u00fcr Digitales und Staatsmodernisierung Karsten Wildberger nun auch ein konkretes Datum f\u00fcr das Projekt Personalausweis auf dem Handy genannt hat. Vom 2. Januar 2027 sollen Bundesb\u00fcrger die M\u00f6glichkeit haben, die klassische Plastikkarte zuhause zu lassen und sich stattdessen mit dem iPhone oder einem Android-Ger\u00e4t ausweisen k\u00f6nnen.<\/p>\n<p>Der CDU-Minister hat diesen Stichtag in der ZDF-Sendung \u201eDeutschlands B\u00fcrokratieh\u00fcrden &#8211; Schaffen wir die digitale Wende?\u201c genannt, die am gestrigen Mittwoch ausgestrahlt wurde.<\/p>\n<p><div class=\"responsive-video\"><iframe src=\"https:\/\/www.iphone-ticker.de\/yt\/index.html?v=00dgpT_oAXc\" allow=\"autoplay; fullscreen; picture-in-picture; encrypted-media\" referrerpolicy=\"strict-origin-when-cross-origin\" allowfullscreen><\/iframe><\/div><\/p>\n<h2>Wallet f\u00fcr Ausweise und mehr<\/h2>\n<p>Wildbergers Worten zufolge soll ab 2027 eine digitale Brieftasche verf\u00fcgbar sein, in der zun\u00e4chst Ausweis, F\u00fchrerschein, Fahrzeugschein und Versicherungskarten hinterlegt werden k\u00f6nnen. Weitere Dokumenttypen sollen anschlie\u00dfend in regelm\u00e4\u00dfigen Abst\u00e4nden folgen. Die Wallet sei als besonders sichere L\u00f6sung auf dem Smartphone geplant und soll als Grundlage f\u00fcr zahlreiche digitale Prozesse dienen.<\/p>\n<p>Ziel sei es, allt\u00e4gliche Vorg\u00e4nge wie die Er\u00f6ffnung eines Bankkontos oder eines Mobilfunkvertrags deutlich zu vereinfachen. Auch Verfahren zur Identit\u00e4tspr\u00fcfung, wie sie beispielsweise von Banken verwendet werden, sollen ebenfalls darauf aufsetzen k\u00f6nnen. Insgesamt entstehe so ein System, das unterschiedlichste Alltagssituationen beschleunigen und vereinfachen soll.<\/p>\n<h2>Regierung erf\u00fcllt damit EU-Vorgabe<\/h2>\n<p>Der geplante Start der Anwendung zum Jahresbeginn 2027 d\u00fcrfte allerdings nicht ganz aus der Luft gegriffen sein. Wenn man so will, kommt die Idee der staatlichen Wallet n\u00e4mlich von der EU: Diese hat ihren Mitgliedsl\u00e4ndern n\u00e4mlich die Vorgabe gemacht, bis Ende 2026 eine digitale Wallet f\u00fcr Ausweisdokumente bereitzustellen. Jetzt hei\u00dft es abwarten, ob die Bundesregierung dieses Ziel auch tats\u00e4chlich einhalten kann.<img loading=\"lazy\" decoding=\"async\" src=\"https:\/\/vg02.met.vgwort.de\/na\/2d99e07cf02546d780f01d0fc88f371c\" width=\"1\" height=\"1\" no-lazy class=\"tracking\"><\/p>\n","protected":false},"excerpt":{"rendered":"<a href=\"https:\/\/www.iphone-ticker.de\/personalausweis-ab-januar-2027-digital-auf-dem-iphone-269693\/\"><img decoding=\"async\" width=\"150\" src=\"https:\/\/vg02.met.vgwort.de\/na\/2d99e07cf02546d780f01d0fc88f371c\" class=\"alignright wp-post-image tfe\" alt=\"\" title=\"\" \/><\/a><p>Eben erst haben wir dar\u00fcber berichtet, dass vom Ende kommenden Jahres an eine digitale Version des F\u00fchrerscheins in die iKfz-App integriert werden soll. Erg\u00e4nzend dazu weist uns nun ein Leser darauf hin, dass der Bundesminister f\u00fcr Digitales und Staatsmodernisierung Karsten Wildberger nun auch ein konkretes Datum f\u00fcr das Projekt Personalausweis auf dem Handy genannt hat. [&hellip;]<\/p>\n","protected":false},"author":2,"featured_media":0,"comment_status":"open","ping_status":"closed","sticky":false,"template":"","format":"standard","meta":{"footnotes":""},"categories":[1,1975],"tags":[3846,3398],"class_list":["post-269693","post","type-post","status-publish","format-standard","hentry","category-news","category-feature","tag-personalausweis","tag-wallet"],"aioseo_notices":[],"subheadline":["Digitalminister nennt Stichtag"],"featured_image":["https:\/\/images.iphone-ticker.de\/wp-content\/uploads\/2021\/09\/perso-smartphone-feature.jpg","https:\/\/images.iphone-ticker.de\/wp-content\/uploads\/2021\/09\/perso-smartphone-feature.jpg"],"rest_api_enabler":{"subheadline":"Digitalminister nennt Stichtag","featured_image":["https:\/\/images.iphone-ticker.de\/wp-content\/uploads\/2021\/09\/perso-smartphone-feature.jpg","https:\/\/images.iphone-ticker.de\/wp-content\/uploads\/2021\/09\/perso-smartphone-feature.jpg"]},"_links":{"self":[{"href":"https:\/\/www.iphone-ticker.de\/apiv2\/wp\/v2\/posts\/269693","targetHints":{"allow":["GET"]}}],"collection":[{"href":"https:\/\/www.iphone-ticker.de\/apiv2\/wp\/v2\/posts"}],"about":[{"href":"https:\/\/www.iphone-ticker.de\/apiv2\/wp\/v2\/types\/post"}],"author":[{"embeddable":true,"href":"https:\/\/www.iphone-ticker.de\/apiv2\/wp\/v2\/users\/2"}],"replies":[{"embeddable":true,"href":"https:\/\/www.iphone-ticker.de\/apiv2\/wp\/v2\/comments?post=269693"}],"version-history":[{"count":12,"href":"https:\/\/www.iphone-ticker.de\/apiv2\/wp\/v2\/posts\/269693\/revisions"}],"predecessor-version":[{"id":269706,"href":"https:\/\/www.iphone-ticker.de\/apiv2\/wp\/v2\/posts\/269693\/revisions\/269706"}],"wp:attachment":[{"href":"https:\/\/www.iphone-ticker.de\/apiv2\/wp\/v2\/media?parent=269693"}],"wp:term":[{"taxonomy":"category","embeddable":true,"href":"https:\/\/www.iphone-ticker.de\/apiv2\/wp\/v2\/categories?post=269693"},{"taxonomy":"post_tag","embeddable":true,"href":"https:\/\/www.iphone-ticker.de\/apiv2\/wp\/v2\/tags?post=269693"}],"curies":[{"name":"wp","href":"https:\/\/api.w.org\/{rel}","templated":true}]}}