{"id":26764,"date":"2011-10-21T10:18:31","date_gmt":"2011-10-21T08:18:31","guid":{"rendered":"http:\/\/www.iphone-ticker.de\/?p=26764"},"modified":"2011-10-21T10:19:14","modified_gmt":"2011-10-21T08:19:14","slug":"iphone-4s-oesterreich-schwei","status":"publish","type":"post","link":"https:\/\/www.iphone-ticker.de\/iphone-4s-oesterreich-schwei-26764\/","title":{"rendered":"Vorbestellungsstart f\u00fcr iPhone 4S in \u00d6sterreich und der Schweiz"},"content":{"rendered":"<p>N\u00e4chsten Freitag kommt das iPhone 4S endlich auch in unseren Nachbarl\u00e4ndern \u00d6sterreich und Schweiz in den Handel. Seit heute fr\u00fch lassen sich die Ger\u00e4te dort bereits vorbestellen, sowohl der <a href=\"http:\/\/clkde.tradedoubler.com\/click?p(21664)a(1844030)g(16733532)\">Apple Store Schweiz<\/a> als auch der <a href=\"http:\/\/clk.tradedoubler.com\/click?p=51153&#038;a=747172&#038;g=17982080&#038;url=http:\/\/store.apple.com\/at\/go\/home\">Apple Store \u00d6sterreich<\/a> geben die Wartezeit bis zur Lieferung allerdings jetzt schon mit 1 bis 2 Wochen an.<\/p>\n<p><img loading=\"lazy\" decoding=\"async\" src=\"http:\/\/www.iphone-ticker.de\/wp-content\/uploads\/2011\/10\/iphone_ch.jpg\" alt=\"\" title=\"iphone_ch\" width=\"464\" height=\"90\" class=\"alignnone size-full wp-image-26765\" srcset=\"https:\/\/images.iphone-ticker.de\/wp-content\/uploads\/2011\/10\/iphone_ch.jpg 464w, https:\/\/images.iphone-ticker.de\/wp-content\/uploads\/2011\/10\/iphone_ch-300x58.jpg 300w\" sizes=\"auto, (max-width: 464px) 100vw, 464px\" \/><\/p>\n<p>Alternativ zu einer Bestellung besteht zumindest in der Schweiz die M\u00f6glichkeit, sich rechtzeitig vor einem der drei dortigen Apple-Ladengesch\u00e4fte in Genf oder Z\u00fcrich anzustellen.<\/p>\n","protected":false},"excerpt":{"rendered":"<a href=\"https:\/\/www.iphone-ticker.de\/iphone-4s-oesterreich-schwei-26764\/\"><img decoding=\"async\" width=\"150\" src=\"http:\/\/www.iphone-ticker.de\/wp-content\/uploads\/2011\/10\/iphone_ch.jpg\" class=\"alignright wp-post-image tfe\" alt=\"\" title=\"iphone_ch\" \/><\/a><p>N\u00e4chsten Freitag kommt das iPhone 4S endlich auch in unseren Nachbarl\u00e4ndern \u00d6sterreich und Schweiz in den Handel. Seit heute fr\u00fch lassen sich die Ger\u00e4te dort bereits vorbestellen, sowohl der Apple Store Schweiz als auch der Apple Store \u00d6sterreich geben die Wartezeit bis zur Lieferung allerdings jetzt schon mit 1 bis 2 Wochen an. Alternativ zu [&hellip;]<\/p>\n","protected":false},"author":2,"featured_media":0,"comment_status":"open","ping_status":"closed","sticky":false,"template":"","format":"standard","meta":{"footnotes":""},"categories":[749],"tags":[837,155,157,947,993],"class_list":["post-26764","post","type-post","status-publish","format-standard","hentry","category-iphone-2","tag-iphone-4s","tag-osterreich","tag-schweiz","tag-verkaufsstart","tag-vorbestellung"],"aioseo_notices":[],"rest_api_enabler":[],"_links":{"self":[{"href":"https:\/\/www.iphone-ticker.de\/apiv2\/wp\/v2\/posts\/26764","targetHints":{"allow":["GET"]}}],"collection":[{"href":"https:\/\/www.iphone-ticker.de\/apiv2\/wp\/v2\/posts"}],"about":[{"href":"https:\/\/www.iphone-ticker.de\/apiv2\/wp\/v2\/types\/post"}],"author":[{"embeddable":true,"href":"https:\/\/www.iphone-ticker.de\/apiv2\/wp\/v2\/users\/2"}],"replies":[{"embeddable":true,"href":"https:\/\/www.iphone-ticker.de\/apiv2\/wp\/v2\/comments?post=26764"}],"version-history":[{"count":2,"href":"https:\/\/www.iphone-ticker.de\/apiv2\/wp\/v2\/posts\/26764\/revisions"}],"predecessor-version":[{"id":26767,"href":"https:\/\/www.iphone-ticker.de\/apiv2\/wp\/v2\/posts\/26764\/revisions\/26767"}],"wp:attachment":[{"href":"https:\/\/www.iphone-ticker.de\/apiv2\/wp\/v2\/media?parent=26764"}],"wp:term":[{"taxonomy":"category","embeddable":true,"href":"https:\/\/www.iphone-ticker.de\/apiv2\/wp\/v2\/categories?post=26764"},{"taxonomy":"post_tag","embeddable":true,"href":"https:\/\/www.iphone-ticker.de\/apiv2\/wp\/v2\/tags?post=26764"}],"curies":[{"name":"wp","href":"https:\/\/api.w.org\/{rel}","templated":true}]}}