{"id":267154,"date":"2025-10-31T09:42:51","date_gmt":"2025-10-31T08:42:51","guid":{"rendered":"https:\/\/www.iphone-ticker.de\/?p=267154"},"modified":"2025-10-31T10:16:02","modified_gmt":"2025-10-31T09:16:02","slug":"eu-rudert-bei-chat-kontrolle-zurueck-verpflichtung-soll-fallen","status":"publish","type":"post","link":"https:\/\/www.iphone-ticker.de\/eu-rudert-bei-chat-kontrolle-zurueck-verpflichtung-soll-fallen-267154\/","title":{"rendered":"EU rudert bei Chat-Kontrolle zur\u00fcck: Verpflichtung soll fallen"},"content":{"rendered":"<p>Die EU will im Streit um das Gesetz zur Chatkontrolle offenbar einen Schritt zur\u00fcckgehen. Wie der d\u00e4nische Justizminister Peter Hummelgaard Medien gegen\u00fcber <a href=\"https:\/\/www.euractiv.com\/news\/danish-presidency-backs-away-from-chat-control\/\">mitgeteilt<\/a> hat, soll die Verpflichtung f\u00fcr Online-Dienste zur automatischen Erkennung solcher Inhalte nicht weiterverfolgt werden. Stattdessen wolle man an einer freiwilligen L\u00f6sung festhalten.<\/p>\n<p>D\u00e4nemark hat derzeit den Vorsitz im EU-Rat und hat laut Hummelgaard nun ein \u00fcberarbeitetes Diskussionspapier an die Mitgliedstaaten verteilt, um die M\u00f6glichkeiten f\u00fcr einen Kompromiss auszuloten. Ziel sei es, eine Einigung zu erreichen, bevor die derzeitige Rechtsgrundlage ausl\u00e4uft. Die aktuelle Regelung sieht hier keine Verpflichtung vor, sondern erlaubt lediglich freiwillige Kontrollen. Diese Vorgabe l\u00e4uft jedoch Ende April aus.<\/p>\n<p><a href=\"https:\/\/images.iphone-ticker.de\/wp-content\/uploads\/2025\/10\/hummelgaard-eu.jpg\"><img loading=\"lazy\" decoding=\"async\" src=\"https:\/\/images.iphone-ticker.de\/wp-content\/uploads\/2025\/10\/hummelgaard-eu-700x466.jpg\" alt=\"Hummelgaard Eu\" width=\"700\" height=\"466\" class=\"alignnone size-large wp-image-267156\" srcset=\"https:\/\/images.iphone-ticker.de\/wp-content\/uploads\/2025\/10\/hummelgaard-eu-700x466.jpg 700w, https:\/\/images.iphone-ticker.de\/wp-content\/uploads\/2025\/10\/hummelgaard-eu-500x333.jpg 500w, https:\/\/images.iphone-ticker.de\/wp-content\/uploads\/2025\/10\/hummelgaard-eu.jpg 1000w\" sizes=\"auto, (max-width: 700px) 100vw, 700px\" \/><\/a><\/p>\n<h6>Peter Hummelgaard (Bild: EU)<\/h6>\n<p>Das urspr\u00fcngliche Vorhaben der EU-Kommission sieht vor, dass Plattformen wie Messenger-Dienste oder Cloud-Anbieter dazu verpflichtet werden k\u00f6nnen, Inhalte ihrer Nutzer automatisiert nach Hinweisen auf Missbrauchsdarstellungen zu durchsuchen, und zwar auch dann, wenn diese durch Ende-zu-Ende-Verschl\u00fcsselung gesch\u00fctzt sind. Die hierf\u00fcr ben\u00f6tigte Hintert\u00fcr w\u00fcrde die Vollverschl\u00fcsselung ad absurdum f\u00fchren und einem tiefgreifenden Einschnitt in den Datenschutz und die Kommunikationsfreiheit gleichkommen. Kritiker bef\u00fcrchten zudem, dass die damit verkn\u00fcpften \u00dcberwachungsm\u00f6glichkeiten auch missbr\u00e4uchlich genutzt werden.<\/p>\n<h2>Offene Fragen bleiben<\/h2>\n<p>Der Vorschlag aus D\u00e4nemark kann Kritiker der Chatverschl\u00fcsselung zun\u00e4chst aufatmen lassen, wirft aber neue Fragen auf. Statt verpflichtender Massenkontrollen soll die Verantwortung f\u00fcr m\u00f6gliche \u00dcberpr\u00fcfungen k\u00fcnftig bei den Anbietern liegen.<\/p>\n<p>Der Jurist und ehemalige Europaabgeordnete der Piratenpartei <a href=\"https:\/\/www.patrick-breyer.de\/halbguter-neuer-daenischer-vorschlag-zur-freiwilligen-chatkontrolle\/\">Patrick Breyer<\/a> bezeichnet die d\u00e4nische Initiative als Triumph der digitalen Freiheitsbewegung und einen gro\u00dfen Sprung nach vorn zur Verteidigung unseres digitalen Briefgeheimnisses, sieht damit verbunden aber neue Probleme. Auch sei ist fraglich, in welcher Form sich eine \u201efreiwillige\u201c \u00dcberwachung durch die Anbieter mit dem Schutz der Nutzerdaten vereinbaren l\u00e4sst. Breyer weist zudem darauf hin, dass der neue Vorschlag weiterhin das Verbot einer anonymen Nutzung von E-Mail- oder Messenger-Diensten umfasst.<img loading=\"lazy\" decoding=\"async\" src=\"https:\/\/vg07.met.vgwort.de\/na\/cd758fc80cfe405abc3c81ee19121e56\" width=\"1\" height=\"1\" no-lazy class=\"tracking\"><\/p>\n","protected":false},"excerpt":{"rendered":"<a href=\"https:\/\/www.iphone-ticker.de\/eu-rudert-bei-chat-kontrolle-zurueck-verpflichtung-soll-fallen-267154\/\"><img width=\"150\" height=\"150\" src=\"https:\/\/images.iphone-ticker.de\/wp-content\/uploads\/2025\/10\/hummelgaard-eu-150x150.jpg\" class=\"alignright tfe wp-post-image\" alt=\"Hummelgaard Eu\" decoding=\"async\" loading=\"lazy\" \/><\/a><p>Die EU will im Streit um das Gesetz zur Chatkontrolle offenbar einen Schritt zur\u00fcckgehen. Wie der d\u00e4nische Justizminister Peter Hummelgaard Medien gegen\u00fcber mitgeteilt hat, soll die Verpflichtung f\u00fcr Online-Dienste zur automatischen Erkennung solcher Inhalte nicht weiterverfolgt werden. Stattdessen wolle man an einer freiwilligen L\u00f6sung festhalten. D\u00e4nemark hat derzeit den Vorsitz im EU-Rat und hat laut [&hellip;]<\/p>\n","protected":false},"author":2,"featured_media":267156,"comment_status":"open","ping_status":"closed","sticky":false,"template":"","format":"standard","meta":{"footnotes":""},"categories":[1],"tags":[6827,672,292],"class_list":["post-267154","post","type-post","status-publish","format-standard","has-post-thumbnail","hentry","category-news","tag-chatkontrolle","tag-datenschutz","tag-europa"],"aioseo_notices":[],"subheadline":["Neuer Vorschlag aus D\u00e4nemark"],"featured_image":["https:\/\/images.iphone-ticker.de\/wp-content\/uploads\/2023\/02\/smartphones-feature.jpg"],"rest_api_enabler":{"subheadline":"Neuer Vorschlag aus D\u00e4nemark","featured_image":"https:\/\/images.iphone-ticker.de\/wp-content\/uploads\/2023\/02\/smartphones-feature.jpg"},"_links":{"self":[{"href":"https:\/\/www.iphone-ticker.de\/apiv2\/wp\/v2\/posts\/267154","targetHints":{"allow":["GET"]}}],"collection":[{"href":"https:\/\/www.iphone-ticker.de\/apiv2\/wp\/v2\/posts"}],"about":[{"href":"https:\/\/www.iphone-ticker.de\/apiv2\/wp\/v2\/types\/post"}],"author":[{"embeddable":true,"href":"https:\/\/www.iphone-ticker.de\/apiv2\/wp\/v2\/users\/2"}],"replies":[{"embeddable":true,"href":"https:\/\/www.iphone-ticker.de\/apiv2\/wp\/v2\/comments?post=267154"}],"version-history":[{"count":3,"href":"https:\/\/www.iphone-ticker.de\/apiv2\/wp\/v2\/posts\/267154\/revisions"}],"predecessor-version":[{"id":267161,"href":"https:\/\/www.iphone-ticker.de\/apiv2\/wp\/v2\/posts\/267154\/revisions\/267161"}],"wp:featuredmedia":[{"embeddable":true,"href":"https:\/\/www.iphone-ticker.de\/apiv2\/wp\/v2\/media\/267156"}],"wp:attachment":[{"href":"https:\/\/www.iphone-ticker.de\/apiv2\/wp\/v2\/media?parent=267154"}],"wp:term":[{"taxonomy":"category","embeddable":true,"href":"https:\/\/www.iphone-ticker.de\/apiv2\/wp\/v2\/categories?post=267154"},{"taxonomy":"post_tag","embeddable":true,"href":"https:\/\/www.iphone-ticker.de\/apiv2\/wp\/v2\/tags?post=267154"}],"curies":[{"name":"wp","href":"https:\/\/api.w.org\/{rel}","templated":true}]}}