{"id":267036,"date":"2025-10-29T15:05:23","date_gmt":"2025-10-29T14:05:23","guid":{"rendered":"https:\/\/www.iphone-ticker.de\/?p=267036"},"modified":"2025-10-29T16:01:54","modified_gmt":"2025-10-29T15:01:54","slug":"verkehrsminister-diskutieren-ueber-ladepreise-fuer-elektroautos","status":"publish","type":"post","link":"https:\/\/www.iphone-ticker.de\/verkehrsminister-diskutieren-ueber-ladepreise-fuer-elektroautos-267036\/","title":{"rendered":"Verkehrsminister diskutieren \u00fcber Ladepreise f\u00fcr Elektroautos"},"content":{"rendered":"<p>Bei der heute und morgen im bayerischen Straubing stattfindenden Verkehrsministerkonferenz ist die mangelnde Transparenz beim Laden an Elektrotankstellen Thema. Erneut wird dabei \u00fcber die zum Teil stark \u00fcberh\u00f6hten Preise an \u00f6ffentlichen Lades\u00e4ulen diskutiert. Der Verkehrsminister von Baden-W\u00fcrttemberg Winfried Hermann fordert hier nun eine klare und verbindliche Regelung. Laut der <a href=\"https:\/\/www.tagesschau.de\/inland\/regional\/badenwuerttemberg\/swr-preis-wirrwarr-an-der-ladesaeule-bw-will-mehr-transparenz-beim-laden-von-e-autos-100.html\">Tagesschau<\/a> w\u00e4re es Hermann am liebsten, wenn die Ladepreise bereits in den Navigations-Apps angezeigt w\u00fcrden.<\/p>\n<p>Hermann kritisiert die enormen Preisunterschiede, die sich beim Laden von Elektrofahrzeugen nicht nur dadurch ergeben, ob man einen Vertrag mit dem Anbieter hat, sondern auch welche Karte man zum Bezahlen verwendet. Der <a href=\"https:\/\/www.adac.de\/rund-ums-fahrzeug\/elektromobilitaet\/laden\/ad-hoc-laden-an-autobahnen\/\">ADAC<\/a> kam bei einer Untersuchung zu dem Ergebnis, dass Nutzer ohne Vertragsbindung bis zu 62 Prozent mehr bezahlen mussten. Der H\u00f6chstpreis f\u00fcr eine Kilowattstunde lag bei dem im Juli durchgef\u00fchrten Test bei stolzen 84 Cent.<\/p>\n<p><a href=\"https:\/\/images.ifun.de\/wp-content\/uploads\/2025\/06\/elektrotanken.jpg\"><img loading=\"lazy\" decoding=\"async\" src=\"https:\/\/images.ifun.de\/wp-content\/uploads\/2025\/06\/elektrotanken-700x484.jpg\" alt=\"Elektrotanken\" width=\"700\" height=\"484\" class=\"alignnone size-large wp-image-257800\" \/><\/a><\/p>\n<h6>Bild: <a href=\"https:\/\/www.pexels.com\/de-de\/@kindelmedia\/\">Kindel Media<\/a><\/h6>\n<p>Hermann bezeichnet eine solche Preisgestaltung als Wucher und verlangt, dass die Anbieter ihre Preisdaten offenlegen m\u00fcssen. Diese Ma\u00dfnahmen sind zum Teil bereits in einer EU-Verordnung enthalten, die Anbietern vorschreibt, dass die Preise direkt an der Lades\u00e4ule ersichtlich sein m\u00fcssen. Allerdings haben die Anbieter bis Ende n\u00e4chsten Jahres Zeit, um diese Vorgabe umzusetzen.<\/p>\n<h2>Doppelmoral der Energiekonzerne<\/h2>\n<p>Die von Hermann geforderten Ma\u00dfnahmen tragen allerdings nicht dazu bei, die generell zum Teil v\u00f6llig \u00fcberzogenen Preisgestaltung an den Elektrolades\u00e4ulen in geordnete Bahnen zu lenken. Wir hatten uns bereits im Sommer mit dem Thema <a href=\"https:\/\/www.ifun.de\/ueberzogene-preise-an-elektrotankstellen-regulierung-noetig-257798\/\" title=\"\u00dcberzogene Preise an Elektrotankstellen: Regulierung n\u00f6tig\">auseinandergesetzt<\/a> und auf die widerspr\u00fcchliche Argumentation der Betreiber hingewiesen. Es sind vor allem die gro\u00dfen Energiekonzerne, die sich \u00fcber mangelnde Nutzung ihrer Lades\u00e4ulen beschweren, dort aber zum Teil pro Kilowattstunde das Dreifache jener Preise berechnen, die ihre eigenen Kunden bezahlen, wenn sie das Auto zuhause tanken.<\/p>\n<p>Es ist kaum anzunehmen, dass die Konzerne freiwillig auf diese Gewinne verzichte. W\u00fcnschenswert w\u00e4ren verpflichtende dynamische Preise, die vor allem auch die \u00dcberproduktion an Tagen mit viel Wind und Sonne ber\u00fccksichtigen. Dies sollte eigentlich auch im Sinne der Energieanbieter sein, die sich ja bereits lautstark \u00fcber die Kapazit\u00e4tsgrenzen ihrer Netze beschweren. Auch dem Verbraucherzentrale Bundesverband zufolge ist eine staatliche Regulierung in diesem Segment dringend n\u00f6tig.<img loading=\"lazy\" decoding=\"async\" src=\"https:\/\/vg05.met.vgwort.de\/na\/eb4adb959e9c40eabd1bc4c3d4a8a01d\" width=\"1\" height=\"1\" no-lazy class=\"tracking\"><\/p>\n","protected":false},"excerpt":{"rendered":"<a href=\"https:\/\/www.iphone-ticker.de\/verkehrsminister-diskutieren-ueber-ladepreise-fuer-elektroautos-267036\/\"><img decoding=\"async\" width=\"150\" src=\"https:\/\/images.ifun.de\/wp-content\/uploads\/2025\/06\/elektrotanken-700x484.jpg\" class=\"alignright wp-post-image tfe\" alt=\"Elektrotanken\" title=\"\" \/><\/a><p>Bei der heute und morgen im bayerischen Straubing stattfindenden Verkehrsministerkonferenz ist die mangelnde Transparenz beim Laden an Elektrotankstellen Thema. Erneut wird dabei \u00fcber die zum Teil stark \u00fcberh\u00f6hten Preise an \u00f6ffentlichen Lades\u00e4ulen diskutiert. Der Verkehrsminister von Baden-W\u00fcrttemberg Winfried Hermann fordert hier nun eine klare und verbindliche Regelung. Laut der Tagesschau w\u00e4re es Hermann am liebsten, [&hellip;]<\/p>\n","protected":false},"author":2,"featured_media":0,"comment_status":"open","ping_status":"closed","sticky":false,"template":"","format":"standard","meta":{"footnotes":""},"categories":[1],"tags":[7020,6588,6182],"class_list":["post-267036","post","type-post","status-publish","format-standard","hentry","category-news","tag-elektromobilitaet","tag-elektrotankstellen","tag-ladesaeulen"],"aioseo_notices":[],"subheadline":["\"Kosten am besten in der Navi-App anzeigen\""],"featured_image":["https:\/\/images.ifun.de\/wp-content\/uploads\/2025\/06\/elektro-laden-feature.jpg","https:\/\/images.ifun.de\/wp-content\/uploads\/2025\/06\/elektro-laden-feature.jpg"],"rest_api_enabler":{"subheadline":"\"Kosten am besten in der Navi-App anzeigen\"","featured_image":["https:\/\/images.ifun.de\/wp-content\/uploads\/2025\/06\/elektro-laden-feature.jpg","https:\/\/images.ifun.de\/wp-content\/uploads\/2025\/06\/elektro-laden-feature.jpg"]},"_links":{"self":[{"href":"https:\/\/www.iphone-ticker.de\/apiv2\/wp\/v2\/posts\/267036","targetHints":{"allow":["GET"]}}],"collection":[{"href":"https:\/\/www.iphone-ticker.de\/apiv2\/wp\/v2\/posts"}],"about":[{"href":"https:\/\/www.iphone-ticker.de\/apiv2\/wp\/v2\/types\/post"}],"author":[{"embeddable":true,"href":"https:\/\/www.iphone-ticker.de\/apiv2\/wp\/v2\/users\/2"}],"replies":[{"embeddable":true,"href":"https:\/\/www.iphone-ticker.de\/apiv2\/wp\/v2\/comments?post=267036"}],"version-history":[{"count":4,"href":"https:\/\/www.iphone-ticker.de\/apiv2\/wp\/v2\/posts\/267036\/revisions"}],"predecessor-version":[{"id":267044,"href":"https:\/\/www.iphone-ticker.de\/apiv2\/wp\/v2\/posts\/267036\/revisions\/267044"}],"wp:attachment":[{"href":"https:\/\/www.iphone-ticker.de\/apiv2\/wp\/v2\/media?parent=267036"}],"wp:term":[{"taxonomy":"category","embeddable":true,"href":"https:\/\/www.iphone-ticker.de\/apiv2\/wp\/v2\/categories?post=267036"},{"taxonomy":"post_tag","embeddable":true,"href":"https:\/\/www.iphone-ticker.de\/apiv2\/wp\/v2\/tags?post=267036"}],"curies":[{"name":"wp","href":"https:\/\/api.w.org\/{rel}","templated":true}]}}