{"id":266904,"date":"2025-10-28T07:22:28","date_gmt":"2025-10-28T06:22:28","guid":{"rendered":"https:\/\/www.iphone-ticker.de\/?p=266904"},"modified":"2025-10-28T07:22:28","modified_gmt":"2025-10-28T06:22:28","slug":"ios-26-leak-prosser-widerspricht-darstellung-aus-gerichtsakten","status":"publish","type":"post","link":"https:\/\/www.iphone-ticker.de\/ios-26-leak-prosser-widerspricht-darstellung-aus-gerichtsakten-266904\/","title":{"rendered":"iOS 26 Leak: Prosser widerspricht Darstellung aus Gerichtsakten"},"content":{"rendered":"<p>Nachdem Apple <a href=\"https:\/\/www.iphone-ticker.de\/diebstahl-und-geheimnisverrat-apple-verklagt-youtuber-jon-prosser-260301\/\">im Sommer 2025 Klage<\/a> gegen den Technik-YouTuber Jon Prosser und den Videomacher Michael Ramacciotti eingereicht hatte, liegen nun neue Informationen zur rechtlichen Auseinandersetzung vor. W\u00e4hrend Apple im Oktober beim zust\u00e4ndigen US-Bundesgericht beantragte, ein sogenanntes Vers\u00e4umnisurteil gegen Prosser zu erlassen, meldete sich dieser nun selbst zu Wort.<\/p>\n<p><a href=\"https:\/\/images.iphone-ticker.de\/wp-content\/uploads\/2025\/07\/prosser.jpg\"><img loading=\"lazy\" decoding=\"async\" class=\"aligncenter size-medium wp-image-260302\" src=\"https:\/\/images.iphone-ticker.de\/wp-content\/uploads\/2025\/07\/prosser-500x385.jpg\" alt=\"Prosser\" width=\"500\" height=\"385\" srcset=\"https:\/\/images.iphone-ticker.de\/wp-content\/uploads\/2025\/07\/prosser-500x385.jpg 500w, https:\/\/images.iphone-ticker.de\/wp-content\/uploads\/2025\/07\/prosser-700x539.jpg 700w, https:\/\/images.iphone-ticker.de\/wp-content\/uploads\/2025\/07\/prosser.jpg 1328w\" sizes=\"auto, (max-width: 500px) 100vw, 500px\" \/><\/a><\/p>\n<h6>Von Apple verklagt: Der YouTuber Jon Prosser<\/h6>\n<p>Gegen\u00fcber dem US-Magazin <a href=\"https:\/\/www.theverge.com\/news\/803754\/apple-jon-prosser-trade-secrets-lawsuit-responds-default\">The Verge erkl\u00e4rte Prosser<\/a>, er stehe seit Beginn des Verfahrens in aktivem Austausch mit Apple. Die Darstellung, er habe nicht reagiert, sei falsch.<\/p>\n<p>Tats\u00e4chlich wurde am 17. Oktober ein Eintrag ins Gerichtsregister vorgenommen, weil Prosser bis zu diesem Zeitpunkt keine offizielle Antwort auf die Klageschrift eingereicht hatte. Apple hatte ihn bereits im Juli \u00fcber die Fristen informiert. Auch wenn die Kommunikation offenbar au\u00dferhalb des Gerichtsrahmens stattfand, k\u00f6nnte dies nun dazu f\u00fchren, dass Apple ein Urteil ohne m\u00fcndliche Verhandlung beantragt.<\/p>\n<p><div class=\"responsive-video\"><iframe loading=\"lazy\" title=\"Here\u2019s your very first look at iOS 19\" width=\"500\" height=\"281\" src=\"https:\/\/www.youtube-nocookie.com\/embed\/HaP_q9W3AQE?feature=oembed\" frameborder=\"0\" allow=\"accelerometer; autoplay; clipboard-write; encrypted-media; gyroscope; picture-in-picture; web-share\" referrerpolicy=\"strict-origin-when-cross-origin\" allowfullscreen><\/iframe><\/div><\/p>\n<h2>Fanboys ohne wirtschaftliches Interesse?<\/h2>\n<p>In <a href=\"https:\/\/www.scribd.com\/document\/937784246\/\">den eingereichten Unterlagen<\/a> betont Apple erneut den Vorwurf eines gezielten Vorgehens. Laut Klageschrift soll Ramacciotti \u00fcber einen befreundeten Apple-Mitarbeiter Zugriff auf ein internes Testger\u00e4t erhalten und Prosser gegen Bezahlung mit nicht ver\u00f6ffentlichten Informationen zu iOS 26 versorgt haben. Apple sieht darin eine Verletzung von Gesch\u00e4ftsgeheimnissen und fordert neben Schadensersatz auch eine Unterlassung k\u00fcnftiger Ver\u00f6ffentlichungen.<\/p>\n<p>Ramacciotti bestreitet diesen Vorwurf in seiner Einlassung und schildert sich selbst als langj\u00e4hrigen Apple-Fanboy, der sich der Tragweite seines Handelns nicht bewusst gewesen sei. Zwar r\u00e4umt er ein, Prosser w\u00e4hrend eines Videoanrufs Einblick in das Entwicklungstelefon gegeben zu haben. Eine geplante oder kommerzielle Zusammenarbeit habe es seiner Darstellung nach jedoch nicht gegeben. Von einer Bezahlung sei zu diesem Zeitpunkt keine Rede gewesen.<\/p>\n<p><a href=\"https:\/\/images.iphone-ticker.de\/wp-content\/uploads\/2025\/07\/prosser-videos-scaled.png\"><img loading=\"lazy\" decoding=\"async\" class=\"aligncenter size-large wp-image-260303\" src=\"https:\/\/images.iphone-ticker.de\/wp-content\/uploads\/2025\/07\/prosser-videos-700x553.png\" alt=\"Prosser Videos\" width=\"700\" height=\"553\" srcset=\"https:\/\/images.iphone-ticker.de\/wp-content\/uploads\/2025\/07\/prosser-videos-700x553.png 700w, https:\/\/images.iphone-ticker.de\/wp-content\/uploads\/2025\/07\/prosser-videos-500x395.png 500w, https:\/\/images.iphone-ticker.de\/wp-content\/uploads\/2025\/07\/prosser-videos-1536x1214.png 1536w, https:\/\/images.iphone-ticker.de\/wp-content\/uploads\/2025\/07\/prosser-videos-2048x1618.png 2048w\" sizes=\"auto, (max-width: 700px) 100vw, 700px\" \/><\/a><\/p>\n<h6>Ordentlich ausgeschlachtet: Prosser ver\u00f6ffentlichte zahlreiche  Videos zum &#8222;Leak&#8220;<\/h6>\n<p>Zugleich \u00e4u\u00dferte sich Apple besorgt dar\u00fcber, dass Ramacciotti nach der Kontaktaufnahme im Juli zehntausende Textnachrichten gel\u00f6scht haben soll. Dieser gibt an, keine konkrete Aufforderung zur Beweissicherung erhalten zu haben und habe seine Ger\u00e4te sp\u00e4ter freiwillig zur Verf\u00fcgung gestellt. Der n\u00e4chste Verhandlungsschritt ist f\u00fcr Ende Oktober angesetzt. Prosser bleibt bislang ohne formelle Stellungnahme im Verfahren.<\/p>\n<p><img loading=\"lazy\" decoding=\"async\" src=\"https:\/\/vg09.met.vgwort.de\/na\/4b4744f8e7f948d7a18a811dde78b246\" width=\"1\" height=\"1\"  no-lazy class=\"tracking\"><\/p>\n","protected":false},"excerpt":{"rendered":"<a href=\"https:\/\/www.iphone-ticker.de\/ios-26-leak-prosser-widerspricht-darstellung-aus-gerichtsakten-266904\/\"><img decoding=\"async\" width=\"150\" src=\"https:\/\/images.iphone-ticker.de\/wp-content\/uploads\/2025\/07\/prosser-500x385.jpg\" class=\"alignright wp-post-image tfe\" alt=\"Prosser\" title=\"\" \/><\/a><p>Nachdem Apple im Sommer 2025 Klage gegen den Technik-YouTuber Jon Prosser und den Videomacher Michael Ramacciotti eingereicht hatte, liegen nun neue Informationen zur rechtlichen Auseinandersetzung vor. W\u00e4hrend Apple im Oktober beim zust\u00e4ndigen US-Bundesgericht beantragte, ein sogenanntes Vers\u00e4umnisurteil gegen Prosser zu erlassen, meldete sich dieser nun selbst zu Wort. Von Apple verklagt: Der YouTuber Jon Prosser [&hellip;]<\/p>\n","protected":false},"author":1,"featured_media":0,"comment_status":"open","ping_status":"closed","sticky":false,"template":"","format":"standard","meta":{"footnotes":""},"categories":[1],"tags":[3912,7131,7188,147],"class_list":["post-266904","post","type-post","status-publish","format-standard","hentry","category-news","tag-apple","tag-ios-26","tag-jon-prosser","tag-recht"],"aioseo_notices":[],"subheadline":["Kommunikation l\u00e4uft, Verfahren geht weiter"],"featured_image":["https:\/\/images.iphone-ticker.de\/wp-content\/uploads\/2025\/07\/ios-19-leak-prosser.jpg"],"rest_api_enabler":{"subheadline":"Kommunikation l\u00e4uft, Verfahren geht weiter","featured_image":"https:\/\/images.iphone-ticker.de\/wp-content\/uploads\/2025\/07\/ios-19-leak-prosser.jpg"},"_links":{"self":[{"href":"https:\/\/www.iphone-ticker.de\/apiv2\/wp\/v2\/posts\/266904","targetHints":{"allow":["GET"]}}],"collection":[{"href":"https:\/\/www.iphone-ticker.de\/apiv2\/wp\/v2\/posts"}],"about":[{"href":"https:\/\/www.iphone-ticker.de\/apiv2\/wp\/v2\/types\/post"}],"author":[{"embeddable":true,"href":"https:\/\/www.iphone-ticker.de\/apiv2\/wp\/v2\/users\/1"}],"replies":[{"embeddable":true,"href":"https:\/\/www.iphone-ticker.de\/apiv2\/wp\/v2\/comments?post=266904"}],"version-history":[{"count":1,"href":"https:\/\/www.iphone-ticker.de\/apiv2\/wp\/v2\/posts\/266904\/revisions"}],"predecessor-version":[{"id":266905,"href":"https:\/\/www.iphone-ticker.de\/apiv2\/wp\/v2\/posts\/266904\/revisions\/266905"}],"wp:attachment":[{"href":"https:\/\/www.iphone-ticker.de\/apiv2\/wp\/v2\/media?parent=266904"}],"wp:term":[{"taxonomy":"category","embeddable":true,"href":"https:\/\/www.iphone-ticker.de\/apiv2\/wp\/v2\/categories?post=266904"},{"taxonomy":"post_tag","embeddable":true,"href":"https:\/\/www.iphone-ticker.de\/apiv2\/wp\/v2\/tags?post=266904"}],"curies":[{"name":"wp","href":"https:\/\/api.w.org\/{rel}","templated":true}]}}