{"id":266789,"date":"2025-10-24T17:34:32","date_gmt":"2025-10-24T15:34:32","guid":{"rendered":"https:\/\/www.iphone-ticker.de\/?p=266789"},"modified":"2025-11-03T06:54:22","modified_gmt":"2025-11-03T05:54:22","slug":"neues-premium-sortiment-anker-gibt-25-auf-neue-prime-serie","status":"publish","type":"post","link":"https:\/\/www.iphone-ticker.de\/neues-premium-sortiment-anker-gibt-25-auf-neue-prime-serie-266789\/","title":{"rendered":"Premium-Sortiment 2026: Anker gibt 25 % auf neue Prime-Serie"},"content":{"rendered":"<p>Der Zubeh\u00f6ranbieter Anker hat im Laufe der Woche zahlreiche Produkte seiner <a rel=\"noindex, nofollow\" href=\"https:\/\/www.amazon.de\/stores\/page\/990A010A-71DF-42A7-A361-69AF246ED9AD?&amp;linkCode=ll2&amp;tag=musicweb02&amp;linkId=5e53e33251287f7493f34ee641fb373f&amp;language=de_DE&amp;ref_=as_li_ss_tl\">neuen Premium-Linie Anker Prime<\/a> vorgestellt. Zum Marktstart der Reihe ist jetzt eine Rabattaktion mit 25 Prozent Nachlass auf alle Neuheiten angelaufen, die bis zum 16. November gilt. <a rel=\"noindex, nofollow\" href=\"https:\/\/www.amazon.de\/stores\/page\/990A010A-71DF-42A7-A361-69AF246ED9AD?&amp;linkCode=ll2&amp;tag=musicweb02&amp;linkId=5e53e33251287f7493f34ee641fb373f&amp;language=de_DE&amp;ref_=as_li_ss_tl\">An der Kasse<\/a> muss daf\u00fcr der Coupon <strong>PRIMETECH25<\/strong> angegeben werden.<\/p>\n<p><a href=\"https:\/\/images.iphone-ticker.de\/wp-content\/uploads\/2025\/10\/prime-tech-25-prozent-2500.jpg\"><img loading=\"lazy\" decoding=\"async\" class=\"aligncenter size-medium wp-image-266792\" src=\"https:\/\/images.iphone-ticker.de\/wp-content\/uploads\/2025\/10\/prime-tech-25-prozent-2500-500x361.jpg\" alt=\"Prime Tech 25 Prozent 2500\" width=\"500\" height=\"361\" srcset=\"https:\/\/images.iphone-ticker.de\/wp-content\/uploads\/2025\/10\/prime-tech-25-prozent-2500-500x361.jpg 500w, https:\/\/images.iphone-ticker.de\/wp-content\/uploads\/2025\/10\/prime-tech-25-prozent-2500-700x505.jpg 700w, https:\/\/images.iphone-ticker.de\/wp-content\/uploads\/2025\/10\/prime-tech-25-prozent-2500.jpg 1456w\" sizes=\"auto, (max-width: 500px) 100vw, 500px\" \/><\/a><\/p>\n<p>Mit <a rel=\"noindex, nofollow\" href=\"https:\/\/www.amazon.de\/stores\/page\/990A010A-71DF-42A7-A361-69AF246ED9AD?&amp;linkCode=ll2&amp;tag=musicweb02&amp;linkId=5e53e33251287f7493f34ee641fb373f&amp;language=de_DE&amp;ref_=as_li_ss_tl\">der Prime-Serie<\/a> erweitert Anker sein Sortiment um leistungsstarke Netzteile, Powerbanks und Lade-Stationen, die sich vor allem an Nutzer mit mehreren mobilen Ger\u00e4ten richten.<\/p>\n<p>Das <a href=\"https:\/\/www.ifun.de\/amzn\/B0FG6ZTWPH\">neue 160-Watt-Ladeger\u00e4t<\/a> der Prime-Serie bietet drei USB-C-Anschl\u00fcsse, App-Steuerung und kann ein MacBook Pro, ein iPad und ein iPhone gleichzeitig mit voller Leistung versorgen. \u00dcber ein integriertes Touchdisplay lassen sich Stromst\u00e4rke und Ladezustand in Echtzeit ablesen. Die sogenannte ActiveShield-4.0-Technologie misst kontinuierlich Temperatur und Spannung, um Ger\u00e4te und Netzteil zu sch\u00fctzen. Trotz der hohen Leistung f\u00e4llt das Geh\u00e4use deutlich kleiner aus als bei vielen herk\u00f6mmlichen Netzteilen. Statt 130 Euro kostet das Netzteil so nur 104 Euro.<\/p>\n<script>\r\n  function open_amazon(link) {\r\n    if (navigator.userAgent.indexOf(\"Firefox\") != -1) {\r\n      window.open(link, '_blank');\r\n    } else {\r\n      var tag = document.createElement('a');\r\n      tag.setAttribute('href', link);\r\n      tag.innerHTML = \"amzn\";\r\n      tag.click();\r\n    }\r\n  }\r\n<\/script>\r\n    <div id=\"article-single-amazon-preview\" onclick=\"return open_amazon('https:\/\/www.amazon.de\/dp\/B0FG6ZTWPH?tag=musicweb02&linkCode=ogi&th=1&psc=1');\">\n  <div id=\"article-single-amazon-preview-header\">\n    <span class=\"title\">Produkthinweis<\/span>\n      <\/div>\n  <div id=\"article-single-amazon-preview-content\">\n    <div id=\"article-single-amazon-preview-img\" style=\"background: url('https:\/\/m.media-amazon.com\/images\/I\/31AEEg+XZoL.jpg') center center no-repeat; background-size: cover;\"><\/div>\n    <div id=\"article-single-amazon-preview-desc\">\n      <span class=\"bezeichnung\"><a href=\"https:\/\/www.amazon.de\/dp\/B0FG6ZTWPH?tag=musicweb02&linkCode=ogi&th=1&psc=1\" style=\"text-decoration: none; border-bottom: 0px; box-shadow: none;\">Anker Prime 160W USB C Ladeger\u00e4t, kompakter GaN USB-C Ladeblock mit 3 Ports, Smart Display, Touch-Steuerung...<\/a><\/span>\n      <span class=\"preis--aktuell\">103,99 EUR<\/span>\n      <span class=\"preis--alt\"><\/span>\n    <\/div>\n  <\/div>\n<\/div>\n<p><a href=\"https:\/\/images.iphone-ticker.de\/wp-content\/uploads\/2025\/10\/5_8b49b0e1-fd8d-452a-be5b-0433f009247f_2560x.webp\"><img loading=\"lazy\" decoding=\"async\" class=\"aligncenter size-large wp-image-266796\" src=\"https:\/\/images.iphone-ticker.de\/wp-content\/uploads\/2025\/10\/5_8b49b0e1-fd8d-452a-be5b-0433f009247f_2560x-700x405.webp\" alt=\"5 8b49b0e1 Fd8d 452a Be5b 0433f009247f 2560x\" width=\"700\" height=\"405\" srcset=\"https:\/\/images.iphone-ticker.de\/wp-content\/uploads\/2025\/10\/5_8b49b0e1-fd8d-452a-be5b-0433f009247f_2560x-700x405.webp 700w, https:\/\/images.iphone-ticker.de\/wp-content\/uploads\/2025\/10\/5_8b49b0e1-fd8d-452a-be5b-0433f009247f_2560x-500x289.webp 500w, https:\/\/images.iphone-ticker.de\/wp-content\/uploads\/2025\/10\/5_8b49b0e1-fd8d-452a-be5b-0433f009247f_2560x-1536x888.webp 1536w, https:\/\/images.iphone-ticker.de\/wp-content\/uploads\/2025\/10\/5_8b49b0e1-fd8d-452a-be5b-0433f009247f_2560x-2048x1184.webp 2048w\" sizes=\"auto, (max-width: 700px) 100vw, 700px\" \/><\/a><\/p>\n<h2>Powerbanks, Dockingstationen und Qi 2.2<\/h2>\n<p>F\u00fcr den mobilen Einsatz stellt Anker <a rel=\"noindex, nofollow\" href=\"https:\/\/www.amazon.de\/s?k=B0F66NH2ZX%7CB0F66LNB8D&amp;__mk_de_DE=%C3%85M%C3%85%C5%BD%C3%95%C3%91&amp;crid=UZCXNWG07VP9&amp;sprefix=b0f66nh2zx+b0f66lnb8d%2Caps%2C120&amp;linkCode=ll2&amp;tag=musicweb02&amp;linkId=a5d3c16637c6e20036335dcc27e79b85&amp;language=de_DE&amp;ref_=as_li_ss_tl\">zwei neue Powerbanks<\/a> mit 20.000 und 26.000 Milliamperestunden Kapazit\u00e4t bereit. <a href=\"https:\/\/www.ifun.de\/amzn\/B0F66LNB8D\">Die gr\u00f6\u00dfere Variante<\/a> liefert eine Gesamtleistung von 300 Watt und kann sich \u00fcber zwei Eing\u00e4nge in 15 Minuten bis zur H\u00e4lfte aufladen. Beide Modelle verf\u00fcgen \u00fcber ein Display zur Anzeige der Ladeleistung und sind mit der separat erh\u00e4ltlichen Ladebasis kompatibel, die drei zus\u00e4tzliche Anschl\u00fcsse bietet und die Powerbank automatisch nachl\u00e4dt. Statt 200 und 150 Euro, liegen die Powerbanks vor\u00fcbergehend bei 150 und 112 Euro.<\/p>\n<script>\r\n  function open_amazon(link) {\r\n    if (navigator.userAgent.indexOf(\"Firefox\") != -1) {\r\n      window.open(link, '_blank');\r\n    } else {\r\n      var tag = document.createElement('a');\r\n      tag.setAttribute('href', link);\r\n      tag.innerHTML = \"amzn\";\r\n      tag.click();\r\n    }\r\n  }\r\n<\/script>\r\n    <div id=\"article-single-amazon-preview\" onclick=\"return open_amazon('https:\/\/www.amazon.de\/dp\/B0F66NH2ZX?tag=musicweb02&linkCode=ogi&th=1&psc=1');\">\n  <div id=\"article-single-amazon-preview-header\">\n    <span class=\"title\">Produkthinweis<\/span>\n      <\/div>\n  <div id=\"article-single-amazon-preview-content\">\n    <div id=\"article-single-amazon-preview-img\" style=\"background: url('https:\/\/m.media-amazon.com\/images\/I\/2127geqEEYL.jpg') center center no-repeat; background-size: cover;\"><\/div>\n    <div id=\"article-single-amazon-preview-desc\">\n      <span class=\"bezeichnung\"><a href=\"https:\/\/www.amazon.de\/dp\/B0F66NH2ZX?tag=musicweb02&linkCode=ogi&th=1&psc=1\" style=\"text-decoration: none; border-bottom: 0px; box-shadow: none;\">Anker Prime Powerbank 20100mAh tragbares Ladeger\u00e4t 3 Ports 220W Ausgang, bidirektionales Laden, f\u00fcr den Flugverkehr...<\/a><\/span>\n      <span class=\"preis--aktuell\">112,49 EUR<\/span>\n      <span class=\"preis--alt\">149,99 EUR<\/span>\n    <\/div>\n  <\/div>\n<\/div>\n<p><a href=\"https:\/\/images.iphone-ticker.de\/wp-content\/uploads\/2025\/10\/6_d3db511a-f24e-4755-8a98-38be9d67ee37_2560x.webp\"><img loading=\"lazy\" decoding=\"async\" class=\"aligncenter size-large wp-image-266793\" src=\"https:\/\/images.iphone-ticker.de\/wp-content\/uploads\/2025\/10\/6_d3db511a-f24e-4755-8a98-38be9d67ee37_2560x-700x405.webp\" alt=\"6 D3db511a F24e 4755 8a98 38be9d67ee37 2560x\" width=\"700\" height=\"405\" srcset=\"https:\/\/images.iphone-ticker.de\/wp-content\/uploads\/2025\/10\/6_d3db511a-f24e-4755-8a98-38be9d67ee37_2560x-700x405.webp 700w, https:\/\/images.iphone-ticker.de\/wp-content\/uploads\/2025\/10\/6_d3db511a-f24e-4755-8a98-38be9d67ee37_2560x-500x289.webp 500w, https:\/\/images.iphone-ticker.de\/wp-content\/uploads\/2025\/10\/6_d3db511a-f24e-4755-8a98-38be9d67ee37_2560x-1536x888.webp 1536w, https:\/\/images.iphone-ticker.de\/wp-content\/uploads\/2025\/10\/6_d3db511a-f24e-4755-8a98-38be9d67ee37_2560x-2048x1184.webp 2048w\" sizes=\"auto, (max-width: 700px) 100vw, 700px\" \/><\/a><\/p>\n<p>Auch f\u00fcr den Arbeitsplatz hat Anker neue L\u00f6sungen angek\u00fcndigt. Die <a href=\"https:\/\/www.ifun.de\/amzn\/B0FKMG4WPN\">kabellose 3-in-1-Ladestation<\/a> l\u00e4dt iPhone, Apple Watch und Kopfh\u00f6rer gleichzeitig und unterst\u00fctzt den neuen Qi-2.2-Standard f\u00fcr schnelles kabelloses Laden mit bis zu 25 Watt. F\u00fcr eine erweiterte Nutzung am Schreibtisch bietet <a href=\"https:\/\/www.ifun.de\/amzn\/B0CZ7D9G8D\">die Prime-Dockingstation<\/a> 14 Anschl\u00fcsse, darunter HDMI, Ethernet und SD-Kartenleser, sowie Unterst\u00fctzung f\u00fcr Monitore mit bis zu 8K-Aufl\u00f6sung.<\/p>\n<script>\r\n  function open_amazon(link) {\r\n    if (navigator.userAgent.indexOf(\"Firefox\") != -1) {\r\n      window.open(link, '_blank');\r\n    } else {\r\n      var tag = document.createElement('a');\r\n      tag.setAttribute('href', link);\r\n      tag.innerHTML = \"amzn\";\r\n      tag.click();\r\n    }\r\n  }\r\n<\/script>\r\n    <div id=\"article-single-amazon-preview\" onclick=\"return open_amazon('https:\/\/www.amazon.de\/dp\/B0FKMG4WPN?tag=musicweb02&linkCode=ogi&th=1&psc=1');\">\n  <div id=\"article-single-amazon-preview-header\">\n    <span class=\"title\">Produkthinweis<\/span>\n      <\/div>\n  <div id=\"article-single-amazon-preview-content\">\n    <div id=\"article-single-amazon-preview-img\" style=\"background: url('https:\/\/m.media-amazon.com\/images\/I\/31n6loYXw+L.jpg') center center no-repeat; background-size: cover;\"><\/div>\n    <div id=\"article-single-amazon-preview-desc\">\n      <span class=\"bezeichnung\"><a href=\"https:\/\/www.amazon.de\/dp\/B0FKMG4WPN?tag=musicweb02&linkCode=ogi&th=1&psc=1\" style=\"text-decoration: none; border-bottom: 0px; box-shadow: none;\">Anker Prime MagSafe-kompatibles 3-in-1 Ladeger\u00e4t, Qi2 25W zertifizierte kabellose Ladestation mit Smart Display und...<\/a><\/span>\n      <span class=\"preis--aktuell\">119,99 EUR<\/span>\n      <span class=\"preis--alt\"><\/span>\n    <\/div>\n  <\/div>\n<\/div>\n<p><a href=\"https:\/\/images.iphone-ticker.de\/wp-content\/uploads\/2025\/10\/3-in-1-dock.jpg\"><img loading=\"lazy\" decoding=\"async\" class=\"aligncenter size-large wp-image-266798\" src=\"https:\/\/images.iphone-ticker.de\/wp-content\/uploads\/2025\/10\/3-in-1-dock-700x335.jpg\" alt=\"3 In 1 Dock\" width=\"700\" height=\"335\" srcset=\"https:\/\/images.iphone-ticker.de\/wp-content\/uploads\/2025\/10\/3-in-1-dock-700x335.jpg 700w, https:\/\/images.iphone-ticker.de\/wp-content\/uploads\/2025\/10\/3-in-1-dock-500x239.jpg 500w, https:\/\/images.iphone-ticker.de\/wp-content\/uploads\/2025\/10\/3-in-1-dock-1536x735.jpg 1536w, https:\/\/images.iphone-ticker.de\/wp-content\/uploads\/2025\/10\/3-in-1-dock.jpg 1920w\" sizes=\"auto, (max-width: 700px) 100vw, 700px\" \/><\/a><\/p>\n<p>Die gesamte Prime-Reihe ist ab <a href=\"https:\/\/anker.pxf.io\/qzYAxj\">sofort \u00fcber Ankers Webseite<\/a>, Amazon und den Fachhandel erh\u00e4ltlich. K\u00e4ufer, die den Aktionszeitraum nutzen, erhalten auf alle neuen Produkte einen Nachlass von 25 Prozent, dies gilt auch f\u00fcr das neue Anker Prime <a href=\"https:\/\/www.ifun.de\/amzn\/B0F48CYG21\">Autoladeger\u00e4t mit 25 Watt und Aktivk\u00fchlung<\/a>.<\/p>\n<script>\r\n  function open_amazon(link) {\r\n    if (navigator.userAgent.indexOf(\"Firefox\") != -1) {\r\n      window.open(link, '_blank');\r\n    } else {\r\n      var tag = document.createElement('a');\r\n      tag.setAttribute('href', link);\r\n      tag.innerHTML = \"amzn\";\r\n      tag.click();\r\n    }\r\n  }\r\n<\/script>\r\n    <div id=\"article-single-amazon-preview\" onclick=\"return open_amazon('https:\/\/www.amazon.de\/dp\/B0F48CYG21?tag=musicweb02&linkCode=ogi&th=1&psc=1');\">\n  <div id=\"article-single-amazon-preview-header\">\n    <span class=\"title\">Produkthinweis<\/span>\n      <\/div>\n  <div id=\"article-single-amazon-preview-content\">\n    <div id=\"article-single-amazon-preview-img\" style=\"background: url('https:\/\/m.media-amazon.com\/images\/I\/31kit85ZZVL.jpg') center center no-repeat; background-size: cover;\"><\/div>\n    <div id=\"article-single-amazon-preview-desc\">\n      <span class=\"bezeichnung\"><a href=\"https:\/\/www.amazon.de\/dp\/B0F48CYG21?tag=musicweb02&linkCode=ogi&th=1&psc=1\" style=\"text-decoration: none; border-bottom: 0px; box-shadow: none;\">Anker Prime Magsafe Kfz-Ladeger\u00e4t, Qi2 25W zertifiziertes kabelloses Autoladeger\u00e4t mit TEC-Aktivk\u00fchlung, Starke...<\/a><\/span>\n      <span class=\"preis--aktuell\">63,99 EUR<\/span>\n      <span class=\"preis--alt\">79,99 EUR<\/span>\n    <\/div>\n  <\/div>\n<\/div>\n<p><a href=\"https:\/\/images.iphone-ticker.de\/wp-content\/uploads\/2025\/10\/autoladegeraet.jpg\"><img loading=\"lazy\" decoding=\"async\" class=\"aligncenter size-large wp-image-266799\" src=\"https:\/\/images.iphone-ticker.de\/wp-content\/uploads\/2025\/10\/autoladegeraet-700x482.jpg\" alt=\"Autoladegeraet\" width=\"700\" height=\"482\" srcset=\"https:\/\/images.iphone-ticker.de\/wp-content\/uploads\/2025\/10\/autoladegeraet-700x482.jpg 700w, https:\/\/images.iphone-ticker.de\/wp-content\/uploads\/2025\/10\/autoladegeraet-500x344.jpg 500w, https:\/\/images.iphone-ticker.de\/wp-content\/uploads\/2025\/10\/autoladegeraet.jpg 1500w\" sizes=\"auto, (max-width: 700px) 100vw, 700px\" \/><\/a><\/p>\n<p><img loading=\"lazy\" decoding=\"async\" src=\"https:\/\/vg09.met.vgwort.de\/na\/afe622e39673423d9e9736782e0c37c3\" width=\"1\" height=\"1\" no-lazy class=\"tracking\"><\/p>\n","protected":false},"excerpt":{"rendered":"<a href=\"https:\/\/www.iphone-ticker.de\/neues-premium-sortiment-anker-gibt-25-auf-neue-prime-serie-266789\/\"><img width=\"150\" height=\"150\" src=\"https:\/\/images.iphone-ticker.de\/wp-content\/uploads\/2025\/10\/autoladegeraet-150x150.jpg\" class=\"alignright tfe wp-post-image\" alt=\"Autoladegeraet\" decoding=\"async\" loading=\"lazy\" \/><\/a><p>Der Zubeh\u00f6ranbieter Anker hat im Laufe der Woche zahlreiche Produkte seiner neuen Premium-Linie Anker Prime vorgestellt. Zum Marktstart der Reihe ist jetzt eine Rabattaktion mit 25 Prozent Nachlass auf alle Neuheiten angelaufen, die bis zum 16. November gilt. An der Kasse muss daf\u00fcr der Coupon PRIMETECH25 angegeben werden. Mit der Prime-Serie erweitert Anker sein Sortiment [&hellip;]<\/p>\n","protected":false},"author":1,"featured_media":266799,"comment_status":"open","ping_status":"closed","sticky":false,"template":"","format":"standard","meta":{"footnotes":""},"categories":[1,1975],"tags":[2357,45,2460,5239],"class_list":["post-266789","post","type-post","status-publish","format-standard","has-post-thumbnail","hentry","category-news","category-feature","tag-anker","tag-ladegerat","tag-prime","tag-zubehoer"],"aioseo_notices":[],"featured_image":["https:\/\/images.iphone-ticker.de\/wp-content\/uploads\/2025\/10\/anker-prime-feature.jpg","https:\/\/images.iphone-ticker.de\/wp-content\/uploads\/2025\/10\/anker-prime-feature.jpg"],"subheadline":["Leistungsstarke Ladeger\u00e4te und Zubeh\u00f6r"],"rest_api_enabler":{"featured_image":["https:\/\/images.iphone-ticker.de\/wp-content\/uploads\/2025\/10\/anker-prime-feature.jpg","https:\/\/images.iphone-ticker.de\/wp-content\/uploads\/2025\/10\/anker-prime-feature.jpg"],"subheadline":"Leistungsstarke Ladeger\u00e4te und Zubeh\u00f6r"},"_links":{"self":[{"href":"https:\/\/www.iphone-ticker.de\/apiv2\/wp\/v2\/posts\/266789","targetHints":{"allow":["GET"]}}],"collection":[{"href":"https:\/\/www.iphone-ticker.de\/apiv2\/wp\/v2\/posts"}],"about":[{"href":"https:\/\/www.iphone-ticker.de\/apiv2\/wp\/v2\/types\/post"}],"author":[{"embeddable":true,"href":"https:\/\/www.iphone-ticker.de\/apiv2\/wp\/v2\/users\/1"}],"replies":[{"embeddable":true,"href":"https:\/\/www.iphone-ticker.de\/apiv2\/wp\/v2\/comments?post=266789"}],"version-history":[{"count":5,"href":"https:\/\/www.iphone-ticker.de\/apiv2\/wp\/v2\/posts\/266789\/revisions"}],"predecessor-version":[{"id":267234,"href":"https:\/\/www.iphone-ticker.de\/apiv2\/wp\/v2\/posts\/266789\/revisions\/267234"}],"wp:featuredmedia":[{"embeddable":true,"href":"https:\/\/www.iphone-ticker.de\/apiv2\/wp\/v2\/media\/266799"}],"wp:attachment":[{"href":"https:\/\/www.iphone-ticker.de\/apiv2\/wp\/v2\/media?parent=266789"}],"wp:term":[{"taxonomy":"category","embeddable":true,"href":"https:\/\/www.iphone-ticker.de\/apiv2\/wp\/v2\/categories?post=266789"},{"taxonomy":"post_tag","embeddable":true,"href":"https:\/\/www.iphone-ticker.de\/apiv2\/wp\/v2\/tags?post=266789"}],"curies":[{"name":"wp","href":"https:\/\/api.w.org\/{rel}","templated":true}]}}