{"id":266734,"date":"2025-10-24T11:20:23","date_gmt":"2025-10-24T09:20:23","guid":{"rendered":"https:\/\/www.iphone-ticker.de\/?p=266734"},"modified":"2025-10-24T11:20:54","modified_gmt":"2025-10-24T09:20:54","slug":"smartphones-im-kinderzimmer-fruehkontakt-mit-digitalen-medien-nimmt-zu","status":"publish","type":"post","link":"https:\/\/www.iphone-ticker.de\/smartphones-im-kinderzimmer-fruehkontakt-mit-digitalen-medien-nimmt-zu-266734\/","title":{"rendered":"Smartphones im Kinderzimmer: Fr\u00fchkontakt nimmt zu"},"content":{"rendered":"<p>Immer mehr Kleinkinder kommen mit Smartphones in Ber\u00fchrung. Ob \u00fcber Halterungen am Kinderwagen, App-gesteuertes Spielzeug oder die Ger\u00e4te der Eltern. Dabei erfolgt der Zugang oft beil\u00e4ufig. Ein Beitrag des <a href=\"https:\/\/www.zdf.de\/play\/magazine\/frontal-das-magazin-100\/frontal-vom-21-oktober-2025-102\">ZDF-Magazins frontal zeigt<\/a>, welche Folgen das f\u00fcr die kindliche Entwicklung haben kann.<\/p>\n<p><a href=\"https:\/\/images.iphone-ticker.de\/wp-content\/uploads\/2025\/10\/daniel-pontzen-moderation-1001920x1080-1.jpg\"><img loading=\"lazy\" decoding=\"async\" src=\"https:\/\/images.iphone-ticker.de\/wp-content\/uploads\/2025\/10\/daniel-pontzen-moderation-1001920x1080-1-500x281.jpg\" alt=\"Daniel Pontzen Moderation 100~1920x1080\" width=\"500\" height=\"281\" class=\"aligncenter size-medium wp-image-266736\" srcset=\"https:\/\/images.iphone-ticker.de\/wp-content\/uploads\/2025\/10\/daniel-pontzen-moderation-1001920x1080-1-500x281.jpg 500w, https:\/\/images.iphone-ticker.de\/wp-content\/uploads\/2025\/10\/daniel-pontzen-moderation-1001920x1080-1-700x394.jpg 700w, https:\/\/images.iphone-ticker.de\/wp-content\/uploads\/2025\/10\/daniel-pontzen-moderation-1001920x1080-1-1536x864.jpg 1536w, https:\/\/images.iphone-ticker.de\/wp-content\/uploads\/2025\/10\/daniel-pontzen-moderation-1001920x1080-1.jpg 1920w\" sizes=\"auto, (max-width: 500px) 100vw, 500px\" \/><\/a><\/p>\n<p>An der Universit\u00e4t Siegen untersuchen Erziehungswissenschaftler seit 2016 den digitalen Familienalltag. Ihre Beobachtung: Fr\u00fche Bildschirmnutzung beeinflusst das K\u00f6rper- und Ich-Bewusstsein von Kindern nachhaltig.<\/p>\n<p>Studien legen Zusammenh\u00e4nge zwischen h\u00e4ufiger Smartphone-Nutzung und Entwicklungsverz\u00f6gerungen nahe. Dazu z\u00e4hlen motorische und sprachliche Einschr\u00e4nkungen sowie psychische Probleme. Dennoch fehlt es bislang an einer politischen Reaktion. Ein Grund ist der eingeschr\u00e4nkte Datenzugang. Viele Tech-Unternehmen machen keine Angaben dar\u00fcber, wie Kinder ihre Produkte nutzen.<\/p>\n<h2>Gesundheitliche Risiken und fehlende Interaktion<\/h2>\n<p>In einer Fachklinik in \u00d6sterreich behandeln Spezialisten zunehmend kleine Kinder mit Symptomen, die an Autismus erinnern, sich aber auf intensive Bildschirmnutzung zur\u00fcckf\u00fchren lassen. Sprache entwickle sich im Dialog, nicht im einseitigen Medienkonsum. Studien aus den USA zeigen zudem: Je fr\u00fcher Kinder ein eigenes Smartphone nutzen, desto h\u00e4ufiger treten psychische Belastungen wie  Suizidgedanken, Halluzinationen und Aggressionen auf.<\/p>\n<p><video poster=\"\" preload=\"auto\" controls=\"controls\" width=\"100%\" ><source src=\"https:\/\/rodlzdf-a.akamaihd.net\/none\/zdf\/25\/10\/251021_sendung_fro\/1\/251021_sendung_fro_776k_p11v13.mp4#t=1975\" \/><\/video><\/p>\n<p>Die Bundesbildungsministerin <a href=\"https:\/\/www.iphone-ticker.de\/handyfreie-zonen-bildungsministerin-prien-will-debatte-zur-geraetenutzung-anstossen-256806\/\">hat eine Expertenkommission eingesetzt<\/a> und empfiehlt: Kinder unter drei Jahren sollten keine Bildschirmzeit erhalten. Zugleich sollen Schulen verst\u00e4rkt Medienbildung vermitteln. Der Schutz j\u00fcngerer Kinder bleibt jedoch Aufgabe der Eltern.<\/p>\n<p>Viele Familien tun sich schwer, klare Regeln im Umgang mit digitalen Ger\u00e4ten zu finden. Fachleute empfehlen medienfreie Zeiten und begleitete Nutzung. Der Bildschirm d\u00fcrfe nicht dauerhaft direkte Interaktion ersetzen.<\/p>\n<p><h8>Mit Dank an J\u00fcrgen!<\/h8><\/p>\n<p><img loading=\"lazy\" decoding=\"async\" src=\"https:\/\/vg01.met.vgwort.de\/na\/186a6f2ff61f4625838ed36227340121\" width=\"1\" height=\"1\"  no-lazy class=\"tracking\"><\/p>\n","protected":false},"excerpt":{"rendered":"<a href=\"https:\/\/www.iphone-ticker.de\/smartphones-im-kinderzimmer-fruehkontakt-mit-digitalen-medien-nimmt-zu-266734\/\"><img width=\"150\" height=\"150\" src=\"https:\/\/images.iphone-ticker.de\/wp-content\/uploads\/2025\/10\/daniel-pontzen-moderation-1001920x1080-1-150x150.jpg\" class=\"alignright tfe wp-post-image\" alt=\"Daniel Pontzen Moderation 100~1920x1080\" decoding=\"async\" loading=\"lazy\" \/><\/a><p>Immer mehr Kleinkinder kommen mit Smartphones in Ber\u00fchrung. Ob \u00fcber Halterungen am Kinderwagen, App-gesteuertes Spielzeug oder die Ger\u00e4te der Eltern. Dabei erfolgt der Zugang oft beil\u00e4ufig. Ein Beitrag des ZDF-Magazins frontal zeigt, welche Folgen das f\u00fcr die kindliche Entwicklung haben kann. An der Universit\u00e4t Siegen untersuchen Erziehungswissenschaftler seit 2016 den digitalen Familienalltag. Ihre Beobachtung: Fr\u00fche [&hellip;]<\/p>\n","protected":false},"author":1,"featured_media":266736,"comment_status":"open","ping_status":"closed","sticky":false,"template":"","format":"standard","meta":{"footnotes":""},"categories":[1],"tags":[394,6437,61,1131,3276],"class_list":["post-266734","post","type-post","status-publish","format-standard","has-post-thumbnail","hentry","category-news","tag-gesundheit","tag-jugendliche","tag-kinder","tag-smartphone","tag-sucht"],"aioseo_notices":[],"subheadline":["Wie fr\u00fche Bildschirmzeit die Entwicklung beeinflusst"],"featured_image":["https:\/\/images.iphone-ticker.de\/wp-content\/uploads\/2021\/08\/kinder-iphone-unsplash-vTQbhYfZZ5s.jpg"],"rest_api_enabler":{"subheadline":"Wie fr\u00fche Bildschirmzeit die Entwicklung beeinflusst","featured_image":"https:\/\/images.iphone-ticker.de\/wp-content\/uploads\/2021\/08\/kinder-iphone-unsplash-vTQbhYfZZ5s.jpg"},"_links":{"self":[{"href":"https:\/\/www.iphone-ticker.de\/apiv2\/wp\/v2\/posts\/266734","targetHints":{"allow":["GET"]}}],"collection":[{"href":"https:\/\/www.iphone-ticker.de\/apiv2\/wp\/v2\/posts"}],"about":[{"href":"https:\/\/www.iphone-ticker.de\/apiv2\/wp\/v2\/types\/post"}],"author":[{"embeddable":true,"href":"https:\/\/www.iphone-ticker.de\/apiv2\/wp\/v2\/users\/1"}],"replies":[{"embeddable":true,"href":"https:\/\/www.iphone-ticker.de\/apiv2\/wp\/v2\/comments?post=266734"}],"version-history":[{"count":6,"href":"https:\/\/www.iphone-ticker.de\/apiv2\/wp\/v2\/posts\/266734\/revisions"}],"predecessor-version":[{"id":266757,"href":"https:\/\/www.iphone-ticker.de\/apiv2\/wp\/v2\/posts\/266734\/revisions\/266757"}],"wp:featuredmedia":[{"embeddable":true,"href":"https:\/\/www.iphone-ticker.de\/apiv2\/wp\/v2\/media\/266736"}],"wp:attachment":[{"href":"https:\/\/www.iphone-ticker.de\/apiv2\/wp\/v2\/media?parent=266734"}],"wp:term":[{"taxonomy":"category","embeddable":true,"href":"https:\/\/www.iphone-ticker.de\/apiv2\/wp\/v2\/categories?post=266734"},{"taxonomy":"post_tag","embeddable":true,"href":"https:\/\/www.iphone-ticker.de\/apiv2\/wp\/v2\/tags?post=266734"}],"curies":[{"name":"wp","href":"https:\/\/api.w.org\/{rel}","templated":true}]}}