{"id":266658,"date":"2025-10-23T09:33:35","date_gmt":"2025-10-23T07:33:35","guid":{"rendered":"https:\/\/www.iphone-ticker.de\/?p=266658"},"modified":"2025-10-23T09:34:27","modified_gmt":"2025-10-23T07:34:27","slug":"auch-die-airpods-3-pro-werden-etwas-guenstiger","status":"publish","type":"post","link":"https:\/\/www.iphone-ticker.de\/auch-die-airpods-3-pro-werden-etwas-guenstiger-266658\/","title":{"rendered":"Auch die AirPods 3 Pro werden (etwas) g\u00fcnstiger"},"content":{"rendered":"<p>Nicht nur neue Apple-Produkte mit schw\u00e4cherer Nachfrage werden g\u00fcnstiger (wir haben <a href=\"https:\/\/www.iphone-ticker.de\/iphone-air-kostet-inzwischen-weniger-als-1-000-euro-266615\/\" title=\"iPhone Air kostet inzwischen weniger als 1.000 Euro\">gestern<\/a> \u00fcber den Preisverfall des iPhone Air berichtet). Mit den <a href=\"https:\/\/www.apple.com\/de\/airpods-pro\/\" title=\"dritte Generation der AirPods Pro\">AirPods Pro 3<\/a> ist erstmals bei den seit Anfang September erh\u00e4ltlichen und zweifellos sehr beliebten Apple-Ohrh\u00f6rern ein solcher Trend zu verzeichnen. Dieser erste Preisnachlass f\u00e4llt zwar noch sehr verhalten aus, l\u00e4sst aber auf attraktivere Angebote in naher Zukunft hoffen.<\/p>\n<p>Apple verkauft die AirPods Pro 3 mit einem offiziellen Preis von 249 Euro. Die Telekom ist bei Preissenkungen f\u00fcr neue Apple-Produkte immer schnell mit dabei. Wir haben dies insbesondere auch in der Startphase anderer AirPods-Modelle oder beim HomePod mini gesehen. Auch die AirPods Pro 3 hat die Telekom vor allen anderen Anbietern mit Preisabzug <a href=\"https:\/\/shop.telekom.de\/geraete\/apple-airpods-pro-3-weiss\">in ihren Onlineshop eingestellt<\/a>. Wer dort bestellt, bezahlt mit 244 Euro immerhin 5 Euro weniger als bei Apple.<\/p>\n<p><a href=\"https:\/\/images.iphone-ticker.de\/wp-content\/uploads\/2025\/10\/airpods-pro-3-angebote.png\"><img loading=\"lazy\" decoding=\"async\" src=\"https:\/\/images.iphone-ticker.de\/wp-content\/uploads\/2025\/10\/airpods-pro-3-angebote-700x633.png\" alt=\"Airpods Pro 3 Angebote\" width=\"700\" height=\"633\" class=\"alignnone size-large wp-image-266660\" srcset=\"https:\/\/images.iphone-ticker.de\/wp-content\/uploads\/2025\/10\/airpods-pro-3-angebote-700x633.png 700w, https:\/\/images.iphone-ticker.de\/wp-content\/uploads\/2025\/10\/airpods-pro-3-angebote-500x452.png 500w, https:\/\/images.iphone-ticker.de\/wp-content\/uploads\/2025\/10\/airpods-pro-3-angebote.png 1400w\" sizes=\"auto, (max-width: 700px) 100vw, 700px\" \/><\/a><\/p>\n<p>Neben der Telekom bietet auch <a href=\"https:\/\/ifun.de\/amzn\/B0FQF32239\">Amazon<\/a> die AirPods Pro 3 inzwischen etwas g\u00fcnstiger an &#8211; wenn auch nur mit geringem Preisnachlass. Hier liegt der Verkaufspreis mit 246,95 Euro heute erstmals unter der offiziellen Preisansage von Apple.<\/p>\n<h2>Galaxus verlangt stattdessen deutlich mehr<\/h2>\n<p>Bei einem Blick auf die bei anderen Anbietern f\u00fcr die AirPods Pro 3 gelisteten Preise tanzt der Versender <a href=\"https:\/\/clk.tradedoubler.com\/click?p=302027&amp;a=747172&amp;url=https%3A%2F%2Fwww.galaxus.de%2Fde%2Fs1%2Fproduct%2Fapple-airpods-pro-3gen-mit-magsafe-anc-8-h-kabellos-kopfhoerer-61940134\">Galaxus<\/a> auf ungew\u00f6hnliche Weise aus der Reihe. Dort werden die Ohrh\u00f6rer aktuell f\u00fcr 299,80 Euro und damit 50 Euro teurer als bei Apple gelistet. Hintergrund ist die Tatsache, dass mittlerweile auch Galaxus nicht mehr nur den eigenen Lagerbestand verkauft, sondern &#8211; nur schwer erkennbar &#8211; auch Angebote von Drittanbietern listet. Ob dies das Vertrauen der K\u00e4ufer st\u00e4rkt, d\u00fcrfte das Unternehmen selbst am besten wissen.<\/p>\n<p><a href=\"https:\/\/images.iphone-ticker.de\/wp-content\/uploads\/2025\/10\/airpods-pro-3-galaxus.png\"><img loading=\"lazy\" decoding=\"async\" src=\"https:\/\/images.iphone-ticker.de\/wp-content\/uploads\/2025\/10\/airpods-pro-3-galaxus-700x478.png\" alt=\"Airpods Pro 3 Galaxus\" width=\"700\" height=\"478\" class=\"alignnone size-large wp-image-266661\" srcset=\"https:\/\/images.iphone-ticker.de\/wp-content\/uploads\/2025\/10\/airpods-pro-3-galaxus-700x478.png 700w, https:\/\/images.iphone-ticker.de\/wp-content\/uploads\/2025\/10\/airpods-pro-3-galaxus-500x341.png 500w, https:\/\/images.iphone-ticker.de\/wp-content\/uploads\/2025\/10\/airpods-pro-3-galaxus.png 1400w\" sizes=\"auto, (max-width: 700px) 100vw, 700px\" \/><\/a><\/p>\n<p>Bei seinem Start in Deutschland hatten wir das aus der Schweiz stammende Unternehmen als seri\u00f6sen und zuverl\u00e4ssigen Anbieter kennengelernt. Mittlerweile muss man aber \u00e4hnlich wie bei Amazon auch hier darauf achten, ob die Artikel tats\u00e4chlich auch von Galaxus selbst verkauft und geliefert werden.<img loading=\"lazy\" decoding=\"async\" src=\"https:\/\/vg05.met.vgwort.de\/na\/771574c7439448559dbccb581da00dc6\" width=\"1\" height=\"1\" no-lazy class=\"tracking\"><\/p>\n","protected":false},"excerpt":{"rendered":"<a href=\"https:\/\/www.iphone-ticker.de\/auch-die-airpods-3-pro-werden-etwas-guenstiger-266658\/\"><img width=\"150\" height=\"150\" src=\"https:\/\/images.iphone-ticker.de\/wp-content\/uploads\/2025\/10\/airpods-pro-3-galaxus-150x150.png\" class=\"alignright tfe wp-post-image\" alt=\"Airpods Pro 3 Galaxus\" decoding=\"async\" loading=\"lazy\" \/><\/a><p>Nicht nur neue Apple-Produkte mit schw\u00e4cherer Nachfrage werden g\u00fcnstiger (wir haben gestern \u00fcber den Preisverfall des iPhone Air berichtet). Mit den AirPods Pro 3 ist erstmals bei den seit Anfang September erh\u00e4ltlichen und zweifellos sehr beliebten Apple-Ohrh\u00f6rern ein solcher Trend zu verzeichnen. Dieser erste Preisnachlass f\u00e4llt zwar noch sehr verhalten aus, l\u00e4sst aber auf attraktivere [&hellip;]<\/p>\n","protected":false},"author":2,"featured_media":266661,"comment_status":"open","ping_status":"closed","sticky":false,"template":"","format":"standard","meta":{"footnotes":""},"categories":[1],"tags":[7256],"class_list":["post-266658","post","type-post","status-publish","format-standard","has-post-thumbnail","hentry","category-news","tag-airpods-pro-3"],"aioseo_notices":[],"subheadline":["Telekom und Amazon legen vor"],"featured_image":["https:\/\/images.iphone-ticker.de\/wp-content\/uploads\/2025\/09\/airpods-pro-3-feature-1.jpg"],"rest_api_enabler":{"subheadline":"Telekom und Amazon legen vor","featured_image":"https:\/\/images.iphone-ticker.de\/wp-content\/uploads\/2025\/09\/airpods-pro-3-feature-1.jpg"},"_links":{"self":[{"href":"https:\/\/www.iphone-ticker.de\/apiv2\/wp\/v2\/posts\/266658","targetHints":{"allow":["GET"]}}],"collection":[{"href":"https:\/\/www.iphone-ticker.de\/apiv2\/wp\/v2\/posts"}],"about":[{"href":"https:\/\/www.iphone-ticker.de\/apiv2\/wp\/v2\/types\/post"}],"author":[{"embeddable":true,"href":"https:\/\/www.iphone-ticker.de\/apiv2\/wp\/v2\/users\/2"}],"replies":[{"embeddable":true,"href":"https:\/\/www.iphone-ticker.de\/apiv2\/wp\/v2\/comments?post=266658"}],"version-history":[{"count":3,"href":"https:\/\/www.iphone-ticker.de\/apiv2\/wp\/v2\/posts\/266658\/revisions"}],"predecessor-version":[{"id":266665,"href":"https:\/\/www.iphone-ticker.de\/apiv2\/wp\/v2\/posts\/266658\/revisions\/266665"}],"wp:featuredmedia":[{"embeddable":true,"href":"https:\/\/www.iphone-ticker.de\/apiv2\/wp\/v2\/media\/266661"}],"wp:attachment":[{"href":"https:\/\/www.iphone-ticker.de\/apiv2\/wp\/v2\/media?parent=266658"}],"wp:term":[{"taxonomy":"category","embeddable":true,"href":"https:\/\/www.iphone-ticker.de\/apiv2\/wp\/v2\/categories?post=266658"},{"taxonomy":"post_tag","embeddable":true,"href":"https:\/\/www.iphone-ticker.de\/apiv2\/wp\/v2\/tags?post=266658"}],"curies":[{"name":"wp","href":"https:\/\/api.w.org\/{rel}","templated":true}]}}