{"id":264157,"date":"2025-09-15T17:15:50","date_gmt":"2025-09-15T15:15:50","guid":{"rendered":"https:\/\/www.iphone-ticker.de\/?p=264157"},"modified":"2025-09-15T17:15:50","modified_gmt":"2025-09-15T15:15:50","slug":"lohnt-sich-das-upgrade-die-airpods-3-pro-in-ersten-tests","status":"publish","type":"post","link":"https:\/\/www.iphone-ticker.de\/lohnt-sich-das-upgrade-die-airpods-3-pro-in-ersten-tests-264157\/","title":{"rendered":"Lohnt sich das Upgrade? Die AirPods 3 Pro in ersten Tests"},"content":{"rendered":"<p>Heute Nachmittag hat Apple die Sperrfristen f\u00fcr die ersten ausf\u00fchrlicheren Auseinandersetzungen mit den neuen <a href=\"https:\/\/www.apple.com\/de\/airpods-pro\/\">AirPods Pro der 3. Generation<\/a> fallen lassen. Die R\u00fcckmeldungen aus den Tests zeigen ein weitgehend einheitliches Bild: Apple hat bei Klang, Passform und Funktionsumfang nachgelegt, ohne das bew\u00e4hrte Konzept grundlegend zu ver\u00e4ndern.<\/p>\n<p><a href=\"https:\/\/images.iphone-ticker.de\/wp-content\/uploads\/2025\/09\/airpods-3-.png\"><img loading=\"lazy\" decoding=\"async\" class=\"aligncenter size-medium wp-image-264158\" src=\"https:\/\/images.iphone-ticker.de\/wp-content\/uploads\/2025\/09\/airpods-3--500x468.png\" alt=\"Airpods 3 \" width=\"500\" height=\"468\" srcset=\"https:\/\/images.iphone-ticker.de\/wp-content\/uploads\/2025\/09\/airpods-3--500x468.png 500w, https:\/\/images.iphone-ticker.de\/wp-content\/uploads\/2025\/09\/airpods-3--700x655.png 700w, https:\/\/images.iphone-ticker.de\/wp-content\/uploads\/2025\/09\/airpods-3-.png 1069w\" sizes=\"auto, (max-width: 500px) 100vw, 500px\" \/><\/a><\/p>\n<h2>Klang und Ger\u00e4uschunterdr\u00fcckung besser<\/h2>\n<p class=\"p1\">Die dritte Generation setzt auf ein \u00fcberarbeitetes Akustikdesign mit neuen Treibern, vergr\u00f6\u00dferten Bel\u00fcftungen und Schaum-Silikonaufs\u00e4tzen. Kostenpunkt: <a href=\"https:\/\/www.ifun.de\/amzn\/B0FQF32239\">249 Euro<\/a>. Diese Kombination f\u00fchrt nach Angaben fast aller Tester zu einem kr\u00e4ftigeren Bass und einem insgesamt r\u00e4umlicheren Klangbild.<\/p>\n<p><div class=\"responsive-video\"><iframe loading=\"lazy\" title=\"AirPods Pro 3 im ausf\u00fchrlichen Test: Rundum besser - aber lohnt sich ein Upgrade?\" width=\"500\" height=\"281\" src=\"https:\/\/www.youtube-nocookie.com\/embed\/InX7MFcJbhs?feature=oembed\" frameborder=\"0\" allow=\"accelerometer; autoplay; clipboard-write; encrypted-media; gyroscope; picture-in-picture; web-share\" referrerpolicy=\"strict-origin-when-cross-origin\" allowfullscreen><\/iframe><\/div><\/p>\n<p class=\"p1\">Die aktive Ger\u00e4uschunterdr\u00fcckung gilt als eine der gr\u00f6\u00dften St\u00e4rken. Mehrere Redaktionen und YouTuber berichten, dass selbst in lauter Umgebung wie im Flugzeug der L\u00e4rm deutlich st\u00e4rker reduziert wird als bei den Vorg\u00e4ngern. <a href=\"https:\/\/www.zdnet.com\/article\/airpods-pro-3-review-apple-pulled-off-something-i-thought-impossible-in-a-pair-of-earbuds\/\">Auf ZDNET<\/a> beschreibt Jason Hiner die Abschirmung als so gut, dass er auf l\u00e4ngeren Reisen k\u00fcnftig auf gro\u00dfe Over-Ear-Modelle verzichten m\u00f6chte.<\/p>\n<h2>Neue Sensoren, mehr Ausdauer und Zusatzfunktionen<\/h2>\n<p class=\"p1\">Neben der Klangverbesserung f\u00e4llt der neue Pulssensor auf, der Trainingstracking direkt \u00fcber die Ohrh\u00f6rer erm\u00f6glicht. Damit k\u00f6nnen Workouts auch ohne Smartwatch aufgezeichnet werden.<\/p>\n<p><div class=\"responsive-video\"><iframe loading=\"lazy\" title=\"AirPods Pro 3 Review - Rebuilt From The Ground Up! Should You Upgrade?\" width=\"500\" height=\"281\" src=\"https:\/\/www.youtube-nocookie.com\/embed\/c8JXZ_kAjm0?feature=oembed\" frameborder=\"0\" allow=\"accelerometer; autoplay; clipboard-write; encrypted-media; gyroscope; picture-in-picture; web-share\" referrerpolicy=\"strict-origin-when-cross-origin\" allowfullscreen><\/iframe><\/div><\/p>\n<p class=\"p1\">Die Daten lassen sich zudem mit der Apple Watch kombinieren, sodass beide Ger\u00e4te parallel f\u00fcr genauere Ergebnisse genutzt werden k\u00f6nnen. F\u00fcr Sportler bedeutet das mehr Flexibilit\u00e4t, auch wenn die Funktion nicht jeden Nutzer ansprechen d\u00fcrfte.<\/p>\n<p class=\"p1\">Die Akkulaufzeit steigt auf bis zu acht Stunden pro Ladung. In der Praxis reicht das f\u00fcr einen Langstreckenflug, bevor die Kopfh\u00f6rer zur\u00fcck ins Case m\u00fcssen. Auff\u00e4llig ist jedoch, dass das Ladecase nur noch 24 Stunden Gesamtlaufzeit bietet, also weniger als das Vorg\u00e4ngermodell.<\/p>\n<p><div class=\"responsive-video\"><iframe loading=\"lazy\" title=\"Apple AirPods Pro 3 Review: Bose and Sony Have a Problem!\" width=\"500\" height=\"281\" src=\"https:\/\/www.youtube-nocookie.com\/embed\/-xPQTDIMRBU?feature=oembed\" frameborder=\"0\" allow=\"accelerometer; autoplay; clipboard-write; encrypted-media; gyroscope; picture-in-picture; web-share\" referrerpolicy=\"strict-origin-when-cross-origin\" allowfullscreen><\/iframe><\/div><\/p>\n<p class=\"p1\">Zu den weiteren Neuerungen z\u00e4hlen eine h\u00f6here Schutzklasse gegen Staub und Wasser (IP57), pr\u00e4zisere Ortung durch den neuen U2-Chip sowie eine Live-\u00dcbersetzungsfunktion, die in Verbindung mit dem iPhone arbeitet. Hinzu kommen kleine Extras, etwa die M\u00f6glichkeit, Medien beim Einschlafen automatisch zu pausieren oder die AirPods als Fernbedienung f\u00fcr Videoaufnahmen zu verwenden.<\/p>\n<h2>F\u00fcr wen sich der Umstieg lohnt<\/h2>\n<p>Die AirPods Pro 3 gelten in den ersten Tests als klarer Fortschritt gegen\u00fcber den Vorg\u00e4ngern. Besonders die verbesserte Ger\u00e4uschunterdr\u00fcckung, der erweiterte Funktionsumfang und die stabilere Passform heben sie von den AirPods Pro 2 ab.<\/p>\n<p><div class=\"responsive-video\"><iframe loading=\"lazy\" title=\"AirPods Pro 3 Review: I Understand It Now!\" width=\"500\" height=\"281\" src=\"https:\/\/www.youtube-nocookie.com\/embed\/GB0b6KFZVq0?feature=oembed\" frameborder=\"0\" allow=\"accelerometer; autoplay; clipboard-write; encrypted-media; gyroscope; picture-in-picture; web-share\" referrerpolicy=\"strict-origin-when-cross-origin\" allowfullscreen><\/iframe><\/div><\/p>\n<p>F\u00fcr Besitzer \u00e4lterer Modelle ist der Sprung deutlich sp\u00fcrbar. Wer jedoch bereits die zweite Generation nutzt, profitiert zwar von Detailverbesserungen, muss aber keinen zwingenden Grund f\u00fcr ein sofortiges Upgrade sehen. Die meisten Tester kommen zu dem Schluss: Wer jetzt neu einsteigt, erh\u00e4lt ein rundes Gesamtpaket. Wer bereits gut ausgestattete AirPods Pro 2 besitzt, kann die dritte Generation zun\u00e4chst auslassen.<\/p>\n<script>\r\n  function open_amazon(link) {\r\n    if (navigator.userAgent.indexOf(\"Firefox\") != -1) {\r\n      window.open(link, '_blank');\r\n    } else {\r\n      var tag = document.createElement('a');\r\n      tag.setAttribute('href', link);\r\n      tag.innerHTML = \"amzn\";\r\n      tag.click();\r\n    }\r\n  }\r\n<\/script>\r\n    <div id=\"article-single-amazon-preview\" onclick=\"return open_amazon('https:\/\/www.amazon.de\/dp\/B0FQF32239?tag=musicweb02&linkCode=ogi&th=1&psc=1');\">\n  <div id=\"article-single-amazon-preview-header\">\n    <span class=\"title\">Produkthinweis<\/span>\n      <\/div>\n  <div id=\"article-single-amazon-preview-content\">\n    <div id=\"article-single-amazon-preview-img\" style=\"background: url('https:\/\/m.media-amazon.com\/images\/I\/21ndyNcNL9L.jpg') center center no-repeat; background-size: cover;\"><\/div>\n    <div id=\"article-single-amazon-preview-desc\">\n      <span class=\"bezeichnung\"><a href=\"https:\/\/www.amazon.de\/dp\/B0FQF32239?tag=musicweb02&linkCode=ogi&th=1&psc=1\" style=\"text-decoration: none; border-bottom: 0px; box-shadow: none;\">Apple AirPods Pro 3 Kabellose In\u2011Ear Kopfh\u00f6rer, Aktive Ger\u00e4uschunterdr\u00fcckung, Herzfrequenzmessung...<\/a><\/span>\n      <span class=\"preis--aktuell\">207,00 EUR<\/span>\n      <span class=\"preis--alt\">249,00 EUR<\/span>\n    <\/div>\n  <\/div>\n<\/div>\n<p><img loading=\"lazy\" decoding=\"async\" src=\"https:\/\/vg05.met.vgwort.de\/na\/968801bf988b4863920c9863802908c1\" width=\"1\" height=\"1\"  no-lazy class=\"tracking\"><\/p>\n","protected":false},"excerpt":{"rendered":"<a href=\"https:\/\/www.iphone-ticker.de\/lohnt-sich-das-upgrade-die-airpods-3-pro-in-ersten-tests-264157\/\"><img width=\"150\" height=\"150\" src=\"https:\/\/images.iphone-ticker.de\/wp-content\/uploads\/2025\/09\/airpods-3-pro-150x150.jpg\" class=\"alignright tfe wp-post-image\" alt=\"Airpods 3 Pro\" decoding=\"async\" loading=\"lazy\" \/><\/a><p>Heute Nachmittag hat Apple die Sperrfristen f\u00fcr die ersten ausf\u00fchrlicheren Auseinandersetzungen mit den neuen AirPods Pro der 3. Generation fallen lassen. Die R\u00fcckmeldungen aus den Tests zeigen ein weitgehend einheitliches Bild: Apple hat bei Klang, Passform und Funktionsumfang nachgelegt, ohne das bew\u00e4hrte Konzept grundlegend zu ver\u00e4ndern. Klang und Ger\u00e4uschunterdr\u00fcckung besser Die dritte Generation setzt auf [&hellip;]<\/p>\n","protected":false},"author":1,"featured_media":264159,"comment_status":"open","ping_status":"closed","sticky":false,"template":"","format":"standard","meta":{"footnotes":""},"categories":[24],"tags":[7255],"class_list":["post-264157","post","type-post","status-publish","format-standard","has-post-thumbnail","hentry","category-zubehor","tag-airpods-3-pro"],"aioseo_notices":[],"featured_image":["https:\/\/images.iphone-ticker.de\/wp-content\/uploads\/2025\/09\/airpods-3-pro.jpg"],"subheadline":["F\u00fcr wen sich der Umstieg lohnt"],"rest_api_enabler":{"featured_image":"https:\/\/images.iphone-ticker.de\/wp-content\/uploads\/2025\/09\/airpods-3-pro.jpg","subheadline":"F\u00fcr wen sich der Umstieg lohnt"},"_links":{"self":[{"href":"https:\/\/www.iphone-ticker.de\/apiv2\/wp\/v2\/posts\/264157","targetHints":{"allow":["GET"]}}],"collection":[{"href":"https:\/\/www.iphone-ticker.de\/apiv2\/wp\/v2\/posts"}],"about":[{"href":"https:\/\/www.iphone-ticker.de\/apiv2\/wp\/v2\/types\/post"}],"author":[{"embeddable":true,"href":"https:\/\/www.iphone-ticker.de\/apiv2\/wp\/v2\/users\/1"}],"replies":[{"embeddable":true,"href":"https:\/\/www.iphone-ticker.de\/apiv2\/wp\/v2\/comments?post=264157"}],"version-history":[{"count":1,"href":"https:\/\/www.iphone-ticker.de\/apiv2\/wp\/v2\/posts\/264157\/revisions"}],"predecessor-version":[{"id":264161,"href":"https:\/\/www.iphone-ticker.de\/apiv2\/wp\/v2\/posts\/264157\/revisions\/264161"}],"wp:featuredmedia":[{"embeddable":true,"href":"https:\/\/www.iphone-ticker.de\/apiv2\/wp\/v2\/media\/264159"}],"wp:attachment":[{"href":"https:\/\/www.iphone-ticker.de\/apiv2\/wp\/v2\/media?parent=264157"}],"wp:term":[{"taxonomy":"category","embeddable":true,"href":"https:\/\/www.iphone-ticker.de\/apiv2\/wp\/v2\/categories?post=264157"},{"taxonomy":"post_tag","embeddable":true,"href":"https:\/\/www.iphone-ticker.de\/apiv2\/wp\/v2\/tags?post=264157"}],"curies":[{"name":"wp","href":"https:\/\/api.w.org\/{rel}","templated":true}]}}