{"id":264027,"date":"2025-09-12T14:39:23","date_gmt":"2025-09-12T12:39:23","guid":{"rendered":"https:\/\/www.iphone-ticker.de\/?p=264027"},"modified":"2025-09-12T16:27:08","modified_gmt":"2025-09-12T14:27:08","slug":"iphone-17-erste-modelle-bereits-vergriffen-amazon-liefert-noch","status":"publish","type":"post","link":"https:\/\/www.iphone-ticker.de\/iphone-17-erste-modelle-bereits-vergriffen-amazon-liefert-noch-264027\/","title":{"rendered":"iPhone 17: Erste Modelle bereits vergriffen, Amazon liefert noch"},"content":{"rendered":"<p>Bereits 15 Minuten nach dem offiziellen Vorbestellungsstart waren erste Modelle der neuen iPhone-17-Familie bei Apple ausverkauft und nur noch mit Lieferverz\u00f6gerung erh\u00e4ltlich. Betroffen ist unter anderem die blaue Variante des iPhone 17 Pro Max mit 256 GB Speicher.<\/p>\n<p><a href=\"https:\/\/images.iphone-ticker.de\/wp-content\/uploads\/2025\/09\/iphone17-silber.png\"><img loading=\"lazy\" decoding=\"async\" class=\"aligncenter size-medium wp-image-264028\" src=\"https:\/\/images.iphone-ticker.de\/wp-content\/uploads\/2025\/09\/iphone17-silber-500x500.png\" alt=\"Iphone17 Silber\" width=\"500\" height=\"500\" srcset=\"https:\/\/images.iphone-ticker.de\/wp-content\/uploads\/2025\/09\/iphone17-silber-500x500.png 500w, https:\/\/images.iphone-ticker.de\/wp-content\/uploads\/2025\/09\/iphone17-silber-700x700.png 700w, https:\/\/images.iphone-ticker.de\/wp-content\/uploads\/2025\/09\/iphone17-silber-150x150.png 150w, https:\/\/images.iphone-ticker.de\/wp-content\/uploads\/2025\/09\/iphone17-silber.png 938w\" sizes=\"auto, (max-width: 500px) 100vw, 500px\" \/><\/a><\/p>\n<p>Wer dieses Modell jetzt bestellt, erh\u00e4lt es nicht mehr p\u00fcnktlich zum 19. September. Stattdessen wird eine Lieferung zwischen dem 24. und dem 29. September angek\u00fcndigt. Beim Silbernen Pro Max ist der 29. September als fr\u00fchester Termin gesetzt, hier reichen die m\u00f6glichen Liefertermine bereits bis in den Oktober .<\/p>\n<h2>Abholung im Apple Store<\/h2>\n<p>Kundinnen und Kunden, die genau an einem dieser bereits vergriffenen Modelle interessiert sind, sollten drei m\u00f6gliche Alternativen in Betracht ziehen. Neben der klassischen Online-Bestellung bei Apple oder Amazon lohnt es sich, am offiziellen Verkaufsstart (also dem 19. September) einen Blick in den n\u00e4chstgelegenen Apple Store zu werfen. Apple stellt erfahrungsgem\u00e4\u00df sicher, dass auch bei hoher Nachfrage ausreichend Ger\u00e4te in den Filialen verf\u00fcgbar sind, um spontane Besucher nicht leer ausgehen zu lassen.<\/p>\n<p><a href=\"https:\/\/images.iphone-ticker.de\/wp-content\/uploads\/2022\/04\/apple-rosenthaler-strasse-feature-1400.jpg\"><img loading=\"lazy\" decoding=\"async\" class=\"aligncenter size-large wp-image-188615\" src=\"https:\/\/images.iphone-ticker.de\/wp-content\/uploads\/2022\/04\/apple-rosenthaler-strasse-feature-1400-700x394.jpg\" alt=\"Apple Rosenthaler Strasse Feature 1400\" width=\"700\" height=\"394\" srcset=\"https:\/\/images.iphone-ticker.de\/wp-content\/uploads\/2022\/04\/apple-rosenthaler-strasse-feature-1400-700x394.jpg 700w, https:\/\/images.iphone-ticker.de\/wp-content\/uploads\/2022\/04\/apple-rosenthaler-strasse-feature-1400-500x281.jpg 500w, https:\/\/images.iphone-ticker.de\/wp-content\/uploads\/2022\/04\/apple-rosenthaler-strasse-feature-1400.jpg 1400w\" sizes=\"auto, (max-width: 700px) 100vw, 700px\" \/><\/a><\/p>\n<p>In St\u00e4dten wie Berlin kann zus\u00e4tzlich auch die Option genutzt werden, ein bereits vergriffenes Modell zur Abholung in eine Apple-Store-Filiale zu bestellen. Dabei lassen sich iPhones, die im Online-Shop erst zu einem sp\u00e4teren Termin geliefert w\u00fcrden, dennoch zur Abholung am 19. September in einer Filiale reservieren, sofern lokal noch entsprechende Kontingente verf\u00fcgbar sind.<\/p>\n<h2>Bestellung bei Amazon<\/h2>\n<p>Alternativ bietet sich die <a rel=\"noindex, nofollow\" href=\"https:\/\/www.amazon.de\/stores\/page\/3CA12FDA-85E0-41F8-B952-0F20A97669B4?ingress=2&amp;lp_context_asin=B08L5R6ZHP&amp;visitId=270958c4-e3a8-4811-9cbc-92c202562401&amp;linkCode=ll2&amp;tag=musicweb02&amp;linkId=8aac6aec274029748445bf5fc4b358f5&amp;language=de_DE&amp;ref_=as_li_ss_tl\">Bestellung \u00fcber Amazon an<\/a>. Seit Apple und Amazon ihre Partnerschaft ausgebaut haben, betreibt der Onlineh\u00e4ndler einen offiziellen Apple-Store und bietet insbesondere bei MacBooks und AirPods gelegentlich auch Preisnachl\u00e4sse. Zwar gelten zum Verkaufsstart in der Regel die gleichen Preise wie bei Apple direkt, doch zeigt die Erfahrung der letzten Jahre, dass Amazon h\u00e4ufig \u00fcber zus\u00e4tzliche Lagerbest\u00e4nde verf\u00fcgt und auch dann noch liefern kann, wenn bestimmte Modellvarianten bei Apple bereits vergriffen sind.<\/p>\n<ul>\n<li><a href=\"https:\/\/www.ifun.de\/amzn\/B0FQFT841W\">iPhone 17 Pro <\/a><\/li>\n<li><a href=\"https:\/\/www.ifun.de\/amzn\/B0FQFYXTGF\">iPhone Air<\/a><\/li>\n<li><a href=\"https:\/\/www.ifun.de\/amzn\/B0FQF323GL\">iPhone 17<\/a><\/li>\n<\/ul>\n<p>Einzelne Leserberichte erw\u00e4hnten in der Vergangenheit Probleme bei der Zustellung. Amazon hat jedoch auf diese Vorf\u00e4lle reagiert und setzt bei iPhone-Lieferungen auf spezielle Sicherheitsma\u00dfnahmen. Neben einem PIN-Code zur Paketannahme kommen vermehrt eigene Lieferfahrten zum Einsatz, die gezielt iPhone-Bestellungen am Erscheinungstag zustellen.<\/p>\n<p><a rel=\"noindex, nofollow\" href=\"https:\/\/www.amazon.de\/stores\/page\/3CA12FDA-85E0-41F8-B952-0F20A97669B4?ingress=2&amp;lp_context_asin=B08L5R6ZHP&amp;visitId=270958c4-e3a8-4811-9cbc-92c202562401&amp;linkCode=ll2&amp;tag=musicweb02&amp;linkId=8aac6aec274029748445bf5fc4b358f5&amp;language=de_DE&amp;ref_=as_li_ss_tl\"><img loading=\"lazy\" decoding=\"async\" class=\"aligncenter size-large wp-image-264030\" src=\"https:\/\/images.iphone-ticker.de\/wp-content\/uploads\/2025\/09\/apple-amazon-700x539.png\" alt=\"Apple Amazon\" width=\"700\" height=\"539\" srcset=\"https:\/\/images.iphone-ticker.de\/wp-content\/uploads\/2025\/09\/apple-amazon-700x539.png 700w, https:\/\/images.iphone-ticker.de\/wp-content\/uploads\/2025\/09\/apple-amazon-500x385.png 500w, https:\/\/images.iphone-ticker.de\/wp-content\/uploads\/2025\/09\/apple-amazon-1536x1184.png 1536w, https:\/\/images.iphone-ticker.de\/wp-content\/uploads\/2025\/09\/apple-amazon-2048x1578.png 2048w\" sizes=\"auto, (max-width: 700px) 100vw, 700px\" \/><\/a><\/p>\n<p>Sollte das Ger\u00e4t dennoch nicht rechtzeitig eintreffen, l\u00e4sst sich die Bestellung problemlos stornieren. Etwa dann, wenn eine spontane Abholung im Apple Store schneller zum Ziel f\u00fchrt.<\/p>\n<script>\r\n  function open_amazon(link) {\r\n    if (navigator.userAgent.indexOf(\"Firefox\") != -1) {\r\n      window.open(link, '_blank');\r\n    } else {\r\n      var tag = document.createElement('a');\r\n      tag.setAttribute('href', link);\r\n      tag.innerHTML = \"amzn\";\r\n      tag.click();\r\n    }\r\n  }\r\n<\/script>\r\n    <div id=\"article-single-amazon-preview\" onclick=\"return open_amazon('https:\/\/www.amazon.de\/dp\/B0FQFGMW6V?tag=musicweb02&linkCode=ogi&th=1&psc=1');\">\n  <div id=\"article-single-amazon-preview-header\">\n    <span class=\"title\">Produkthinweis<\/span>\n      <\/div>\n  <div id=\"article-single-amazon-preview-content\">\n    <div id=\"article-single-amazon-preview-img\" style=\"background: url('https:\/\/m.media-amazon.com\/images\/I\/31nlyu8jMzL.jpg') center center no-repeat; background-size: cover;\"><\/div>\n    <div id=\"article-single-amazon-preview-desc\">\n      <span class=\"bezeichnung\"><a href=\"https:\/\/www.amazon.de\/dp\/B0FQFGMW6V?tag=musicweb02&linkCode=ogi&th=1&psc=1\" style=\"text-decoration: none; border-bottom: 0px; box-shadow: none;\">Apple iPhone 17 256 GB: 6,3\" Display mit ProMotion, A19 Chip, Center Stage Frontkamera f\u00fcr Smarte Gruppenselfies...<\/a><\/span>\n      <span class=\"preis--aktuell\">949 EUR<\/span>\n      <span class=\"preis--alt\"><\/span>\n    <\/div>\n  <\/div>\n<\/div>\n<script>\r\n  function open_amazon(link) {\r\n    if (navigator.userAgent.indexOf(\"Firefox\") != -1) {\r\n      window.open(link, '_blank');\r\n    } else {\r\n      var tag = document.createElement('a');\r\n      tag.setAttribute('href', link);\r\n      tag.innerHTML = \"amzn\";\r\n      tag.click();\r\n    }\r\n  }\r\n<\/script>\r\n    <div id=\"article-single-amazon-preview\" onclick=\"return open_amazon('https:\/\/www.amazon.de\/dp\/B0FQG8ZNH2?tag=musicweb02&linkCode=ogi&th=1&psc=1');\">\n  <div id=\"article-single-amazon-preview-header\">\n    <span class=\"title\">Produkthinweis<\/span>\n      <\/div>\n  <div id=\"article-single-amazon-preview-content\">\n    <div id=\"article-single-amazon-preview-img\" style=\"background: url('https:\/\/m.media-amazon.com\/images\/I\/31oFZPUN78L.jpg') center center no-repeat; background-size: cover;\"><\/div>\n    <div id=\"article-single-amazon-preview-desc\">\n      <span class=\"bezeichnung\"><a href=\"https:\/\/www.amazon.de\/dp\/B0FQG8ZNH2?tag=musicweb02&linkCode=ogi&th=1&psc=1\" style=\"text-decoration: none; border-bottom: 0px; box-shadow: none;\">iPhone Air 256GB Himmelblau<\/a><\/span>\n      <span class=\"preis--aktuell\">1.199 EUR<\/span>\n      <span class=\"preis--alt\"><\/span>\n    <\/div>\n  <\/div>\n<\/div>\n<script>\r\n  function open_amazon(link) {\r\n    if (navigator.userAgent.indexOf(\"Firefox\") != -1) {\r\n      window.open(link, '_blank');\r\n    } else {\r\n      var tag = document.createElement('a');\r\n      tag.setAttribute('href', link);\r\n      tag.innerHTML = \"amzn\";\r\n      tag.click();\r\n    }\r\n  }\r\n<\/script>\r\n    <div id=\"article-single-amazon-preview\" onclick=\"return open_amazon('https:\/\/www.amazon.de\/dp\/B0FQG15YVP?tag=musicweb02&linkCode=ogi&th=1&psc=1');\">\n  <div id=\"article-single-amazon-preview-header\">\n    <span class=\"title\">Produkthinweis<\/span>\n      <\/div>\n  <div id=\"article-single-amazon-preview-content\">\n    <div id=\"article-single-amazon-preview-img\" style=\"background: url('https:\/\/m.media-amazon.com\/images\/I\/31hNrO1SmmL.jpg') center center no-repeat; background-size: cover;\"><\/div>\n    <div id=\"article-single-amazon-preview-desc\">\n      <span class=\"bezeichnung\"><a href=\"https:\/\/www.amazon.de\/dp\/B0FQG15YVP?tag=musicweb02&linkCode=ogi&th=1&psc=1\" style=\"text-decoration: none; border-bottom: 0px; box-shadow: none;\">Apple iPhone 17 Pro 256 GB: 6,3\" Display mit ProMotion bis zu 120 Hz, A19 Pro Chip, bahnbrechende Batterielaufzeit, Pro...<\/a><\/span>\n      <span class=\"preis--aktuell\">1.299 EUR<\/span>\n      <span class=\"preis--alt\">1.299,00 EUR<\/span>\n    <\/div>\n  <\/div>\n<\/div>\n<p><img loading=\"lazy\" decoding=\"async\" src=\"https:\/\/vg08.met.vgwort.de\/na\/5450defe28354ae98706143e7ac76e53\" width=\"1\" height=\"1\"  no-lazy class=\"tracking\"><\/p>\n","protected":false},"excerpt":{"rendered":"<a href=\"https:\/\/www.iphone-ticker.de\/iphone-17-erste-modelle-bereits-vergriffen-amazon-liefert-noch-264027\/\"><img width=\"150\" height=\"150\" src=\"https:\/\/images.iphone-ticker.de\/wp-content\/uploads\/2025\/09\/apple-amazon-150x150.png\" class=\"alignright tfe wp-post-image\" alt=\"Apple Amazon\" decoding=\"async\" loading=\"lazy\" \/><\/a><p>Bereits 15 Minuten nach dem offiziellen Vorbestellungsstart waren erste Modelle der neuen iPhone-17-Familie bei Apple ausverkauft und nur noch mit Lieferverz\u00f6gerung erh\u00e4ltlich. Betroffen ist unter anderem die blaue Variante des iPhone 17 Pro Max mit 256 GB Speicher. Wer dieses Modell jetzt bestellt, erh\u00e4lt es nicht mehr p\u00fcnktlich zum 19. September. Stattdessen wird eine Lieferung [&hellip;]<\/p>\n","protected":false},"author":1,"featured_media":264030,"comment_status":"open","ping_status":"closed","sticky":false,"template":"","format":"standard","meta":{"footnotes":""},"categories":[749],"tags":[254,3912,344,6741],"class_list":["post-264027","post","type-post","status-publish","format-standard","has-post-thumbnail","hentry","category-iphone-2","tag-amazon","tag-apple","tag-iphone","tag-iphone-17"],"aioseo_notices":[],"subheadline":["Bestimmten Konfigurationen erst Ende September"],"featured_image":["https:\/\/images.iphone-ticker.de\/wp-content\/uploads\/2025\/09\/iphone-17-pro-max.jpg"],"rest_api_enabler":{"subheadline":"Bestimmten Konfigurationen erst Ende September","featured_image":"https:\/\/images.iphone-ticker.de\/wp-content\/uploads\/2025\/09\/iphone-17-pro-max.jpg"},"_links":{"self":[{"href":"https:\/\/www.iphone-ticker.de\/apiv2\/wp\/v2\/posts\/264027","targetHints":{"allow":["GET"]}}],"collection":[{"href":"https:\/\/www.iphone-ticker.de\/apiv2\/wp\/v2\/posts"}],"about":[{"href":"https:\/\/www.iphone-ticker.de\/apiv2\/wp\/v2\/types\/post"}],"author":[{"embeddable":true,"href":"https:\/\/www.iphone-ticker.de\/apiv2\/wp\/v2\/users\/1"}],"replies":[{"embeddable":true,"href":"https:\/\/www.iphone-ticker.de\/apiv2\/wp\/v2\/comments?post=264027"}],"version-history":[{"count":6,"href":"https:\/\/www.iphone-ticker.de\/apiv2\/wp\/v2\/posts\/264027\/revisions"}],"predecessor-version":[{"id":264044,"href":"https:\/\/www.iphone-ticker.de\/apiv2\/wp\/v2\/posts\/264027\/revisions\/264044"}],"wp:featuredmedia":[{"embeddable":true,"href":"https:\/\/www.iphone-ticker.de\/apiv2\/wp\/v2\/media\/264030"}],"wp:attachment":[{"href":"https:\/\/www.iphone-ticker.de\/apiv2\/wp\/v2\/media?parent=264027"}],"wp:term":[{"taxonomy":"category","embeddable":true,"href":"https:\/\/www.iphone-ticker.de\/apiv2\/wp\/v2\/categories?post=264027"},{"taxonomy":"post_tag","embeddable":true,"href":"https:\/\/www.iphone-ticker.de\/apiv2\/wp\/v2\/tags?post=264027"}],"curies":[{"name":"wp","href":"https:\/\/api.w.org\/{rel}","templated":true}]}}