{"id":263999,"date":"2025-09-12T11:50:28","date_gmt":"2025-09-12T09:50:28","guid":{"rendered":"https:\/\/www.iphone-ticker.de\/?p=263999"},"modified":"2025-09-12T11:56:06","modified_gmt":"2025-09-12T09:56:06","slug":"erste-videoeindruecke-vom-iphone-17-crossbody-band-akku-tischlage","status":"publish","type":"post","link":"https:\/\/www.iphone-ticker.de\/erste-videoeindruecke-vom-iphone-17-crossbody-band-akku-tischlage-263999\/","title":{"rendered":"Erste Videoeindr\u00fccke vom iPhone 17: Crossbody Band, Akku, Tischlage"},"content":{"rendered":"<p>Apple geht in diesem Jahr ungew\u00f6hnlich locker mit den sonst strengen Sperrfristen f\u00fcr Technikjournalisten um. Bereits zur <a href=\"https:\/\/www.iphone-ticker.de\/richtig-fette-kameras-das-iphone-17-pro-und-das-iphone-17-pro-max-263464\/\">Pr\u00e4sentation der neuen Hardware<\/a> am Dienstag in Cupertino durften ausgew\u00e4hlte Medienvertreter die neuen iPhone-Modelle direkt vor Ort ausprobieren und ihre Eindr\u00fccke im Video festhalten.<\/p>\n<p><a href=\"https:\/\/images.iphone-ticker.de\/wp-content\/uploads\/2025\/09\/iphone-17-hands-on.png\"><img loading=\"lazy\" decoding=\"async\" src=\"https:\/\/images.iphone-ticker.de\/wp-content\/uploads\/2025\/09\/iphone-17-hands-on-500x382.png\" alt=\"Iphone 17 Hands On\" width=\"500\" height=\"382\" class=\"aligncenter size-medium wp-image-264003\" srcset=\"https:\/\/images.iphone-ticker.de\/wp-content\/uploads\/2025\/09\/iphone-17-hands-on-500x382.png 500w, https:\/\/images.iphone-ticker.de\/wp-content\/uploads\/2025\/09\/iphone-17-hands-on-700x535.png 700w, https:\/\/images.iphone-ticker.de\/wp-content\/uploads\/2025\/09\/iphone-17-hands-on.png 1534w\" sizes=\"auto, (max-width: 500px) 100vw, 500px\" \/><\/a><\/p>\n<h6>Das iPhone Air: Das wohl meistgefilmte Ger\u00e4t<\/h6>\n<p>Anstelle fester Embargos konnten erste Hands-on-Videos schon kurz nach der Vorstellung ver\u00f6ffentlicht werden. Dies sorgt aktuell daf\u00fcr, dass interessierte Nutzer schon recht authentische Einblicke in die Ger\u00e4te erhalten, und dies noch bevor die Vorbestellungen starten.<\/p>\n<blockquote class=\"twitter-tweet\" data-media-max-width=\"560\">\n<p lang=\"en\" dir=\"ltr\">The new Apple crossbody lanyard is actually awesome. <a href=\"https:\/\/t.co\/ReGabgxtwG\">pic.twitter.com\/ReGabgxtwG<\/a><\/p>\n<p>&mdash; iJustine (@ijustine) <a href=\"https:\/\/twitter.com\/ijustine\/status\/1965526908990620137?ref_src=twsrc%5Etfw\">September 9, 2025<\/a><\/p><\/blockquote>\n<p> <script async src=\"https:\/\/platform.twitter.com\/widgets.js\" charset=\"utf-8\"><\/script><\/p>\n<h6>Neues Zubeh\u00f6r: Das Crossbody-Band in Aktion<\/h6>\n<p>Die Clips zeigen nicht nur das iPhone 17, das ultrad\u00fcnne iPhone Air und das iPhone 17 Pro, sondern auch erstes Zubeh\u00f6r. Besonders im Fokus steht dabei das neue Crossbody-Band, eine magnetische Umh\u00e4ngestrippe, die an den offiziellen H\u00fcllen befestigt werden kann. In den Videos ist gut zu sehen, wie das Band befestigt ist und wie stabil die Verbindung wirkt. F\u00fcr viele d\u00fcrfte dies ein praktischer Zusatz sein, der das iPhone noch mobiler macht.<\/p>\n<blockquote class=\"twitter-tweet\" data-media-max-width=\"560\">\n<p lang=\"en\" dir=\"ltr\">All new Apple accessories lineup  <a href=\"https:\/\/t.co\/3orB6KDpuz\">pic.twitter.com\/3orB6KDpuz<\/a><\/p>\n<p>&mdash; iJustine (@ijustine) <a href=\"https:\/\/twitter.com\/ijustine\/status\/1965536920697799043?ref_src=twsrc%5Etfw\">September 9, 2025<\/a><\/p><\/blockquote>\n<p> <script async src=\"https:\/\/platform.twitter.com\/widgets.js\" charset=\"utf-8\"><\/script><\/p>\n<h6>Apple ist in Sachen Zubeh\u00f6r breit aufgestellt<\/h6>\n<p>Auch das iPhone Air wird genauer unter die Lupe genommen. In mehreren Aufnahmen wird dieses direkt auch mit dem neuen MagSafe-Akku gezeigt, der das kompakte Modell auch durch Tage mit hoher Bildschirmzeit bringen soll. Die Frage, ob sich dieser Akku auch mit anderen iPhone-Varianten nutzen l\u00e4sst und in welchem Umfang er diese mit Energie versorgen kann, wird direkt beantwortet. <\/p>\n<p>Erste Tests deuten darauf hin, dass dies zwar theoretisch m\u00f6glich ist, der neue Akku aber nur auf dem R\u00fccken des iPhone Air wirklich passend sitzt. <\/p>\n<blockquote class=\"twitter-tweet\" data-media-max-width=\"560\">\n<p lang=\"en\" dir=\"ltr\">A closer look at the iPhone Air MagSafe Battery Pack and how it compares to the old MagSafe Battery Pack. It\u2019s thinner, larger, and charges with USB-C! $99 to add more battery life to the iPhone Air <a href=\"https:\/\/twitter.com\/hashtag\/AppleEvent?src=hash&amp;ref_src=twsrc%5Etfw\">#AppleEvent<\/a> <a href=\"https:\/\/t.co\/Ssmbo5wScQ\">pic.twitter.com\/Ssmbo5wScQ<\/a><\/p>\n<p>&mdash; Ray Wong (@raywongy) <a href=\"https:\/\/twitter.com\/raywongy\/status\/1965543285344403968?ref_src=twsrc%5Etfw\">September 9, 2025<\/a><\/p><\/blockquote>\n<p> <script async src=\"https:\/\/platform.twitter.com\/widgets.js\" charset=\"utf-8\"><\/script><\/p>\n<h6>Die neue und die alte MagSafe Batterie im direkten Vergleich<\/h6>\n<p>Das iPhone 17 Pro hingegen wird h\u00e4ufig von einer ganz praktischen Seite betrachtet. Viele Beobachter wollten wissen, ob die Kameraeinheit auf der R\u00fcckseite so stark hervorsteht, dass das Ger\u00e4t auf einem Tisch wackelt. Die Videos geben darauf klare Antworten und vermitteln zugleich einen guten Eindruck von der Verarbeitung und den neuen Farbvarianten. Gerade die dunkleren T\u00f6ne wirken unter Studiolicht unterschiedlich, was in den Aufnahmen gut nachvollziehbar ist.<\/p>\n<blockquote class=\"twitter-tweet\" data-media-max-width=\"560\">\n<p lang=\"en\" dir=\"ltr\">iPhone 17 Pro table wobble test! Does it pass? Let\u2019s find out! <a href=\"https:\/\/twitter.com\/hashtag\/AppleEvent?src=hash&amp;ref_src=twsrc%5Etfw\">#AppleEvent<\/a> <a href=\"https:\/\/t.co\/jhUv1zxR3K\">pic.twitter.com\/jhUv1zxR3K<\/a><\/p>\n<p>&mdash; Ray Wong (@raywongy) <a href=\"https:\/\/twitter.com\/raywongy\/status\/1965526055105822803?ref_src=twsrc%5Etfw\">September 9, 2025<\/a><\/p><\/blockquote>\n<p> <script async src=\"https:\/\/platform.twitter.com\/widgets.js\" charset=\"utf-8\"><\/script><\/p>\n<h6>Wackelt das iPhone 17 Pro auf dem Tisch ?<\/h6>\n<h2>Weitere Videos zum iPhone 17<\/h2>\n<p>Auf Plattformen wie YouTube, TikTok und X finden sich inzwischen zahlreiche dieser Ersteindr\u00fccke. Viele Creator gehen dabei gezielt auf Detailfragen ein, die in Apples Pr\u00e4sentation nicht im Vordergrund standen. Dazu geh\u00f6ren auch Vergleiche zwischen den Farben und Nahaufnahmen der neuen H\u00fcllen. Einige der interessanteren Videos haben wir in diesem Beitrag eingebunden. Diese verk\u00fcrzen hoffentlich die Wartezeit, bis heute um 14 Uhr die Vorbestellungen f\u00fcr die neuen Modelle beginnen.<\/p>\n<p><div class=\"responsive-video\"><iframe loading=\"lazy\" title=\"iPhone Air, 17 Pro\/17 Pro Max Accessories - First Look!\" width=\"500\" height=\"281\" src=\"https:\/\/www.youtube-nocookie.com\/embed\/ZNZKM12HhwE?feature=oembed\" frameborder=\"0\" allow=\"accelerometer; autoplay; clipboard-write; encrypted-media; gyroscope; picture-in-picture; web-share\" referrerpolicy=\"strict-origin-when-cross-origin\" allowfullscreen><\/iframe><\/div><\/p>\n<p><div class=\"responsive-video\"><iframe loading=\"lazy\" title=\"iPhone 17\/Pro\/Air Impressions: Spot the Red Flags!\" width=\"500\" height=\"281\" src=\"https:\/\/www.youtube-nocookie.com\/embed\/idEAABFzpfg?feature=oembed\" frameborder=\"0\" allow=\"accelerometer; autoplay; clipboard-write; encrypted-media; gyroscope; picture-in-picture; web-share\" referrerpolicy=\"strict-origin-when-cross-origin\" allowfullscreen><\/iframe><\/div><\/p>\n<p><div class=\"responsive-video\"><iframe loading=\"lazy\" title=\"2025 Apple Watches hands-on: did the SE 3 steal the show?\" width=\"500\" height=\"281\" src=\"https:\/\/www.youtube-nocookie.com\/embed\/70VvBWk1Ppc?feature=oembed\" frameborder=\"0\" allow=\"accelerometer; autoplay; clipboard-write; encrypted-media; gyroscope; picture-in-picture; web-share\" referrerpolicy=\"strict-origin-when-cross-origin\" allowfullscreen><\/iframe><\/div><\/p>\n<p><img loading=\"lazy\" decoding=\"async\" src=\"https:\/\/vg08.met.vgwort.de\/na\/30898966d7c64d35918d8b305540f572\" width=\"1\" height=\"1\"  no-lazy class=\"tracking\"><\/p>\n","protected":false},"excerpt":{"rendered":"<a href=\"https:\/\/www.iphone-ticker.de\/erste-videoeindruecke-vom-iphone-17-crossbody-band-akku-tischlage-263999\/\"><img width=\"150\" height=\"150\" src=\"https:\/\/images.iphone-ticker.de\/wp-content\/uploads\/2025\/09\/iphone-17-hands-on-150x150.png\" class=\"alignright tfe wp-post-image\" alt=\"Iphone 17 Hands On\" decoding=\"async\" loading=\"lazy\" \/><\/a><p>Apple geht in diesem Jahr ungew\u00f6hnlich locker mit den sonst strengen Sperrfristen f\u00fcr Technikjournalisten um. Bereits zur Pr\u00e4sentation der neuen Hardware am Dienstag in Cupertino durften ausgew\u00e4hlte Medienvertreter die neuen iPhone-Modelle direkt vor Ort ausprobieren und ihre Eindr\u00fccke im Video festhalten. Das iPhone Air: Das wohl meistgefilmte Ger\u00e4t Anstelle fester Embargos konnten erste Hands-on-Videos schon [&hellip;]<\/p>\n","protected":false},"author":1,"featured_media":264003,"comment_status":"open","ping_status":"closed","sticky":false,"template":"","format":"standard","meta":{"footnotes":""},"categories":[1],"tags":[6741,5660],"class_list":["post-263999","post","type-post","status-publish","format-standard","has-post-thumbnail","hentry","category-news","tag-iphone-17","tag-videos"],"aioseo_notices":[],"featured_image":["https:\/\/images.iphone-ticker.de\/wp-content\/uploads\/2025\/09\/iphone-17-videos.jpg"],"subheadline":["Zubeh\u00f6r und Farben im Video"],"rest_api_enabler":{"featured_image":"https:\/\/images.iphone-ticker.de\/wp-content\/uploads\/2025\/09\/iphone-17-videos.jpg","subheadline":"Zubeh\u00f6r und Farben im Video"},"_links":{"self":[{"href":"https:\/\/www.iphone-ticker.de\/apiv2\/wp\/v2\/posts\/263999","targetHints":{"allow":["GET"]}}],"collection":[{"href":"https:\/\/www.iphone-ticker.de\/apiv2\/wp\/v2\/posts"}],"about":[{"href":"https:\/\/www.iphone-ticker.de\/apiv2\/wp\/v2\/types\/post"}],"author":[{"embeddable":true,"href":"https:\/\/www.iphone-ticker.de\/apiv2\/wp\/v2\/users\/1"}],"replies":[{"embeddable":true,"href":"https:\/\/www.iphone-ticker.de\/apiv2\/wp\/v2\/comments?post=263999"}],"version-history":[{"count":5,"href":"https:\/\/www.iphone-ticker.de\/apiv2\/wp\/v2\/posts\/263999\/revisions"}],"predecessor-version":[{"id":264011,"href":"https:\/\/www.iphone-ticker.de\/apiv2\/wp\/v2\/posts\/263999\/revisions\/264011"}],"wp:featuredmedia":[{"embeddable":true,"href":"https:\/\/www.iphone-ticker.de\/apiv2\/wp\/v2\/media\/264003"}],"wp:attachment":[{"href":"https:\/\/www.iphone-ticker.de\/apiv2\/wp\/v2\/media?parent=263999"}],"wp:term":[{"taxonomy":"category","embeddable":true,"href":"https:\/\/www.iphone-ticker.de\/apiv2\/wp\/v2\/categories?post=263999"},{"taxonomy":"post_tag","embeddable":true,"href":"https:\/\/www.iphone-ticker.de\/apiv2\/wp\/v2\/tags?post=263999"}],"curies":[{"name":"wp","href":"https:\/\/api.w.org\/{rel}","templated":true}]}}