{"id":263991,"date":"2025-09-12T13:51:41","date_gmt":"2025-09-12T11:51:41","guid":{"rendered":"https:\/\/www.iphone-ticker.de\/?p=263991"},"modified":"2025-09-12T14:03:19","modified_gmt":"2025-09-12T12:03:19","slug":"iphone-17-vorbestellungen-starten-um-14-uhr","status":"publish","type":"post","link":"https:\/\/www.iphone-ticker.de\/iphone-17-vorbestellungen-starten-um-14-uhr-263991\/","title":{"rendered":"iPhone 17 und iPhone Air: Vorbestellungen sind angelaufen"},"content":{"rendered":"<p>P\u00fcnktlich um 14 Uhr deutscher Zeit f\u00e4llt heute der Startschuss f\u00fcr den Vorverkauf der neuen iPhone-17-Modelle. Apple selbst bereitet <a href=\"https:\/\/www.apple.com\/de\/shop\/goto\/store\">seinen Online Store<\/a> bereits seit dem fr\u00fchen Vormittag mit einer Vorschaltseite vor, bevor die Bestellungen in wenigen Minuten freigeschaltet werden.<\/p>\n<p><a href=\"https:\/\/images.iphone-ticker.de\/wp-content\/uploads\/2025\/09\/apple-iphone-17-vorbestellung.png\"><img loading=\"lazy\" decoding=\"async\" class=\"aligncenter size-medium wp-image-263992\" src=\"https:\/\/images.iphone-ticker.de\/wp-content\/uploads\/2025\/09\/apple-iphone-17-vorbestellung-500x500.png\" alt=\"Apple Iphone 17 Vorbestellung\" width=\"500\" height=\"500\" srcset=\"https:\/\/images.iphone-ticker.de\/wp-content\/uploads\/2025\/09\/apple-iphone-17-vorbestellung-500x500.png 500w, https:\/\/images.iphone-ticker.de\/wp-content\/uploads\/2025\/09\/apple-iphone-17-vorbestellung-700x700.png 700w, https:\/\/images.iphone-ticker.de\/wp-content\/uploads\/2025\/09\/apple-iphone-17-vorbestellung-150x150.png 150w, https:\/\/images.iphone-ticker.de\/wp-content\/uploads\/2025\/09\/apple-iphone-17-vorbestellung-1536x1536.png 1536w, https:\/\/images.iphone-ticker.de\/wp-content\/uploads\/2025\/09\/apple-iphone-17-vorbestellung-2048x2048.png 2048w\" sizes=\"auto, (max-width: 500px) 100vw, 500px\" \/><\/a><\/p>\n<p>Interessierte Nutzer k\u00f6nnen die Ger\u00e4te direkt \u00fcber den <a href=\"https:\/\/www.apple.com\/de\/shop\/goto\/store\">Apple Online Store<\/a>, die Apple-Store-App sowie kurze Zeit sp\u00e4ter auch \u00fcber den offiziellen <a rel=\"noindex, nofollow\" href=\"https:\/\/www.amazon.de\/stores\/page\/3CA12FDA-85E0-41F8-B952-0F20A97669B4?ingress=2&amp;lp_context_asin=B08L5R6ZHP&amp;visitId=270958c4-e3a8-4811-9cbc-92c202562401&amp;linkCode=ll2&amp;tag=musicweb02&amp;linkId=72247ef38c2722ec1070276fad9c6060&amp;language=de_DE&amp;ref_=as_li_ss_tl\">Apple-Shop bei Amazon<\/a> ordern. Noch mehr als in den vergangenen Jahren d\u00fcrfte heute mit einem hohen Andrang zu rechnen sein, sodass die Liefertermine im Laufe des Tages schnell nach hinten rutschen werden. Derzeit gibt Apple den 19. September als ersten Auslieferungstag an.<\/p>\n<p><a href=\"https:\/\/www.iphone-ticker.de\/iphone-umfrage-2025-die-beliebtesten-modelle-farben-und-speicher-263950\/\">Das aktuelle Stimmungsbild<\/a>: Gut 70 Prozent unserer Leser planen ein neues iPhone zu kaufen. Im letzten Jahr lag dieser Wert noch bei 57 Prozent.<\/p>\n<h2>Amazon mit eigenen Kontingenten<\/h2>\n<p>Amazon bleibt f\u00fcr viele Interessierte <a rel=\"noindex, nofollow\" href=\"https:\/\/www.amazon.de\/stores\/page\/3CA12FDA-85E0-41F8-B952-0F20A97669B4?ingress=2&amp;lp_context_asin=B08L5R6ZHP&amp;visitId=270958c4-e3a8-4811-9cbc-92c202562401&amp;linkCode=ll2&amp;tag=musicweb02&amp;linkId=72247ef38c2722ec1070276fad9c6060&amp;language=de_DE&amp;ref_=as_li_ss_tl\">eine beliebte Alternative<\/a>, da der Versandh\u00e4ndler in der Vergangenheit auch dann noch p\u00fcnktlich liefern konnte, wenn Apple selbst bereits l\u00e4ngere Lieferzeiten meldete. Bestellungen \u00fcber Amazon sind zudem f\u00fcr Besitzer einer Amazon-Kreditkarte oder Gesch\u00e4ftskunden interessant, da hier zus\u00e4tzliche Zahlungsoptionen und Sicherheitsmechanismen wie Einmalcodes bei der Zustellung angeboten werden.<\/p>\n<p><a href=\"https:\/\/images.iphone-ticker.de\/wp-content\/uploads\/2025\/09\/amazon-iphone.png\"><img loading=\"lazy\" decoding=\"async\" class=\"aligncenter size-large wp-image-263995\" src=\"https:\/\/images.iphone-ticker.de\/wp-content\/uploads\/2025\/09\/amazon-iphone-700x462.png\" alt=\"Amazon Iphone\" width=\"700\" height=\"462\" srcset=\"https:\/\/images.iphone-ticker.de\/wp-content\/uploads\/2025\/09\/amazon-iphone-700x462.png 700w, https:\/\/images.iphone-ticker.de\/wp-content\/uploads\/2025\/09\/amazon-iphone-500x330.png 500w, https:\/\/images.iphone-ticker.de\/wp-content\/uploads\/2025\/09\/amazon-iphone-1536x1014.png 1536w, https:\/\/images.iphone-ticker.de\/wp-content\/uploads\/2025\/09\/amazon-iphone-2048x1352.png 2048w\" sizes=\"auto, (max-width: 700px) 100vw, 700px\" \/><\/a><\/p>\n<h2>Angebote der Netzbetreiber<\/h2>\n<p>Neben Apple und Amazon nehmen auch die gro\u00dfen Netzbetreiber ab 14 Uhr Vorbestellungen entgegen. <a href=\"https:\/\/www.communicationads.net\/tc.php?t=10906C16024222T\">O2 wirbt mit einer Lieferung<\/a> ab dem 19. September und hebt die schnelle Verf\u00fcgbarkeit f\u00fcr Neukunden hervor.<\/p>\n<p><a href=\"https:\/\/www.communicationads.net\/tc.php?t=10906C16024222T\"><img loading=\"lazy\" decoding=\"async\" class=\"aligncenter wp-image-263993 size-large\" src=\"https:\/\/images.iphone-ticker.de\/wp-content\/uploads\/2025\/09\/o2-iphone-700x471.png\" alt=\"O2 Iphone\" width=\"700\" height=\"471\" srcset=\"https:\/\/images.iphone-ticker.de\/wp-content\/uploads\/2025\/09\/o2-iphone-700x471.png 700w, https:\/\/images.iphone-ticker.de\/wp-content\/uploads\/2025\/09\/o2-iphone-500x336.png 500w, https:\/\/images.iphone-ticker.de\/wp-content\/uploads\/2025\/09\/o2-iphone-1536x1033.png 1536w, https:\/\/images.iphone-ticker.de\/wp-content\/uploads\/2025\/09\/o2-iphone.png 1868w\" sizes=\"auto, (max-width: 700px) 100vw, 700px\" \/><\/a><\/p>\n<p><a href=\"https:\/\/private.vodafone-affiliate.de\/tc.php?t=120933C1175170977T\">Vodafone kombiniert den Verkaufsstart<\/a> der iPhone-17-Reihe mit verschiedenen Tarifoptionen und Zusatzvorteilen. Bestandskunden mit Internet- oder Festnetzanschluss erhalten zus\u00e4tzlich 10 Euro Rabatt pro Monat sowie mehr Datenvolumen. Im Tarif GigaMobil M gibt es beispielsweise das iPhone 17 mit 256 GB Speicher f\u00fcr einmalig 1 Euro und 64,99 Euro monatlich bei einer Laufzeit von 36 Monaten.<\/p>\n<p>Erg\u00e4nzend bietet Vodafone sein &#8222;5 Jahres-Versprechen&#8220; an, das eine verl\u00e4ngerte Garantie sowie einen kostenlosen Akku-Tausch bei sinkender Batteriekapazit\u00e4t umfasst.<\/p>\n<p><a href=\"https:\/\/www.awin1.com\/awclick.php?gid=361943&amp;mid=11430&amp;awinaffid=399545&amp;linkid=3208248&amp;clickref=\"><img loading=\"lazy\" decoding=\"async\" class=\"aligncenter wp-image-263994 size-large\" src=\"https:\/\/images.iphone-ticker.de\/wp-content\/uploads\/2025\/09\/telekom-iphone-700x509.png\" alt=\"Telekom Iphone\" width=\"700\" height=\"509\" srcset=\"https:\/\/images.iphone-ticker.de\/wp-content\/uploads\/2025\/09\/telekom-iphone-700x509.png 700w, https:\/\/images.iphone-ticker.de\/wp-content\/uploads\/2025\/09\/telekom-iphone-500x364.png 500w, https:\/\/images.iphone-ticker.de\/wp-content\/uploads\/2025\/09\/telekom-iphone-1536x1117.png 1536w, https:\/\/images.iphone-ticker.de\/wp-content\/uploads\/2025\/09\/telekom-iphone-2048x1489.png 2048w\" sizes=\"auto, (max-width: 700px) 100vw, 700px\" \/><\/a><\/p>\n<p>Auch die Telekom stellt <a href=\"https:\/\/www.awin1.com\/awclick.php?gid=361943&amp;mid=11430&amp;awinaffid=399545&amp;linkid=3208248&amp;clickref=\">ihre Angebote zum Verkaufsstart bereit<\/a>. \u00dcber die Magenta-App konnten Bestandskunden ihre Vertr\u00e4ge bereits am Vormittag verl\u00e4ngern, w\u00e4hrend auf den Online-Seiten des Bonner Netzbetreibers <a href=\"https:\/\/www.awin1.com\/awclick.php?gid=361943&amp;mid=11430&amp;awinaffid=399545&amp;linkid=3208248&amp;clickref=\">eine spezielle Landingpage<\/a> den Verkaufsstart begleitet.<\/p>\n<h2>Auslieferung ab kommendem Freitag<\/h2>\n<p>Apple nennt f\u00fcr die neuen Modelle aktuell den 19. September als Termin f\u00fcr die ersten Auslieferungen. Erfahrungsgem\u00e4\u00df kann sich dieser je nach Nachfrage verschieben. Wer fr\u00fch bestellt, hat die gr\u00f6\u00dften Chancen, sein Ger\u00e4t bereits am kommenden Freitag in den H\u00e4nden zu halten.<\/p>\n<script>\r\n  function open_amazon(link) {\r\n    if (navigator.userAgent.indexOf(\"Firefox\") != -1) {\r\n      window.open(link, '_blank');\r\n    } else {\r\n      var tag = document.createElement('a');\r\n      tag.setAttribute('href', link);\r\n      tag.innerHTML = \"amzn\";\r\n      tag.click();\r\n    }\r\n  }\r\n<\/script>\r\n    <div id=\"article-single-amazon-preview\" onclick=\"return open_amazon('https:\/\/www.amazon.de\/dp\/B0FQG15YVP?tag=musicweb02&linkCode=ogi&th=1&psc=1');\">\n  <div id=\"article-single-amazon-preview-header\">\n    <span class=\"title\">Produkthinweis<\/span>\n      <\/div>\n  <div id=\"article-single-amazon-preview-content\">\n    <div id=\"article-single-amazon-preview-img\" style=\"background: url('https:\/\/m.media-amazon.com\/images\/I\/31hNrO1SmmL.jpg') center center no-repeat; background-size: cover;\"><\/div>\n    <div id=\"article-single-amazon-preview-desc\">\n      <span class=\"bezeichnung\"><a href=\"https:\/\/www.amazon.de\/dp\/B0FQG15YVP?tag=musicweb02&linkCode=ogi&th=1&psc=1\" style=\"text-decoration: none; border-bottom: 0px; box-shadow: none;\">Apple iPhone 17 Pro 256 GB: 6,3\" Display mit ProMotion bis zu 120 Hz, A19 Pro Chip, bahnbrechende Batterielaufzeit, Pro...<\/a><\/span>\n      <span class=\"preis--aktuell\">1.299 EUR<\/span>\n      <span class=\"preis--alt\">1.299,00 EUR<\/span>\n    <\/div>\n  <\/div>\n<\/div>\n<p><img loading=\"lazy\" decoding=\"async\" src=\"https:\/\/vg08.met.vgwort.de\/na\/748a6fa380aa45e68ac6b769ecc04e6e\" width=\"1\" height=\"1\"  no-lazy class=\"tracking\"><\/p>\n","protected":false},"excerpt":{"rendered":"<a href=\"https:\/\/www.iphone-ticker.de\/iphone-17-vorbestellungen-starten-um-14-uhr-263991\/\"><img width=\"150\" height=\"150\" src=\"https:\/\/images.iphone-ticker.de\/wp-content\/uploads\/2025\/09\/apple-iphone-verkauf-150x150.jpg\" class=\"alignright tfe wp-post-image\" alt=\"Apple Iphone Verkauf\" decoding=\"async\" loading=\"lazy\" \/><\/a><p>P\u00fcnktlich um 14 Uhr deutscher Zeit f\u00e4llt heute der Startschuss f\u00fcr den Vorverkauf der neuen iPhone-17-Modelle. Apple selbst bereitet seinen Online Store bereits seit dem fr\u00fchen Vormittag mit einer Vorschaltseite vor, bevor die Bestellungen in wenigen Minuten freigeschaltet werden. Interessierte Nutzer k\u00f6nnen die Ger\u00e4te direkt \u00fcber den Apple Online Store, die Apple-Store-App sowie kurze Zeit [&hellip;]<\/p>\n","protected":false},"author":1,"featured_media":263996,"comment_status":"open","ping_status":"closed","sticky":false,"template":"","format":"standard","meta":{"footnotes":""},"categories":[14],"tags":[3912,344,6741],"class_list":["post-263991","post","type-post","status-publish","format-standard","has-post-thumbnail","hentry","category-apple","tag-apple","tag-iphone","tag-iphone-17"],"aioseo_notices":[],"subheadline":["Bei Apple, Amazon und den Mobilfunkanbietern"],"featured_image":["https:\/\/images.iphone-ticker.de\/wp-content\/uploads\/2025\/09\/apple-iphone-verkauf.jpg"],"rest_api_enabler":{"subheadline":"Bei Apple, Amazon und den Mobilfunkanbietern","featured_image":"https:\/\/images.iphone-ticker.de\/wp-content\/uploads\/2025\/09\/apple-iphone-verkauf.jpg"},"_links":{"self":[{"href":"https:\/\/www.iphone-ticker.de\/apiv2\/wp\/v2\/posts\/263991","targetHints":{"allow":["GET"]}}],"collection":[{"href":"https:\/\/www.iphone-ticker.de\/apiv2\/wp\/v2\/posts"}],"about":[{"href":"https:\/\/www.iphone-ticker.de\/apiv2\/wp\/v2\/types\/post"}],"author":[{"embeddable":true,"href":"https:\/\/www.iphone-ticker.de\/apiv2\/wp\/v2\/users\/1"}],"replies":[{"embeddable":true,"href":"https:\/\/www.iphone-ticker.de\/apiv2\/wp\/v2\/comments?post=263991"}],"version-history":[{"count":5,"href":"https:\/\/www.iphone-ticker.de\/apiv2\/wp\/v2\/posts\/263991\/revisions"}],"predecessor-version":[{"id":264026,"href":"https:\/\/www.iphone-ticker.de\/apiv2\/wp\/v2\/posts\/263991\/revisions\/264026"}],"wp:featuredmedia":[{"embeddable":true,"href":"https:\/\/www.iphone-ticker.de\/apiv2\/wp\/v2\/media\/263996"}],"wp:attachment":[{"href":"https:\/\/www.iphone-ticker.de\/apiv2\/wp\/v2\/media?parent=263991"}],"wp:term":[{"taxonomy":"category","embeddable":true,"href":"https:\/\/www.iphone-ticker.de\/apiv2\/wp\/v2\/categories?post=263991"},{"taxonomy":"post_tag","embeddable":true,"href":"https:\/\/www.iphone-ticker.de\/apiv2\/wp\/v2\/tags?post=263991"}],"curies":[{"name":"wp","href":"https:\/\/api.w.org\/{rel}","templated":true}]}}