{"id":263939,"date":"2025-09-11T17:31:35","date_gmt":"2025-09-11T15:31:35","guid":{"rendered":"https:\/\/www.iphone-ticker.de\/?p=263939"},"modified":"2025-09-11T17:32:03","modified_gmt":"2025-09-11T15:32:03","slug":"iphones-apple-watches-und-airpods-details-zum-bestellstart","status":"publish","type":"post","link":"https:\/\/www.iphone-ticker.de\/iphones-apple-watches-und-airpods-details-zum-bestellstart-263939\/","title":{"rendered":"iPhones, Apple Watches und AirPods: Details zum Bestellstart"},"content":{"rendered":"<p>Apple hat soeben nochmal an den f\u00fcr morgen angesetzten Bestellstart, der am Dienstag neu pr\u00e4sentierten iPhone-17-Familie <a href=\"https:\/\/www.apple.com\/newsroom\/2025\/09\/get-ready-to-discover-the-next-generation-of-iphone-apple-watch-and-airpods\/\">erinnert<\/a>. Die neuesten Ger\u00e4te Cupertinos werden sich ab Freitag, den 12. September, um 14 Uhr vorbestellen lassen.<\/p>\n<p><a href=\"https:\/\/images.iphone-ticker.de\/wp-content\/uploads\/2025\/09\/airpods-pro-3.png\"><img loading=\"lazy\" decoding=\"async\" class=\"aligncenter size-medium wp-image-263944\" src=\"https:\/\/images.iphone-ticker.de\/wp-content\/uploads\/2025\/09\/airpods-pro-3-500x294.png\" alt=\"Airpods Pro 3\" width=\"500\" height=\"294\" srcset=\"https:\/\/images.iphone-ticker.de\/wp-content\/uploads\/2025\/09\/airpods-pro-3-500x294.png 500w, https:\/\/images.iphone-ticker.de\/wp-content\/uploads\/2025\/09\/airpods-pro-3-700x412.png 700w, https:\/\/images.iphone-ticker.de\/wp-content\/uploads\/2025\/09\/airpods-pro-3.png 822w\" sizes=\"auto, (max-width: 500px) 100vw, 500px\" \/><\/a><\/p>\n<h6>Die neuen AirPods Pro 3 sind bei Apple bereits vergriffen<\/h6>\n<p>Bei Apple erh\u00e4ltlich sind dann das <a href=\"https:\/\/www.apple.com\/de\/newsroom\/2025\/09\/\/apple-introduces-iphone-17\/\">iPhone 17<\/a>, das <a href=\"https:\/\/www.apple.com\/de\/newsroom\/2025\/09\/introducing-iphone-air-a-powerful-new-iphone-with-a-breakthrough-design\/\">iPhone Air<\/a> sowie die Pro-Modelle <a href=\"https:\/\/www.apple.com\/de\/newsroom\/2025\/09\/apple-unveils-iphone-17-pro-and-iphone-17-pro-max-the-most-powerful-and-advanced-pro-models-ever\/\">iPhone 17 Pro und iPhone 17 Pro Max<\/a>. Ebenfalls neu im Angebot, allerdings schon seit dem Event vorbestellbar sind die Apple <a href=\"https:\/\/www.apple.com\/de\/newsroom\/2025\/09\/apple-debuts-apple-watch-series-11-featuring-groundbreaking-health-insights\/\">Watch Series 11<\/a>, die <a href=\"https:\/\/www.apple.com\/de\/newsroom\/2025\/09\/introducing-apple-watch-ultra-3\/\">Apple Watch Ultra 3<\/a>, die <a href=\"https:\/\/www.apple.com\/de\/newsroom\/2025\/09\/apple-introduces-apple-watch-se-3\/\">Apple Watch SE 3<\/a> sowie die AirPods Pro 3. Der regul\u00e4re Verkaufsstart erfolgt dann am 19. September.<\/p>\n<p>Vor allem in Sachen AirPods ist man inzwischen jedoch besser damit beraten, auf die <a href=\"https:\/\/www.ifun.de\/amzn\/B0FQF32239\">bei Amazon vorr\u00e4tigen Kontingente<\/a> zu setzen. Bei Apple haben sich die Liefertermine bereits nach hinten verschoben. Die AirPods Pro 3 kommen hier nicht mehr am 19. an, sondern erst nach dem 26. September.<\/p>\n<script>\r\n  function open_amazon(link) {\r\n    if (navigator.userAgent.indexOf(\"Firefox\") != -1) {\r\n      window.open(link, '_blank');\r\n    } else {\r\n      var tag = document.createElement('a');\r\n      tag.setAttribute('href', link);\r\n      tag.innerHTML = \"amzn\";\r\n      tag.click();\r\n    }\r\n  }\r\n<\/script>\r\n    <div id=\"article-single-amazon-preview\" onclick=\"return open_amazon('https:\/\/www.amazon.de\/dp\/B0FQF32239?tag=musicweb02&linkCode=ogi&th=1&psc=1');\">\n  <div id=\"article-single-amazon-preview-header\">\n    <span class=\"title\">Produkthinweis<\/span>\n      <\/div>\n  <div id=\"article-single-amazon-preview-content\">\n    <div id=\"article-single-amazon-preview-img\" style=\"background: url('https:\/\/m.media-amazon.com\/images\/I\/21ndyNcNL9L.jpg') center center no-repeat; background-size: cover;\"><\/div>\n    <div id=\"article-single-amazon-preview-desc\">\n      <span class=\"bezeichnung\"><a href=\"https:\/\/www.amazon.de\/dp\/B0FQF32239?tag=musicweb02&linkCode=ogi&th=1&psc=1\" style=\"text-decoration: none; border-bottom: 0px; box-shadow: none;\">Apple AirPods Pro 3 Kabellose In\u2011Ear Kopfh\u00f6rer, Aktive Ger\u00e4uschunterdr\u00fcckung, Herzfrequenzmessung...<\/a><\/span>\n      <span class=\"preis--aktuell\">194,99 EUR<\/span>\n      <span class=\"preis--alt\">249,00 EUR<\/span>\n    <\/div>\n  <\/div>\n<\/div>\n<h2>Ger\u00e4te und Zubeh\u00f6r im \u00dcberblick<\/h2>\n<p>Die neuen iPhones kommen mit einer \u00fcberarbeiteten Frontkamera, einem 48-Megapixel-Kamerasystem und dem aktuellen A19-Chip. Das iPhone Air f\u00e4llt durch ein besonders d\u00fcnnes und leichtes Geh\u00e4use auf. Die Pro-Modelle sind f\u00fcr h\u00f6here Leistung und verbesserte Kameraoptionen ausgelegt.<\/p>\n<p><video poster=\"\" preload=\"auto\" autoplay=\"autoplay\" loop=\"loop\" muted=\"\" controls=\"controls\" width=\"100%\"><source src=\"https:\/\/images.iphone-ticker.de\/wp-content\/uploads\/2025\/09\/iphone-farben.mp4\" \/><\/video><\/p>\n<h6>Die diesj\u00e4hrigen Ger\u00e4tefarben im \u00dcberblick<\/h6>\n<p>Auch bei der Apple Watch gibt es Anpassungen. Die Series 11 bringt erweiterte Gesundheitsfunktionen wie Bluthochdruckhinweise und einen Schlafindex. Die Watch SE 3 erg\u00e4nzt ein Always-On-Display sowie Temperaturmessung, w\u00e4hrend die Watch Ultra 3 erstmals Satellitenkommunikation mit Notruf- und Standortfunktion unterst\u00fctzt. Die AirPods Pro 3 bieten eine verbesserte Ger\u00e4uschunterdr\u00fcckung, sitzen stabiler und erfassen erstmals die Herzfrequenz beim Training.<\/p>\n<h2>Neues Zubeh\u00f6r zum Verkaufsstart<\/h2>\n<p>Zum Verkaufsstart bietet Apple au\u00dferdem neues Zubeh\u00f6r an. F\u00fcr das iPhone Air gibt es spezielle Bumper, <a href=\"https:\/\/www.apple.com\/de\/shop\/product\/MGH34ZM\/A\/iphone-air-case-mit-magsafe-frost\">Cases mit MagSafe<\/a> und eine <a href=\"https:\/\/www.apple.com\/de\/shop\/product\/MGPG4ZM\/A\/iphone-air-magsafe-batterie\">MagSafe-Batterie<\/a>. F\u00fcr die Pro-Modelle werden <a href=\"https:\/\/www.apple.com\/de\/shop\/product\/MGFC4ZM\/A\/iphone-17-pro-max-funktionsgewebe-case-mit-magsafe-siena\">neue Schutzh\u00fcllen<\/a> sowie <a href=\"https:\/\/www.apple.com\/de\/shop\/product\/MGGK4ZM\/A\/crossbody-band-mandel\">ein Crossbody-Band<\/a> eingef\u00fchrt.<\/p>\n<p><a href=\"https:\/\/images.iphone-ticker.de\/wp-content\/uploads\/2025\/09\/apple-zubehoer-cases-2.png\"><img loading=\"lazy\" decoding=\"async\" class=\"aligncenter size-large wp-image-263942\" src=\"https:\/\/images.iphone-ticker.de\/wp-content\/uploads\/2025\/09\/apple-zubehoer-cases-2-700x489.png\" alt=\"Apple Zubehoer Cases 2\" width=\"700\" height=\"489\" srcset=\"https:\/\/images.iphone-ticker.de\/wp-content\/uploads\/2025\/09\/apple-zubehoer-cases-2-700x489.png 700w, https:\/\/images.iphone-ticker.de\/wp-content\/uploads\/2025\/09\/apple-zubehoer-cases-2-500x350.png 500w, https:\/\/images.iphone-ticker.de\/wp-content\/uploads\/2025\/09\/apple-zubehoer-cases-2-1536x1074.png 1536w, https:\/\/images.iphone-ticker.de\/wp-content\/uploads\/2025\/09\/apple-zubehoer-cases-2-2048x1432.png 2048w\" sizes=\"auto, (max-width: 700px) 100vw, 700px\" \/><\/a><\/p>\n<p><a href=\"https:\/\/images.iphone-ticker.de\/wp-content\/uploads\/2025\/09\/apple-zubehoer-cases.png\"><img loading=\"lazy\" decoding=\"async\" class=\"aligncenter size-large wp-image-263941\" src=\"https:\/\/images.iphone-ticker.de\/wp-content\/uploads\/2025\/09\/apple-zubehoer-cases-700x489.png\" alt=\"Apple Zubehoer Cases\" width=\"700\" height=\"489\" srcset=\"https:\/\/images.iphone-ticker.de\/wp-content\/uploads\/2025\/09\/apple-zubehoer-cases-700x489.png 700w, https:\/\/images.iphone-ticker.de\/wp-content\/uploads\/2025\/09\/apple-zubehoer-cases-500x350.png 500w, https:\/\/images.iphone-ticker.de\/wp-content\/uploads\/2025\/09\/apple-zubehoer-cases-1536x1074.png 1536w, https:\/\/images.iphone-ticker.de\/wp-content\/uploads\/2025\/09\/apple-zubehoer-cases-2048x1432.png 2048w\" sizes=\"auto, (max-width: 700px) 100vw, 700px\" \/><\/a><\/p>\n<p>Auch die <a href=\"https:\/\/www.apple.com\/de\/shop\/watch\/bands\">Armbandkollektionen der Apple Watch<\/a> wurden \u00fcberarbeitet, inklusive neuer Varianten von Nike und Herm\u00e8s. Um hier einen \u00dcberblick zu bekommen, solltet ihr euch unbedingt die <a href=\"https:\/\/www.ifun.de\/app\/1528561380\">Bandbreite-App<\/a> installieren.<\/p>\n<!-- WP-Appbox (Version: 4.5.9 \/\/ Store: appstore \/\/ ID: 1528561380) -->\t<!-- app-link -->\n\t<div id=\"article-single-app-preview\">\n\t\t<div id=\"article-single-app-preview-header\">\n\t\t\t<span class=\"title\">Laden im App Store<\/span>\n\t\t<\/div>\n\t\t<div id=\"article-single-app-preview-content\">\n\t\t\t<div id=\"article-single-app-preview-img\"><img loading=\"lazy\" decoding=\"async\" src=\"\/\/www.iphone-ticker.de\/wp-content\/cache\/wp-appbox\/77df0ae9d8da0bf1f56f74acd2e91f0c\/ai-11f5f323565d50a5a728b67b4143dc3e\" alt=\"Bandbreite\"  height=\"72\" width=\"72\" class=\"asl-icon-img\" \/><\/div>\n\t\t\t<div id=\"article-single-app-preview-desc\">\n\t\t\t\t<span class=\"name\">Bandbreite<\/span><br \/>\n\t\t\t\t<span class=\"seller\">Entwickler: <a target=\"_blank\" rel=\"nofollow\" href=\"https:\/\/apps.apple.com\/de\/developer\/filip-chudzinski\/id1151226825\">Filip Chudzinski<\/a><\/span>\n\t\t\t<\/div>\n\t\t\t<a target=\"_blank\" rel=\"nofollow\" href=\"https:\/\/apps.apple.com\/de\/app\/bandbreite\/id1528561380\"><div id=\"article-single-app-preview-download\">Preis: Kostenlos<sup>+<\/sup><br \/>\n\t\t\t<span class=\"size\">Laden<\/span><\/div><\/a>\n\t\t<\/div>\n\t\t<!-- <div id=\"article-single-app-preview-footer\"><\/div>\t-->\n\t<\/div>\n\t<!-- app-link\/ende --><!-- \/WP-Appbox -->\n<h2>Preise, Trade-In und Vorbestellung<\/h2>\n<p>Apple weist auf sein <a href=\"https:\/\/www.apple.com\/de\/shop\/trade-in\">Trade-In-Programm<\/a> hin, bei dem beim Eintausch \u00e4lterer Ger\u00e4te eine Gutschrift von 210 bis 795 Euro m\u00f6glich ist. Wer Lust und Zeit hat kann seine Vorbestellung zudem schon vorbereiten, indem die entsprechende Hardware (und die Zahlungsmethode) bereits vorab in der Apple Store App ausgew\u00e4hlt wird. Der finale Kauf kann dann am Freitag mit wenigen Schritten abgeschlossen werden.<\/p>\n<!-- WP-Appbox (Version: 4.5.9 \/\/ Store: appstore \/\/ ID: 375380948) -->\t<!-- app-link -->\n\t<div id=\"article-single-app-preview\">\n\t\t<div id=\"article-single-app-preview-header\">\n\t\t\t<span class=\"title\">Laden im App Store<\/span>\n\t\t<\/div>\n\t\t<div id=\"article-single-app-preview-content\">\n\t\t\t<div id=\"article-single-app-preview-img\"><img loading=\"lazy\" decoding=\"async\" src=\"\/\/www.iphone-ticker.de\/wp-content\/cache\/wp-appbox\/10f16b0389ad2e907729428e90b5a037\/ai-68f566b7db97f045538139ccac37a9db\" alt=\"Unbekannte App\"  height=\"72\" width=\"72\" class=\"asl-icon-img\" \/><\/div>\n\t\t\t<div id=\"article-single-app-preview-desc\">\n\t\t\t\t<span class=\"name\">Unbekannte App<\/span><br \/>\n\t\t\t\t<span class=\"seller\">Entwickler: Unbekannt<\/span>\n\t\t\t<\/div>\n\t\t\t<a target=\"_blank\" rel=\"nofollow\" href=\"https:\/\/apps.apple.com\/cn\/iphone\/today\"><div id=\"article-single-app-preview-download\">Preis: Kostenlos<br \/>\n\t\t\t<span class=\"size\">Laden<\/span><\/div><\/a>\n\t\t<\/div>\n\t\t<!-- <div id=\"article-single-app-preview-footer\"><\/div>\t-->\n\t<\/div>\n\t<!-- app-link\/ende --><!-- \/WP-Appbox -->\n<p><img loading=\"lazy\" decoding=\"async\" src=\"https:\/\/vg08.met.vgwort.de\/na\/59a322dafa584930b6c8db26b2cb6092\" width=\"1\" height=\"1\"  no-lazy class=\"tracking\"><\/p>\n","protected":false},"excerpt":{"rendered":"<a href=\"https:\/\/www.iphone-ticker.de\/iphones-apple-watches-und-airpods-details-zum-bestellstart-263939\/\"><img width=\"150\" height=\"150\" src=\"https:\/\/images.iphone-ticker.de\/wp-content\/uploads\/2025\/09\/apple-pickup-1-150x150.jpg\" class=\"alignright tfe wp-post-image\" alt=\"Apple Pickup\" decoding=\"async\" loading=\"lazy\" \/><\/a><p>Apple hat soeben nochmal an den f\u00fcr morgen angesetzten Bestellstart, der am Dienstag neu pr\u00e4sentierten iPhone-17-Familie erinnert. Die neuesten Ger\u00e4te Cupertinos werden sich ab Freitag, den 12. September, um 14 Uhr vorbestellen lassen. Die neuen AirPods Pro 3 sind bei Apple bereits vergriffen Bei Apple erh\u00e4ltlich sind dann das iPhone 17, das iPhone Air sowie [&hellip;]<\/p>\n","protected":false},"author":1,"featured_media":263945,"comment_status":"open","ping_status":"closed","sticky":false,"template":"","format":"standard","meta":{"footnotes":""},"categories":[14],"tags":[3912,6741],"class_list":["post-263939","post","type-post","status-publish","format-standard","has-post-thumbnail","hentry","category-apple","tag-apple","tag-iphone-17"],"aioseo_notices":[],"featured_image":["https:\/\/images.iphone-ticker.de\/wp-content\/uploads\/2025\/09\/apple-pickup-1.jpg"],"subheadline":["Vorbereitung bereits m\u00f6glich"],"rest_api_enabler":{"featured_image":"https:\/\/images.iphone-ticker.de\/wp-content\/uploads\/2025\/09\/apple-pickup-1.jpg","subheadline":"Vorbereitung bereits m\u00f6glich"},"_links":{"self":[{"href":"https:\/\/www.iphone-ticker.de\/apiv2\/wp\/v2\/posts\/263939","targetHints":{"allow":["GET"]}}],"collection":[{"href":"https:\/\/www.iphone-ticker.de\/apiv2\/wp\/v2\/posts"}],"about":[{"href":"https:\/\/www.iphone-ticker.de\/apiv2\/wp\/v2\/types\/post"}],"author":[{"embeddable":true,"href":"https:\/\/www.iphone-ticker.de\/apiv2\/wp\/v2\/users\/1"}],"replies":[{"embeddable":true,"href":"https:\/\/www.iphone-ticker.de\/apiv2\/wp\/v2\/comments?post=263939"}],"version-history":[{"count":2,"href":"https:\/\/www.iphone-ticker.de\/apiv2\/wp\/v2\/posts\/263939\/revisions"}],"predecessor-version":[{"id":263949,"href":"https:\/\/www.iphone-ticker.de\/apiv2\/wp\/v2\/posts\/263939\/revisions\/263949"}],"wp:featuredmedia":[{"embeddable":true,"href":"https:\/\/www.iphone-ticker.de\/apiv2\/wp\/v2\/media\/263945"}],"wp:attachment":[{"href":"https:\/\/www.iphone-ticker.de\/apiv2\/wp\/v2\/media?parent=263939"}],"wp:term":[{"taxonomy":"category","embeddable":true,"href":"https:\/\/www.iphone-ticker.de\/apiv2\/wp\/v2\/categories?post=263939"},{"taxonomy":"post_tag","embeddable":true,"href":"https:\/\/www.iphone-ticker.de\/apiv2\/wp\/v2\/tags?post=263939"}],"curies":[{"name":"wp","href":"https:\/\/api.w.org\/{rel}","templated":true}]}}