{"id":263513,"date":"2025-09-09T11:37:05","date_gmt":"2025-09-09T09:37:05","guid":{"rendered":"https:\/\/www.iphone-ticker.de\/?p=263513"},"modified":"2025-09-15T15:57:14","modified_gmt":"2025-09-15T13:57:14","slug":"belkin-neue-qi2-ladegeraete-mit-25-watt-jetzt-erhaeltlich","status":"publish","type":"post","link":"https:\/\/www.iphone-ticker.de\/belkin-neue-qi2-ladegeraete-mit-25-watt-jetzt-erhaeltlich-263513\/","title":{"rendered":"Belkin: Neue Qi2-Ladeger\u00e4te mit 25 Watt jetzt erh\u00e4ltlich"},"content":{"rendered":"<p>Die vor drei Wochen von Belkin angek\u00fcndigten neuen Qi2-Ladestationen mit einer Maximalleistung von 25 Watt sind rechtzeitig vor der Freigabe von iOS 26 nun auch in Deutschland erh\u00e4ltlich. Der Hersteller bietet die Ger\u00e4te sowohl \u00fcber die eigene Webseite als auch \u00fcber Amazon zur Bestellung an.<\/p>\n<p>Grunds\u00e4tzlich funktionieren die kabellosen Ladeger\u00e4te nat\u00fcrlich auch schon mit der aktuellen iOS-Version und \u00e4lteren iPhone-Modellen. Wenn man jedoch die maximale kabellose Ladegeschwindigkeit erreichen will, muss man sich bis zur Freigabe von iOS 26 gedulden. Apple schaltet mit diesem Update auch die Unterst\u00fctzung f\u00fcr das schnelle kabellose Laden mit bis zu 25 Watt frei. Standardm\u00e4\u00dfig wird nach dem Qi2-Standard bislang nur 15 Watt als maximale Ladeleistung unterst\u00fctzt.<\/p>\n<p><div class=\"responsive-video\"><iframe loading=\"lazy\" title=\"Meet the UltraCharge Series.\" width=\"500\" height=\"281\" src=\"https:\/\/www.youtube-nocookie.com\/embed\/DcOfMNI_1aI?feature=oembed\" frameborder=\"0\" allow=\"accelerometer; autoplay; clipboard-write; encrypted-media; gyroscope; picture-in-picture; web-share\" referrerpolicy=\"strict-origin-when-cross-origin\" allowfullscreen><\/iframe><\/div><\/p>\n<p>Einschr\u00e4nkungen gibt es hier allerdings auch bei den kompatiblen Ger\u00e4ten. Lediglich die iPhone-16-Modelle (und sicherlich auch die heute Abend kommende neue iPhone-Generation 17) lassen sich nach der Installation von iOS 26 mit bis zu 25 Watt kabellos laden. Wer ein \u00e4lteres iPhone mit Qi-Unterst\u00fctzung hat, muss sich mit einer maximalen Leistung von 15 Watt begn\u00fcgen. Belkin bietet drei neue Ladestationen mit der erweiterten Unterst\u00fctzung von Qi2 und jeweils in den Farben Schwarz oder Wei\u00df an:<\/p>\n<h2><a href=\"https:\/\/belkinde.evyy.net\/qz35GN\">UltraChargePro-Ladestation 3-in-1<\/a><\/h2>\n<p><a href=\"https:\/\/images.iphone-ticker.de\/wp-content\/uploads\/2025\/08\/WIZ040_UltraCharge-Pro_3in1_charcoal_1.png\"><img loading=\"lazy\" decoding=\"async\" src=\"https:\/\/images.iphone-ticker.de\/wp-content\/uploads\/2025\/08\/WIZ040_UltraCharge-Pro_3in1_charcoal_1-700x651.png\" alt=\"WIZ040 UltraCharge Pro 3in1 Charcoal 1\" width=\"700\" height=\"651\" class=\"alignnone size-large wp-image-262466\" srcset=\"https:\/\/images.iphone-ticker.de\/wp-content\/uploads\/2025\/08\/WIZ040_UltraCharge-Pro_3in1_charcoal_1-700x651.png 700w, https:\/\/images.iphone-ticker.de\/wp-content\/uploads\/2025\/08\/WIZ040_UltraCharge-Pro_3in1_charcoal_1-500x465.png 500w, https:\/\/images.iphone-ticker.de\/wp-content\/uploads\/2025\/08\/WIZ040_UltraCharge-Pro_3in1_charcoal_1.png 1400w\" sizes=\"auto, (max-width: 700px) 100vw, 700px\" \/><\/a><\/p>\n<p>Die neue <a href=\"https:\/\/belkinde.evyy.net\/qz35GN\">magnetische 3-in-1-Ladestation mit Qi2 (25 W)<\/a> wird von Belkin zum Preis von 119,99 Euro angeboten. Der Standfu\u00df f\u00fcr den Schreibtisch kann das iPhone im Hoch- oder Querformat halten und bietet erg\u00e4nzend Ladefl\u00e4chen f\u00fcr die AirPods und die Apple Watch. Im Lieferumfang ist neben der Ladestation selbst ein passendes Netzteil mit 45 Watt Leistung sowie ein USB-C-Anschlusskabel enthalten.<\/p>\n<script>\r\n  function open_amazon(link) {\r\n    if (navigator.userAgent.indexOf(\"Firefox\") != -1) {\r\n      window.open(link, '_blank');\r\n    } else {\r\n      var tag = document.createElement('a');\r\n      tag.setAttribute('href', link);\r\n      tag.innerHTML = \"amzn\";\r\n      tag.click();\r\n    }\r\n  }\r\n<\/script>\r\n    <div id=\"article-single-amazon-preview\" onclick=\"return open_amazon('https:\/\/www.amazon.de\/dp\/B0FKHDLK9X?tag=musicweb02&linkCode=ogi&th=1&psc=1');\">\n  <div id=\"article-single-amazon-preview-header\">\n    <span class=\"title\">Produkthinweis<\/span>\n      <\/div>\n  <div id=\"article-single-amazon-preview-content\">\n    <div id=\"article-single-amazon-preview-img\" style=\"background: url('https:\/\/m.media-amazon.com\/images\/I\/41yk4qXQneL.jpg') center center no-repeat; background-size: cover;\"><\/div>\n    <div id=\"article-single-amazon-preview-desc\">\n      <span class=\"bezeichnung\"><a href=\"https:\/\/www.amazon.de\/dp\/B0FKHDLK9X?tag=musicweb02&linkCode=ogi&th=1&psc=1\" style=\"text-decoration: none; border-bottom: 0px; box-shadow: none;\">Belkin UltraCharge Pro Qi2.2 Induktive Ladestation, 25W, 3 in 1 Ladeger\u00e4t MagSafe Kompatibel, Wireless Charger f\u00fcr...<\/a><\/span>\n      <span class=\"preis--aktuell\">99,80 EUR<\/span>\n      <span class=\"preis--alt\">119,99 EUR<\/span>\n    <\/div>\n  <\/div>\n<\/div>\n<h2><a href=\"https:\/\/belkinde.evyy.net\/BnJm9x\">UltraCharge-Ladestation 3-in-1<\/a><\/h2>\n<p><a href=\"https:\/\/images.iphone-ticker.de\/wp-content\/uploads\/2025\/08\/WIZ036_UltraCharge_3in1_black_1.png\"><img loading=\"lazy\" decoding=\"async\" src=\"https:\/\/images.iphone-ticker.de\/wp-content\/uploads\/2025\/08\/WIZ036_UltraCharge_3in1_black_1-700x663.png\" alt=\"WIZ036 UltraCharge 3in1 Black 1\" width=\"700\" height=\"663\" class=\"alignnone size-large wp-image-262464\" srcset=\"https:\/\/images.iphone-ticker.de\/wp-content\/uploads\/2025\/08\/WIZ036_UltraCharge_3in1_black_1-700x663.png 700w, https:\/\/images.iphone-ticker.de\/wp-content\/uploads\/2025\/08\/WIZ036_UltraCharge_3in1_black_1-500x473.png 500w, https:\/\/images.iphone-ticker.de\/wp-content\/uploads\/2025\/08\/WIZ036_UltraCharge_3in1_black_1.png 1400w\" sizes=\"auto, (max-width: 700px) 100vw, 700px\" \/><\/a><\/p>\n<p>Die ebenfalls neu von Belkin angebotene <a href=\"https:\/\/belkinde.evyy.net\/BnJm9x\">faltbare magnetische 3-in-1-Ladestation mit Qi2 (25W)<\/a> kommt mit den gleichen Leistungsdaten wie das gr\u00f6\u00dfere Modell, l\u00e4sst sich jedoch kompakt zusammenklappen und somit auch gut unterwegs verwenden. Auch hier sind ein passendes Netzteil und Anschlusskabel mit dabei. Preislich reiht sich diese Version bei 89,99 Euro ein.<\/p>\n<script>\r\n  function open_amazon(link) {\r\n    if (navigator.userAgent.indexOf(\"Firefox\") != -1) {\r\n      window.open(link, '_blank');\r\n    } else {\r\n      var tag = document.createElement('a');\r\n      tag.setAttribute('href', link);\r\n      tag.innerHTML = \"amzn\";\r\n      tag.click();\r\n    }\r\n  }\r\n<\/script>\r\n    <div id=\"article-single-amazon-preview\" onclick=\"return open_amazon('https:\/\/www.amazon.de\/dp\/B0FKHG4Z46?tag=musicweb02&linkCode=ogi&th=1&psc=1');\">\n  <div id=\"article-single-amazon-preview-header\">\n    <span class=\"title\">Produkthinweis<\/span>\n      <\/div>\n  <div id=\"article-single-amazon-preview-content\">\n    <div id=\"article-single-amazon-preview-img\" style=\"background: url('https:\/\/m.media-amazon.com\/images\/I\/31UTw0BsGyL.jpg') center center no-repeat; background-size: cover;\"><\/div>\n    <div id=\"article-single-amazon-preview-desc\">\n      <span class=\"bezeichnung\"><a href=\"https:\/\/www.amazon.de\/dp\/B0FKHG4Z46?tag=musicweb02&linkCode=ogi&th=1&psc=1\" style=\"text-decoration: none; border-bottom: 0px; box-shadow: none;\">Belkin UltraCharge 3 in 1 Ladestation mit Qi2.2, 25W, Ladeger\u00e4t MagSafe Kompatibel, Induktive Ladestation f\u00fcr iPhone...<\/a><\/span>\n      <span class=\"preis--aktuell\">89,99 EUR<\/span>\n      <span class=\"preis--alt\"><\/span>\n    <\/div>\n  <\/div>\n<\/div>\n<h2><a href=\"https:\/\/belkinde.evyy.net\/ra3kN5\">UltraCharge-Ladestation 2-in-1<\/a><\/h2>\n<p><a href=\"https:\/\/images.iphone-ticker.de\/wp-content\/uploads\/2025\/08\/WIZ038_UltraCharge_2in1_black_1.png\"><img loading=\"lazy\" decoding=\"async\" src=\"https:\/\/images.iphone-ticker.de\/wp-content\/uploads\/2025\/08\/WIZ038_UltraCharge_2in1_black_1-700x647.png\" alt=\"WIZ038 UltraCharge 2in1 Black 1\" width=\"700\" height=\"647\" class=\"alignnone size-large wp-image-262465\" srcset=\"https:\/\/images.iphone-ticker.de\/wp-content\/uploads\/2025\/08\/WIZ038_UltraCharge_2in1_black_1-700x647.png 700w, https:\/\/images.iphone-ticker.de\/wp-content\/uploads\/2025\/08\/WIZ038_UltraCharge_2in1_black_1-500x462.png 500w, https:\/\/images.iphone-ticker.de\/wp-content\/uploads\/2025\/08\/WIZ038_UltraCharge_2in1_black_1.png 1400w\" sizes=\"auto, (max-width: 700px) 100vw, 700px\" \/><\/a><\/p>\n<p>Als dritte Neuerscheinung bietet Belkin eine <a href=\"https:\/\/belkinde.evyy.net\/ra3kN5\">faltbare magnetische 2-in-1-Ladestation mit Qi2 (25W)<\/a> f\u00fcr all jene Nutzer an, die neben dem iPhone nur ihre Ohrh\u00f6rer, aber keine Apple Watch laden m\u00fcssen. Preislich wird es dann mit 59,99 Euro auch nochmals ein wenig g\u00fcnstiger. Im Lieferumfang ist auch hier ein anderthalb Meter langes USB-C-Kabel und ein 45-Watt-Netzteil enthalten.<\/p>\n<p><script>\r\n  function open_amazon(link) {\r\n    if (navigator.userAgent.indexOf(\"Firefox\") != -1) {\r\n      window.open(link, '_blank');\r\n    } else {\r\n      var tag = document.createElement('a');\r\n      tag.setAttribute('href', link);\r\n      tag.innerHTML = \"amzn\";\r\n      tag.click();\r\n    }\r\n  }\r\n<\/script>\r\n    <div id=\"article-single-amazon-preview\" onclick=\"return open_amazon('https:\/\/www.amazon.de\/dp\/B0FKHGV4DG?tag=musicweb02&linkCode=ogi&th=1&psc=1');\">\n  <div id=\"article-single-amazon-preview-header\">\n    <span class=\"title\">Produkthinweis<\/span>\n      <\/div>\n  <div id=\"article-single-amazon-preview-content\">\n    <div id=\"article-single-amazon-preview-img\" style=\"background: url('https:\/\/m.media-amazon.com\/images\/I\/31q1ncXw3dL.jpg') center center no-repeat; background-size: cover;\"><\/div>\n    <div id=\"article-single-amazon-preview-desc\">\n      <span class=\"bezeichnung\"><a href=\"https:\/\/www.amazon.de\/dp\/B0FKHGV4DG?tag=musicweb02&linkCode=ogi&th=1&psc=1\" style=\"text-decoration: none; border-bottom: 0px; box-shadow: none;\">Belkin UltraCharge Qi 2.2 Ladestation 2 in 1, 25W, Ladeger\u00e4t MagSafe Kompatibel, Induktive Ladestation f\u00fcr iPhone...<\/a><\/span>\n      <span class=\"preis--aktuell\">59,99 EUR<\/span>\n      <span class=\"preis--alt\"><\/span>\n    <\/div>\n  <\/div>\n<\/div><br \/>\n<img loading=\"lazy\" decoding=\"async\" src=\"https:\/\/vg09.met.vgwort.de\/na\/09026bfe5a6342d7a8ba0ed4a39e00ed\" width=\"1\" height=\"1\" no-lazy class=\"tracking\"><\/p>\n","protected":false},"excerpt":{"rendered":"<a href=\"https:\/\/www.iphone-ticker.de\/belkin-neue-qi2-ladegeraete-mit-25-watt-jetzt-erhaeltlich-263513\/\"><img width=\"150\" height=\"150\" src=\"https:\/\/images.iphone-ticker.de\/wp-content\/uploads\/2025\/09\/belkin-qi2-feature-150x150.jpg\" class=\"alignright tfe wp-post-image\" alt=\"Belkin Qi2 Feature\" decoding=\"async\" loading=\"lazy\" \/><\/a><p>Die vor drei Wochen von Belkin angek\u00fcndigten neuen Qi2-Ladestationen mit einer Maximalleistung von 25 Watt sind rechtzeitig vor der Freigabe von iOS 26 nun auch in Deutschland erh\u00e4ltlich. Der Hersteller bietet die Ger\u00e4te sowohl \u00fcber die eigene Webseite als auch \u00fcber Amazon zur Bestellung an. Grunds\u00e4tzlich funktionieren die kabellosen Ladeger\u00e4te nat\u00fcrlich auch schon mit der [&hellip;]<\/p>\n","protected":false},"author":2,"featured_media":263517,"comment_status":"open","ping_status":"closed","sticky":false,"template":"","format":"standard","meta":{"footnotes":""},"categories":[1,1975],"tags":[28,45,6642],"class_list":["post-263513","post","type-post","status-publish","format-standard","has-post-thumbnail","hentry","category-news","category-feature","tag-belkin","tag-ladegerat","tag-qi2"],"aioseo_notices":[],"subheadline":["Volle Leistung mit iOS 26"],"featured_image":["https:\/\/images.iphone-ticker.de\/wp-content\/uploads\/2025\/09\/belkin-qi2-feature.jpg"],"rest_api_enabler":{"subheadline":"Volle Leistung mit iOS 26","featured_image":"https:\/\/images.iphone-ticker.de\/wp-content\/uploads\/2025\/09\/belkin-qi2-feature.jpg"},"_links":{"self":[{"href":"https:\/\/www.iphone-ticker.de\/apiv2\/wp\/v2\/posts\/263513","targetHints":{"allow":["GET"]}}],"collection":[{"href":"https:\/\/www.iphone-ticker.de\/apiv2\/wp\/v2\/posts"}],"about":[{"href":"https:\/\/www.iphone-ticker.de\/apiv2\/wp\/v2\/types\/post"}],"author":[{"embeddable":true,"href":"https:\/\/www.iphone-ticker.de\/apiv2\/wp\/v2\/users\/2"}],"replies":[{"embeddable":true,"href":"https:\/\/www.iphone-ticker.de\/apiv2\/wp\/v2\/comments?post=263513"}],"version-history":[{"count":8,"href":"https:\/\/www.iphone-ticker.de\/apiv2\/wp\/v2\/posts\/263513\/revisions"}],"predecessor-version":[{"id":263526,"href":"https:\/\/www.iphone-ticker.de\/apiv2\/wp\/v2\/posts\/263513\/revisions\/263526"}],"wp:featuredmedia":[{"embeddable":true,"href":"https:\/\/www.iphone-ticker.de\/apiv2\/wp\/v2\/media\/263517"}],"wp:attachment":[{"href":"https:\/\/www.iphone-ticker.de\/apiv2\/wp\/v2\/media?parent=263513"}],"wp:term":[{"taxonomy":"category","embeddable":true,"href":"https:\/\/www.iphone-ticker.de\/apiv2\/wp\/v2\/categories?post=263513"},{"taxonomy":"post_tag","embeddable":true,"href":"https:\/\/www.iphone-ticker.de\/apiv2\/wp\/v2\/tags?post=263513"}],"curies":[{"name":"wp","href":"https:\/\/api.w.org\/{rel}","templated":true}]}}