{"id":263490,"date":"2025-09-09T07:49:53","date_gmt":"2025-09-09T05:49:53","guid":{"rendered":"https:\/\/www.iphone-ticker.de\/?p=263490"},"modified":"2025-09-09T07:50:31","modified_gmt":"2025-09-09T05:50:31","slug":"iphone-17-pro-dampfkammer-kuehlung-als-zentrale-neuerung","status":"publish","type":"post","link":"https:\/\/www.iphone-ticker.de\/iphone-17-pro-dampfkammer-kuehlung-als-zentrale-neuerung-263490\/","title":{"rendered":"iPhone 17 Pro: Dampfkammer-K\u00fchlung als zentrale Neuerung?"},"content":{"rendered":"<p>Seid ihr bereit f\u00fcr heute Abend? Um 19 Uhr startet Apples iPhone-Event 2025. Die Pr\u00e4sentation der neuen Ger\u00e4te wird voraussichtlich knapp zwei Stunden dauern und auch als Livestream \u00fcbertragen. Allerdings ist \u201alive\u2018 nur eingeschr\u00e4nkt zutreffend. In den Corona-Jahren ist Apple davon abgekommen, solche Veranstaltungen tats\u00e4chlich live abzuhalten. Stattdessen bekommen wir inzwischen nur noch vorab produzierte und bis ins letzte Detail polierte Videos zu sehen.<\/p>\n<p>Auch in diesem Jahr stehen euch wieder drei verschiedene M\u00f6glichkeiten zur Verf\u00fcgung, die Videopr\u00e4sentation zu verfolgen. Ihr k\u00f6nnt der virtuellen Veranstaltung entweder im Livestream direkt auf der <a href=\"https:\/\/www.apple.com\/\">Apple-Webseite<\/a>, in der Events-App auf Apple TV oder einfach auf <a href=\"https:\/\/www.youtube.com\/watch?v=H3KnMyojEQU\">YouTube<\/a> beiwohnen. Dort wurde bereits vergangene Woche ein Platzhalter eingestellt.<\/p>\n<p><div class=\"responsive-video\"><iframe loading=\"lazy\" title=\"Apple Event \u2014 September 9\" width=\"500\" height=\"281\" src=\"https:\/\/www.youtube-nocookie.com\/embed\/H3KnMyojEQU?feature=oembed\" frameborder=\"0\" allow=\"accelerometer; autoplay; clipboard-write; encrypted-media; gyroscope; picture-in-picture; web-share\" referrerpolicy=\"strict-origin-when-cross-origin\" allowfullscreen><\/iframe><\/div><\/p>\n<h2>Dampfkammer-K\u00fchlung bei den Pro-Modellen<\/h2>\n<p>Der Bloomberg-Autor <a href=\"https:\/\/x.com\/markgurman\">Mark Gurman<\/a> meldet sich kurz vor Torschluss mit ein paar Last-Minute-Einw\u00fcrfen zu Wort und erinnert an das bereits <a href=\"https:\/\/www.iphone-ticker.de\/dampfkammern-als-neue-kuehltechnik-fuer-das-iphone-17-pro-258713\/\">vor einigen Monaten<\/a> durch die Ger\u00fcchtek\u00fcche geisternde neue K\u00fchlsystem. Dampfkammern sollen dazu beitragen, dass die Betriebstemperaturen der besonders leistungsf\u00e4higen Modelle iPhone 17 Pro und iPhone 17 Pro Max im Rahmen bleiben. Gurman zufolge soll das neue K\u00fchlsystem bei der Pr\u00e4sentation der Ger\u00e4te heute Abend eine zentrale Rolle spielen.<\/p>\n<p><a href=\"https:\/\/images.iphone-ticker.de\/wp-content\/uploads\/2025\/06\/vapuor-chamber-iphone-17-pro.jpg\"><img loading=\"lazy\" decoding=\"async\" src=\"https:\/\/images.iphone-ticker.de\/wp-content\/uploads\/2025\/06\/vapuor-chamber-iphone-17-pro-636x700.jpg\" alt=\"Vapuor Chamber Iphone 17 Pro\" width=\"636\" height=\"700\" class=\"alignnone size-large wp-image-258715\" srcset=\"https:\/\/images.iphone-ticker.de\/wp-content\/uploads\/2025\/06\/vapuor-chamber-iphone-17-pro-636x700.jpg 636w, https:\/\/images.iphone-ticker.de\/wp-content\/uploads\/2025\/06\/vapuor-chamber-iphone-17-pro-454x500.jpg 454w, https:\/\/images.iphone-ticker.de\/wp-content\/uploads\/2025\/06\/vapuor-chamber-iphone-17-pro.jpg 700w\" sizes=\"auto, (max-width: 636px) 100vw, 636px\" \/><\/a><\/p>\n<h6>Bereits im Juni kursierendes Bild eines Dampfkammer-K\u00fchlelements<\/h6>\n<p>Auch wenn es ein wenig so klingt: Apple hat diese Methode zur K\u00fchlung von Prozessoren nicht erfunden. Im PC-Bereich werden die teils als Dampfkammer-K\u00fchlung \u00fcbersetzten \u201eVapour Chamber Cooling\u201c-Systeme l\u00e4ngst eingesetzt. Dabei zirkuliert ein spezielle K\u00fchlfl\u00fcssigkeit innerhalb eines luftdicht verschlossenen Systems und verteilt die entstehende W\u00e4rme gleichm\u00e4\u00dfig, indem sie stetig verdampft und wieder kondensiert. Das System wird erg\u00e4nzend zu herk\u00f6mmlichen Methoden zur K\u00fchlung der Ger\u00e4te eingesetzt.<\/p>\n<p>Dar\u00fcber hinaus sieht Gurman die \u00fcberarbeitete R\u00fcckkamera mit drei 48-Megapixel-Objektiven und verbessertem optischem Zoom als zentrale Neuerung der neuen Ger\u00e4te. Damit verbunden wird Apple die diesj\u00e4hrigen iPhone-Modelle aller Voraussicht nach mit einem quer \u00fcber die R\u00fcckseite laufenden Kamerabalken anbieten.<img loading=\"lazy\" decoding=\"async\" src=\"https:\/\/vg09.met.vgwort.de\/na\/51f404595fef46c7b97aad5bef7cb803\" width=\"1\" height=\"1\" no-lazy class=\"tracking\"><\/p>\n","protected":false},"excerpt":{"rendered":"<a href=\"https:\/\/www.iphone-ticker.de\/iphone-17-pro-dampfkammer-kuehlung-als-zentrale-neuerung-263490\/\"><img width=\"150\" height=\"150\" src=\"https:\/\/images.iphone-ticker.de\/wp-content\/uploads\/2025\/09\/apple-event-feature-150x150.jpg\" class=\"alignright tfe wp-post-image\" alt=\"Apple Event Feature\" decoding=\"async\" loading=\"lazy\" \/><\/a><p>Seid ihr bereit f\u00fcr heute Abend? Um 19 Uhr startet Apples iPhone-Event 2025. Die Pr\u00e4sentation der neuen Ger\u00e4te wird voraussichtlich knapp zwei Stunden dauern und auch als Livestream \u00fcbertragen. Allerdings ist \u201alive\u2018 nur eingeschr\u00e4nkt zutreffend. In den Corona-Jahren ist Apple davon abgekommen, solche Veranstaltungen tats\u00e4chlich live abzuhalten. Stattdessen bekommen wir inzwischen nur noch vorab produzierte [&hellip;]<\/p>\n","protected":false},"author":2,"featured_media":263493,"comment_status":"open","ping_status":"closed","sticky":false,"template":"","format":"standard","meta":{"footnotes":""},"categories":[749],"tags":[7160,7105,7159],"class_list":["post-263490","post","type-post","status-publish","format-standard","has-post-thumbnail","hentry","category-iphone-2","tag-dampfkammer","tag-iphone-17-pro","tag-kuehlung"],"aioseo_notices":[],"subheadline":["Nur noch wenige Stunden bis zum Apple-Event"],"featured_image":["https:\/\/images.iphone-ticker.de\/wp-content\/uploads\/2025\/09\/apple-event-feature.jpg"],"rest_api_enabler":{"subheadline":"Nur noch wenige Stunden bis zum Apple-Event","featured_image":"https:\/\/images.iphone-ticker.de\/wp-content\/uploads\/2025\/09\/apple-event-feature.jpg"},"_links":{"self":[{"href":"https:\/\/www.iphone-ticker.de\/apiv2\/wp\/v2\/posts\/263490","targetHints":{"allow":["GET"]}}],"collection":[{"href":"https:\/\/www.iphone-ticker.de\/apiv2\/wp\/v2\/posts"}],"about":[{"href":"https:\/\/www.iphone-ticker.de\/apiv2\/wp\/v2\/types\/post"}],"author":[{"embeddable":true,"href":"https:\/\/www.iphone-ticker.de\/apiv2\/wp\/v2\/users\/2"}],"replies":[{"embeddable":true,"href":"https:\/\/www.iphone-ticker.de\/apiv2\/wp\/v2\/comments?post=263490"}],"version-history":[{"count":3,"href":"https:\/\/www.iphone-ticker.de\/apiv2\/wp\/v2\/posts\/263490\/revisions"}],"predecessor-version":[{"id":263495,"href":"https:\/\/www.iphone-ticker.de\/apiv2\/wp\/v2\/posts\/263490\/revisions\/263495"}],"wp:featuredmedia":[{"embeddable":true,"href":"https:\/\/www.iphone-ticker.de\/apiv2\/wp\/v2\/media\/263493"}],"wp:attachment":[{"href":"https:\/\/www.iphone-ticker.de\/apiv2\/wp\/v2\/media?parent=263490"}],"wp:term":[{"taxonomy":"category","embeddable":true,"href":"https:\/\/www.iphone-ticker.de\/apiv2\/wp\/v2\/categories?post=263490"},{"taxonomy":"post_tag","embeddable":true,"href":"https:\/\/www.iphone-ticker.de\/apiv2\/wp\/v2\/tags?post=263490"}],"curies":[{"name":"wp","href":"https:\/\/api.w.org\/{rel}","templated":true}]}}