{"id":263444,"date":"2025-09-08T20:12:54","date_gmt":"2025-09-08T18:12:54","guid":{"rendered":"https:\/\/www.iphone-ticker.de\/?p=263444"},"modified":"2025-09-09T16:20:51","modified_gmt":"2025-09-09T14:20:51","slug":"iphone-17-co-die-erwartungen-ans-apple-event-im-video-zusammengefasst","status":"publish","type":"post","link":"https:\/\/www.iphone-ticker.de\/iphone-17-co-die-erwartungen-ans-apple-event-im-video-zusammengefasst-263444\/","title":{"rendered":"iPhone 17 &#038; Co.: Die Erwartungen ans Apple-Event zusammengefasst"},"content":{"rendered":"<p>Es sind keine 24 Stunden mehr bis zu Apples iPhone-Event 2025. Wenn ihr euch vorab nochmal eine Zusammenfassung dessen ansehen wollt, was bereits mehr oder weniger best\u00e4tigt ist und was wir im Rahmen von Apples \u201eAwe dropping\u201c-Event zumindest sehr wahrscheinlich zu sehen bekommen, nehmt euch sieben Minuten Zeit f\u00fcr das unten eingebettete Video.<\/p>\n<p>Die Ank\u00fcndigung, dass es darin schon vorab alles zu sehen gibt, was Apple morgen Abend zeigt, ist vermutlich ein wenig zu gro\u00dfspurig. Davon unabh\u00e4ngig handelt es sich dabei aber um eine ansprechend produzierte Zusammenfassung der bisherigen Leaks und Ger\u00fcchte zu den iPhone-17-Modellen.<\/p>\n<p><div class=\"responsive-video\"><iframe loading=\"lazy\" title=\"iPhone 17 Pro | All new. All blue.\" width=\"500\" height=\"281\" src=\"https:\/\/www.youtube-nocookie.com\/embed\/nEAAyM-SdPU?feature=oembed\" frameborder=\"0\" allow=\"accelerometer; autoplay; clipboard-write; encrypted-media; gyroscope; picture-in-picture; web-share\" referrerpolicy=\"strict-origin-when-cross-origin\" allowfullscreen><\/iframe><\/div><\/p>\n<p>Spannend genug wird es morgen Abend immer noch. So darf man zwar fest davon ausgehen, dass bei den neuen Modellen des iPhone Pro eine an das Google Pixel erinnernde \u00fcber die gesamte Breite der Ger\u00e4te laufende Kameraleiste den einseitigen Kamerabuckel ersetzt und wir Blau und Orange als neue Sonderfarben erhalten. S\u00e4mtliche R\u00fcckkameras werden k\u00fcnftig wohl 48 Megapixel machen. Mit Blick auf ein Detail der R\u00fcckseite scheiden sich allerdings die Geister: Teilweise ist n\u00e4mlich davon die Rede, dass die neuen Ger\u00e4te \u00fcber ein aus einem St\u00fcck gefertigtes Aluminiumdesign verf\u00fcgen, in das eine gro\u00dfe Glasfl\u00e4che integriert ist, hinter der das Qi2-Lademodul platziert ist.<\/p>\n<p><a href=\"https:\/\/images.iphone-ticker.de\/wp-content\/uploads\/2025\/09\/iphone-17-pro-prosser-.jpg\"><img loading=\"lazy\" decoding=\"async\" src=\"https:\/\/images.iphone-ticker.de\/wp-content\/uploads\/2025\/09\/iphone-17-pro-prosser--700x371.jpg\" alt=\"Iphone 17 Pro Prosser \" width=\"700\" height=\"371\" class=\"alignnone size-large wp-image-263447\" srcset=\"https:\/\/images.iphone-ticker.de\/wp-content\/uploads\/2025\/09\/iphone-17-pro-prosser--700x371.jpg 700w, https:\/\/images.iphone-ticker.de\/wp-content\/uploads\/2025\/09\/iphone-17-pro-prosser--500x265.jpg 500w, https:\/\/images.iphone-ticker.de\/wp-content\/uploads\/2025\/09\/iphone-17-pro-prosser-.jpg 1400w\" sizes=\"auto, (max-width: 700px) 100vw, 700px\" \/><\/a><\/p>\n<p>Die Standardversion des iPhone 17 soll sich \u00e4u\u00dferlich kaum vom Vorg\u00e4nger unterscheiden, kommt allerdings auch in neuen Sonderfarben. Hier sind Gr\u00fcn, Violett und Hellblau die aussichtsreichsten Kandidaten. Dar\u00fcber hinaus kommt in diesem Jahr auch das erste Mal ein iPhone Air, das ein wenig weniger Leistung, daf\u00fcr aber ein deutlich schlankeres Geh\u00e4use aufweist.<\/p>\n<h2>Apple Watch Series 11 und AirPods 3<\/h2>\n<p>Und nat\u00fcrlich wird Apple auch neue Modelle der Apple Watch zu sehen bekommen. Dieses Jahr wird Apple wohl auch die Apple Watch Ultra \u00fcberholen und alle Modelle mit 5G-Empfang sowie Unterst\u00fctzung f\u00fcr direkte Satellitenkommunikation bei Notf\u00e4llen und dergleichen ausr\u00fcsten. Obendrauf soll ein neues Modell der Apple Watch SE kommen.<\/p>\n<p>Als \u201eBonus\u201c d\u00fcrft ihr dann noch AirPods Pro 3 erwarten, die neben technischen Verbesserungen mit einer Funktion zur Herzfrequenzmessung ausgestattet sein sollen. <img loading=\"lazy\" decoding=\"async\" src=\"https:\/\/vg09.met.vgwort.de\/na\/31537053026e4945a61e6fbadf5af6b8\" width=\"1\" height=\"1\" no-lazy class=\"tracking\"><\/p>\n","protected":false},"excerpt":{"rendered":"<a href=\"https:\/\/www.iphone-ticker.de\/iphone-17-co-die-erwartungen-ans-apple-event-im-video-zusammengefasst-263444\/\"><img width=\"150\" height=\"150\" src=\"https:\/\/images.iphone-ticker.de\/wp-content\/uploads\/2025\/09\/iphone-17-pro-prosser-feature-150x150.jpg\" class=\"alignright tfe wp-post-image\" alt=\"Iphone 17 Pro Prosser Feature\" decoding=\"async\" loading=\"lazy\" \/><\/a><p>Es sind keine 24 Stunden mehr bis zu Apples iPhone-Event 2025. Wenn ihr euch vorab nochmal eine Zusammenfassung dessen ansehen wollt, was bereits mehr oder weniger best\u00e4tigt ist und was wir im Rahmen von Apples \u201eAwe dropping\u201c-Event zumindest sehr wahrscheinlich zu sehen bekommen, nehmt euch sieben Minuten Zeit f\u00fcr das unten eingebettete Video. Die Ank\u00fcndigung, [&hellip;]<\/p>\n","protected":false},"author":2,"featured_media":263448,"comment_status":"open","ping_status":"closed","sticky":false,"template":"","format":"standard","meta":{"footnotes":""},"categories":[1],"tags":[],"class_list":["post-263444","post","type-post","status-publish","format-standard","has-post-thumbnail","hentry","category-news"],"aioseo_notices":[],"subheadline":["iPhone 17, Apple Watch Series 11 und AirPods 3"],"featured_image":["https:\/\/images.iphone-ticker.de\/wp-content\/uploads\/2025\/09\/iphone-17-pro-prosser-feature.jpg"],"rest_api_enabler":{"subheadline":"iPhone 17, Apple Watch Series 11 und AirPods 3","featured_image":"https:\/\/images.iphone-ticker.de\/wp-content\/uploads\/2025\/09\/iphone-17-pro-prosser-feature.jpg"},"_links":{"self":[{"href":"https:\/\/www.iphone-ticker.de\/apiv2\/wp\/v2\/posts\/263444","targetHints":{"allow":["GET"]}}],"collection":[{"href":"https:\/\/www.iphone-ticker.de\/apiv2\/wp\/v2\/posts"}],"about":[{"href":"https:\/\/www.iphone-ticker.de\/apiv2\/wp\/v2\/types\/post"}],"author":[{"embeddable":true,"href":"https:\/\/www.iphone-ticker.de\/apiv2\/wp\/v2\/users\/2"}],"replies":[{"embeddable":true,"href":"https:\/\/www.iphone-ticker.de\/apiv2\/wp\/v2\/comments?post=263444"}],"version-history":[{"count":7,"href":"https:\/\/www.iphone-ticker.de\/apiv2\/wp\/v2\/posts\/263444\/revisions"}],"predecessor-version":[{"id":263479,"href":"https:\/\/www.iphone-ticker.de\/apiv2\/wp\/v2\/posts\/263444\/revisions\/263479"}],"wp:featuredmedia":[{"embeddable":true,"href":"https:\/\/www.iphone-ticker.de\/apiv2\/wp\/v2\/media\/263448"}],"wp:attachment":[{"href":"https:\/\/www.iphone-ticker.de\/apiv2\/wp\/v2\/media?parent=263444"}],"wp:term":[{"taxonomy":"category","embeddable":true,"href":"https:\/\/www.iphone-ticker.de\/apiv2\/wp\/v2\/categories?post=263444"},{"taxonomy":"post_tag","embeddable":true,"href":"https:\/\/www.iphone-ticker.de\/apiv2\/wp\/v2\/tags?post=263444"}],"curies":[{"name":"wp","href":"https:\/\/api.w.org\/{rel}","templated":true}]}}