{"id":263390,"date":"2025-09-08T08:54:38","date_gmt":"2025-09-08T06:54:38","guid":{"rendered":"https:\/\/www.iphone-ticker.de\/?p=263390"},"modified":"2025-09-08T08:54:38","modified_gmt":"2025-09-08T06:54:38","slug":"erste-fotos-dieser-crossbody-strap-soll-mit-dem-iphone-17-starten","status":"publish","type":"post","link":"https:\/\/www.iphone-ticker.de\/erste-fotos-dieser-crossbody-strap-soll-mit-dem-iphone-17-starten-263390\/","title":{"rendered":"Erste Fotos: Dieser Crossbody Strap soll mit dem iPhone 17 starten"},"content":{"rendered":"<p>Apple bereitet sich darauf vor, zum Start des iPhone 17 auch neues Zubeh\u00f6r auf den Markt zu bringen. Es handelt sich um ein Umh\u00e4ngeband, das sich mit wenigen Handgriffen am Ger\u00e4t befestigen l\u00e4sst. Erste Informationen dazu <a href=\"https:\/\/www.iphone-ticker.de\/crossbody-strap-apples-neues-iphone-17-zubehoer-262835\/\">erreichten uns bereits Ende August<\/a> aus Zulieferkreisen, jetzt liefern <a href=\"https:\/\/x.com\/SonnyDickson\/status\/1964898859668443336\">vorab ver\u00f6ffentlichte Fotos<\/a> neue Details.<\/p>\n<p><a href=\"https:\/\/images.iphone-ticker.de\/wp-content\/uploads\/2025\/08\/apple-straps.jpg\"><img loading=\"lazy\" decoding=\"async\" class=\"aligncenter size-medium wp-image-262838\" src=\"https:\/\/images.iphone-ticker.de\/wp-content\/uploads\/2025\/08\/apple-straps-500x500.jpg\" alt=\"Apple Straps\" width=\"500\" height=\"500\" srcset=\"https:\/\/images.iphone-ticker.de\/wp-content\/uploads\/2025\/08\/apple-straps-500x500.jpg 500w, https:\/\/images.iphone-ticker.de\/wp-content\/uploads\/2025\/08\/apple-straps-700x700.jpg 700w, https:\/\/images.iphone-ticker.de\/wp-content\/uploads\/2025\/08\/apple-straps-150x150.jpg 150w, https:\/\/images.iphone-ticker.de\/wp-content\/uploads\/2025\/08\/apple-straps.jpg 1232w\" sizes=\"auto, (max-width: 500px) 100vw, 500px\" \/><\/a><\/p>\n<p>Der sogenannte Crossbody Strap soll mit den <a href=\"https:\/\/www.iphone-ticker.de\/neue-bilder-zu-apples-neuen-funktionsgewebe-huellen-262424\/\">neuen Funktionsgewebe-H\u00fcllen<\/a> kompatibel sein, die die bisherige FineWoven-Reihe abl\u00f6sen. Zur Einstellung der L\u00e4nge soll das Band auf ein vollst\u00e4ndig magnetisches System setzen.<\/p>\n<ul>\n<li><strong>Crossbody Strap:<\/strong> <a href=\"https:\/\/www.iphone-ticker.de\/crossbody-strap-apples-neues-iphone-17-zubehoer-262835\/\">Apples neues iPhone-17-Zubeh\u00f6r<\/a><\/li>\n<\/ul>\n<p>Im Inneren befindet sich ein flexibles Metallelement, das f\u00fcr gleichm\u00e4\u00dfige Haftung sorgt. Die neuen iPhone-H\u00fcllen verf\u00fcgen zudem \u00fcber kleine Aussparungen in den unteren Ecken, die als Durchlasspunkte f\u00fcr das neue Halteband dienen sollen.<\/p>\n<h2>Orange als Akzentfarbe des iPhone 17<\/h2>\n<p>Der Crossbody Strap soll in verschiedenen Materialien erscheinen. Erste Exemplare bestehen offenbar aus gewebtem Nylon, wie es auch bei Sportarmb\u00e4ndern der Apple Watch eingesetzt wird. Daneben ist eine weichere Silikonversion im Gespr\u00e4ch. Beide Varianten sollen in mehreren Farben verf\u00fcgbar sein. Auf den Schnappsch\u00fcssen, die der f\u00fcr gew\u00f6hnlich gut informierte <a href=\"https:\/\/x.com\/SonnyDickson\/status\/1964898859668443336\">Sonny Dickson ver\u00f6ffentlicht hat<\/a>,  ist bereits ein auff\u00e4lliger Orangeton zu sehen, der sich auch in einer m\u00f6glichen neuen Farbvariante des iPhone 17 Pro widerspiegeln k\u00f6nnte.<\/p>\n<p><a href=\"https:\/\/images.iphone-ticker.de\/wp-content\/uploads\/2025\/09\/lanyard-band-crossbody-strap-iphone-17.jpg\"><img loading=\"lazy\" decoding=\"async\" class=\"aligncenter size-large wp-image-263392\" src=\"https:\/\/images.iphone-ticker.de\/wp-content\/uploads\/2025\/09\/lanyard-band-crossbody-strap-iphone-17-700x661.jpg\" alt=\"Lanyard Band Crossbody Strap Iphone 17\" width=\"700\" height=\"661\" srcset=\"https:\/\/images.iphone-ticker.de\/wp-content\/uploads\/2025\/09\/lanyard-band-crossbody-strap-iphone-17-700x661.jpg 700w, https:\/\/images.iphone-ticker.de\/wp-content\/uploads\/2025\/09\/lanyard-band-crossbody-strap-iphone-17-500x472.jpg 500w, https:\/\/images.iphone-ticker.de\/wp-content\/uploads\/2025\/09\/lanyard-band-crossbody-strap-iphone-17-1536x1449.jpg 1536w, https:\/\/images.iphone-ticker.de\/wp-content\/uploads\/2025\/09\/lanyard-band-crossbody-strap-iphone-17-2048x1932.jpg 2048w\" sizes=\"auto, (max-width: 700px) 100vw, 700px\" \/><\/a><\/p>\n<p>Das System k\u00f6nnte nicht nur auf das iPhone beschr\u00e4nkt bleiben. Auch k\u00fcnftige AirPods-Modelle sind im Gespr\u00e4ch, bei denen eine \u00e4hnliche Befestigung vorgesehen sein k\u00f6nnte. Apple kn\u00fcpft damit an fr\u00fchere Ans\u00e4tze an, etwa den <a href=\"https:\/\/www.youtube.com\/watch?v=DmtxbauNCjE\">Lanyard-Anschluss beim iPod touch<\/a> oder die Halterung am Ladecase der AirPods Pro 2.<\/p>\n<p>Die Markteinf\u00fchrung des Crossbody Strap d\u00fcrfte zeitgleich mit dem iPhone 17 erfolgen. Da die Produktion laut Branchenkreisen bereits angelaufen ist, ist mit einer sofortigen Verf\u00fcgbarkeit nach der Vorstellung in dieser Woche zu rechnen.<\/p>\n<p><a href=\"https:\/\/images.iphone-ticker.de\/wp-content\/uploads\/2025\/08\/apple-funktionsgewebe-farben.jpg\"><img loading=\"lazy\" decoding=\"async\" class=\"aligncenter size-large wp-image-262427\" src=\"https:\/\/images.iphone-ticker.de\/wp-content\/uploads\/2025\/08\/apple-funktionsgewebe-farben-700x400.jpg\" alt=\"Apple Funktionsgewebe Farben\" width=\"700\" height=\"400\" srcset=\"https:\/\/images.iphone-ticker.de\/wp-content\/uploads\/2025\/08\/apple-funktionsgewebe-farben-700x400.jpg 700w, https:\/\/images.iphone-ticker.de\/wp-content\/uploads\/2025\/08\/apple-funktionsgewebe-farben-500x285.jpg 500w, https:\/\/images.iphone-ticker.de\/wp-content\/uploads\/2025\/08\/apple-funktionsgewebe-farben.jpg 1400w\" sizes=\"auto, (max-width: 700px) 100vw, 700px\" \/><\/a><\/p>\n<p><img loading=\"lazy\" decoding=\"async\" src=\"https:\/\/vg08.met.vgwort.de\/na\/110045ce2e9b47bcbd8befaeda00d002\" width=\"1\" height=\"1\"  no-lazy class=\"tracking\"><\/p>\n","protected":false},"excerpt":{"rendered":"<a href=\"https:\/\/www.iphone-ticker.de\/erste-fotos-dieser-crossbody-strap-soll-mit-dem-iphone-17-starten-263390\/\"><img width=\"150\" height=\"150\" src=\"https:\/\/images.iphone-ticker.de\/wp-content\/uploads\/2025\/09\/lanyard-band-crossbody-strap-iphone-17-150x150.jpg\" class=\"alignright tfe wp-post-image\" alt=\"Lanyard Band Crossbody Strap Iphone 17\" decoding=\"async\" loading=\"lazy\" \/><\/a><p>Apple bereitet sich darauf vor, zum Start des iPhone 17 auch neues Zubeh\u00f6r auf den Markt zu bringen. Es handelt sich um ein Umh\u00e4ngeband, das sich mit wenigen Handgriffen am Ger\u00e4t befestigen l\u00e4sst. Erste Informationen dazu erreichten uns bereits Ende August aus Zulieferkreisen, jetzt liefern vorab ver\u00f6ffentlichte Fotos neue Details. Der sogenannte Crossbody Strap soll [&hellip;]<\/p>\n","protected":false},"author":1,"featured_media":263392,"comment_status":"open","ping_status":"closed","sticky":false,"template":"","format":"standard","meta":{"footnotes":""},"categories":[1],"tags":[21,2064,6741,4872,3910,5239],"class_list":["post-263390","post","type-post","status-publish","format-standard","has-post-thumbnail","hentry","category-news","tag-case","tag-geruechte","tag-iphone-17","tag-lanyard","tag-rumors","tag-zubehoer"],"aioseo_notices":[],"subheadline":["Orange als Akzentfarbe des iPhone 17"],"featured_image":["https:\/\/images.iphone-ticker.de\/wp-content\/uploads\/2025\/09\/lanyard-band-crossbody-strap-iphone-17feature.jpg"],"rest_api_enabler":{"subheadline":"Orange als Akzentfarbe des iPhone 17","featured_image":"https:\/\/images.iphone-ticker.de\/wp-content\/uploads\/2025\/09\/lanyard-band-crossbody-strap-iphone-17feature.jpg"},"_links":{"self":[{"href":"https:\/\/www.iphone-ticker.de\/apiv2\/wp\/v2\/posts\/263390","targetHints":{"allow":["GET"]}}],"collection":[{"href":"https:\/\/www.iphone-ticker.de\/apiv2\/wp\/v2\/posts"}],"about":[{"href":"https:\/\/www.iphone-ticker.de\/apiv2\/wp\/v2\/types\/post"}],"author":[{"embeddable":true,"href":"https:\/\/www.iphone-ticker.de\/apiv2\/wp\/v2\/users\/1"}],"replies":[{"embeddable":true,"href":"https:\/\/www.iphone-ticker.de\/apiv2\/wp\/v2\/comments?post=263390"}],"version-history":[{"count":1,"href":"https:\/\/www.iphone-ticker.de\/apiv2\/wp\/v2\/posts\/263390\/revisions"}],"predecessor-version":[{"id":263394,"href":"https:\/\/www.iphone-ticker.de\/apiv2\/wp\/v2\/posts\/263390\/revisions\/263394"}],"wp:featuredmedia":[{"embeddable":true,"href":"https:\/\/www.iphone-ticker.de\/apiv2\/wp\/v2\/media\/263392"}],"wp:attachment":[{"href":"https:\/\/www.iphone-ticker.de\/apiv2\/wp\/v2\/media?parent=263390"}],"wp:term":[{"taxonomy":"category","embeddable":true,"href":"https:\/\/www.iphone-ticker.de\/apiv2\/wp\/v2\/categories?post=263390"},{"taxonomy":"post_tag","embeddable":true,"href":"https:\/\/www.iphone-ticker.de\/apiv2\/wp\/v2\/tags?post=263390"}],"curies":[{"name":"wp","href":"https:\/\/api.w.org\/{rel}","templated":true}]}}