{"id":263329,"date":"2025-09-05T19:21:08","date_gmt":"2025-09-05T17:21:08","guid":{"rendered":"https:\/\/www.iphone-ticker.de\/?p=263329"},"modified":"2025-09-05T19:23:42","modified_gmt":"2025-09-05T17:23:42","slug":"iphone-17-air-so-wirds-wohl-kommen","status":"publish","type":"post","link":"https:\/\/www.iphone-ticker.de\/iphone-17-air-so-wirds-wohl-kommen-263329\/","title":{"rendered":"iPhone 17 Air: So wird&#8217;s wohl kommen"},"content":{"rendered":"<p>Wenige Tage vor dem iPhone-Event <a href=\"https:\/\/www.bloomberg.com\/news\/articles\/2025-09-05\/what-apple-is-planning-to-introduce-at-sept-9-awe-dropping-iphone-17-event\">fasst der Bloomberg-Autor Mark Gurman zusammen<\/a>, was uns am Dienstag aller Voraussicht nach erwarten wird. Besonders interessant sind hier die Angaben zum iPhone 17 Air. Vieles davon spukt schon seit Monaten durch die Ger\u00fcchtek\u00fcche, aber Gurman komplettiert diese Angaben zum Teil mit zus\u00e4tzlichen Details aus seinen in der Regel zuverl\u00e4ssigen Quellen.<\/p>\n<p>Das iPhone 17 Air soll mit einer Dicke von rund 5,5 Millimetern auf den Markt kommen und damit deutlich d\u00fcnner sein als das aktuelle iPhone 16 Pro mit seinen 8,25 Millimetern. Der geringere Platz im Geh\u00e4use verlangt jedoch Abstriche: So m\u00fcsse mit einer k\u00fcrzeren Akkulaufzeit gerechnet werden. Zudem werde nur eine einzelne Kamera auf der R\u00fcckseite verbaut, die in einem pillenf\u00f6rmigen Modul untergebracht ist.<\/p>\n<p><a href=\"https:\/\/images.iphone-ticker.de\/wp-content\/uploads\/2025\/09\/aha.jpg\"><img loading=\"lazy\" decoding=\"async\" src=\"https:\/\/images.iphone-ticker.de\/wp-content\/uploads\/2025\/09\/aha-700x325.jpg\" alt=\"Aha\" width=\"700\" height=\"325\" class=\"alignnone size-large wp-image-263331\" srcset=\"https:\/\/images.iphone-ticker.de\/wp-content\/uploads\/2025\/09\/aha-700x325.jpg 700w, https:\/\/images.iphone-ticker.de\/wp-content\/uploads\/2025\/09\/aha-500x232.jpg 500w, https:\/\/images.iphone-ticker.de\/wp-content\/uploads\/2025\/09\/aha.jpg 1400w\" sizes=\"auto, (max-width: 700px) 100vw, 700px\" \/><\/a><\/p>\n<h6>Bilder oben: Eher vage Skizzen und Dummys des iPhone 17 Air<\/h6>\n<h2>Kein Platz f\u00fcr die SIM-Schublade<\/h2>\n<p>Mit Blick auf die technische Ausstattung soll das iPhone 17 Air denselben A19-Prozessor wie das Standardmodell iPhone 17 erhalten. Der Bildschirm soll mit 6,6 Zoll etwas gr\u00f6\u00dfer als der des iPhone 17 und des iPhone 17 Pro sein und mit ProMotion-Technik arbeiten.<\/p>\n<p>Apple bringe auch einen Standard-USB-C-Anschluss in dem d\u00fcnnen Geh\u00e4use unter, doch sei es durch die besonders flache Bauweise nicht m\u00f6glich, einen Einschub f\u00fcr physische SIM-Karten zu integrieren. Dementsprechend l\u00e4sst sich das iPhone 17 Air ausschlie\u00dflich mit eSIMs verwenden. Wir haben bereits <a href=\"https:\/\/www.iphone-ticker.de\/iphone-17-wohl-auch-in-deutschland-ohne-sim-schublade-262926\/\" title=\"iPhone 17 wohl auch in Deutschland ohne SIM-Schublade\">berichtet<\/a>, dass die neuen iPhone-Modelle m\u00f6glicherweise alle auf die klassische SIM-Schublade verzichten. Au\u00dferdem werde Apple beim iPhone 17 Air erstmals nicht nur auf das hauseigene C1-Modem, sondern auch auf einen eigenen WLAN-Chip setzen.<\/p>\n<p><a href=\"https:\/\/images.iphone-ticker.de\/wp-content\/uploads\/2025\/08\/iphone17-air-case-2.png\"><img loading=\"lazy\" decoding=\"async\" src=\"https:\/\/images.iphone-ticker.de\/wp-content\/uploads\/2025\/08\/iphone17-air-case-2-700x567.png\" alt=\"Iphone17 Air Case 2\" width=\"700\" height=\"567\" class=\"alignnone size-large wp-image-262154\" srcset=\"https:\/\/images.iphone-ticker.de\/wp-content\/uploads\/2025\/08\/iphone17-air-case-2-700x567.png 700w, https:\/\/images.iphone-ticker.de\/wp-content\/uploads\/2025\/08\/iphone17-air-case-2-500x405.png 500w, https:\/\/images.iphone-ticker.de\/wp-content\/uploads\/2025\/08\/iphone17-air-case-2-1536x1245.png 1536w, https:\/\/images.iphone-ticker.de\/wp-content\/uploads\/2025\/08\/iphone17-air-case-2.png 1840w\" sizes=\"auto, (max-width: 700px) 100vw, 700px\" \/><\/a><\/p>\n<h6>Manche H\u00e4ndler bieten bereits <a href=\"https:\/\/www.iphone-ticker.de\/iphone-17-zubehoer-bereits-vor-offizieller-vorstellung-verfuegbar-262150\/\">passende H\u00fcllen<\/a> an<\/h6>\n<h2>Preislich eng beim iPhone 17 Pro<\/h2>\n<p>In der Modellpalette soll sich das iPhone 17 Air zwischen den Einstiegsvarianten und den Pro-Ger\u00e4ten einreihen. Diesen Punkt hatten wir auch in unserem <a href=\"https:\/\/www.iphone-ticker.de\/iphone-17-stehen-am-dienstag-preiserhoehungen-an-263273\/\" title=\"iPhone 17: Stehen am Dienstag Preiserh\u00f6hungen an?\">Bericht<\/a> \u00fcber die m\u00f6glichen Preiserh\u00f6hungen bei den kommenden iPhone-Modellen angesprochen. F\u00fcr einen vergleichsweise geringen Aufpreis kann man dann bereits ein Pro-Modell erhalten, das in den Bereichen Kamera, Akkulaufzeit und Leistung deutliche Vorteile bietet.<\/p>\n<p>Gurman zufolge setzt Apple darauf, dass ein besonders schlankes Design f\u00fcr viele Nutzer kaufentscheidend ist \u2013 auch wenn daf\u00fcr Abstriche bei anderen Funktionen in Kauf genommen werden m\u00fcssen.<img loading=\"lazy\" decoding=\"async\" src=\"https:\/\/vg09.met.vgwort.de\/na\/4fad9a1bcf6f47fc9d6e1c7095a1ef15\" width=\"1\" height=\"1\" no-lazy class=\"tracking\"><\/p>\n","protected":false},"excerpt":{"rendered":"<a href=\"https:\/\/www.iphone-ticker.de\/iphone-17-air-so-wirds-wohl-kommen-263329\/\"><img width=\"150\" height=\"150\" src=\"https:\/\/images.iphone-ticker.de\/wp-content\/uploads\/2025\/09\/iphone-17-air-feature-150x150.jpg\" class=\"alignright tfe wp-post-image\" alt=\"Iphone 17 Air Feature\" decoding=\"async\" loading=\"lazy\" \/><\/a><p>Wenige Tage vor dem iPhone-Event fasst der Bloomberg-Autor Mark Gurman zusammen, was uns am Dienstag aller Voraussicht nach erwarten wird. Besonders interessant sind hier die Angaben zum iPhone 17 Air. Vieles davon spukt schon seit Monaten durch die Ger\u00fcchtek\u00fcche, aber Gurman komplettiert diese Angaben zum Teil mit zus\u00e4tzlichen Details aus seinen in der Regel zuverl\u00e4ssigen [&hellip;]<\/p>\n","protected":false},"author":2,"featured_media":263333,"comment_status":"open","ping_status":"closed","sticky":false,"template":"","format":"standard","meta":{"footnotes":""},"categories":[1],"tags":[7009],"class_list":["post-263329","post","type-post","status-publish","format-standard","has-post-thumbnail","hentry","category-news","tag-iphone-17-air"],"aioseo_notices":[],"subheadline":["Das d\u00fcnne Geh\u00e4use fordert Abstriche"],"featured_image":["https:\/\/images.iphone-ticker.de\/wp-content\/uploads\/2025\/09\/iphone-17-air-feature.jpg"],"rest_api_enabler":{"subheadline":"Das d\u00fcnne Geh\u00e4use fordert Abstriche","featured_image":"https:\/\/images.iphone-ticker.de\/wp-content\/uploads\/2025\/09\/iphone-17-air-feature.jpg"},"_links":{"self":[{"href":"https:\/\/www.iphone-ticker.de\/apiv2\/wp\/v2\/posts\/263329","targetHints":{"allow":["GET"]}}],"collection":[{"href":"https:\/\/www.iphone-ticker.de\/apiv2\/wp\/v2\/posts"}],"about":[{"href":"https:\/\/www.iphone-ticker.de\/apiv2\/wp\/v2\/types\/post"}],"author":[{"embeddable":true,"href":"https:\/\/www.iphone-ticker.de\/apiv2\/wp\/v2\/users\/2"}],"replies":[{"embeddable":true,"href":"https:\/\/www.iphone-ticker.de\/apiv2\/wp\/v2\/comments?post=263329"}],"version-history":[{"count":7,"href":"https:\/\/www.iphone-ticker.de\/apiv2\/wp\/v2\/posts\/263329\/revisions"}],"predecessor-version":[{"id":263341,"href":"https:\/\/www.iphone-ticker.de\/apiv2\/wp\/v2\/posts\/263329\/revisions\/263341"}],"wp:featuredmedia":[{"embeddable":true,"href":"https:\/\/www.iphone-ticker.de\/apiv2\/wp\/v2\/media\/263333"}],"wp:attachment":[{"href":"https:\/\/www.iphone-ticker.de\/apiv2\/wp\/v2\/media?parent=263329"}],"wp:term":[{"taxonomy":"category","embeddable":true,"href":"https:\/\/www.iphone-ticker.de\/apiv2\/wp\/v2\/categories?post=263329"},{"taxonomy":"post_tag","embeddable":true,"href":"https:\/\/www.iphone-ticker.de\/apiv2\/wp\/v2\/tags?post=263329"}],"curies":[{"name":"wp","href":"https:\/\/api.w.org\/{rel}","templated":true}]}}