{"id":263170,"date":"2025-09-04T06:55:28","date_gmt":"2025-09-04T04:55:28","guid":{"rendered":"https:\/\/www.iphone-ticker.de\/?p=263170"},"modified":"2025-09-04T06:55:28","modified_gmt":"2025-09-04T04:55:28","slug":"airtag-alternative-fuer-450-euro-pro-stueck","status":"publish","type":"post","link":"https:\/\/www.iphone-ticker.de\/airtag-alternative-fuer-450-euro-pro-stueck-263170\/","title":{"rendered":"AirTag-Alternative f\u00fcr 4,50 Euro pro St\u00fcck"},"content":{"rendered":"<p>Apples Originalversion der <a href=\"https:\/\/www.apple.com\/de\/airtag\/\">AirTags<\/a> w\u00fcrden wir derzeit nicht unbedingt kaufen, zumindest nicht, wenn diese nicht deutlich im Preis reduziert sind. Die Chancen stehen ziemlich gut, dass wir im Beiprogramm zur Vorstellung der neuen iPhone-Modelle in der kommenden Woche auch ein \u00fcberarbeitetes Modell der AirTags zu sehen bekommen.<\/p>\n<p><a href=\"https:\/\/images.iphone-ticker.de\/wp-content\/uploads\/2021\/04\/apple-airtag-1.jpg\"><img loading=\"lazy\" decoding=\"async\" src=\"https:\/\/images.iphone-ticker.de\/wp-content\/uploads\/2021\/04\/apple-airtag-1-500x390.jpg\" alt=\"Apple Airtag\" width=\"500\" height=\"390\" class=\"alignnone size-medium wp-image-173354\" srcset=\"https:\/\/images.iphone-ticker.de\/wp-content\/uploads\/2021\/04\/apple-airtag-1-500x390.jpg 500w, https:\/\/images.iphone-ticker.de\/wp-content\/uploads\/2021\/04\/apple-airtag-1.jpg 700w\" sizes=\"auto, (max-width: 500px) 100vw, 500px\" \/><\/a><\/p>\n<p>Den Ger\u00fcchten diesbez\u00fcglich zufolge will Apple die Funkleistung der Ger\u00e4te verbessern und zudem daf\u00fcr sorgen, dass sich der Lautsprecher nicht mehr stilllegen l\u00e4sst. Auf diese Weise soll verhindert werden, dass man die AirTags dazu verwendet, Personen heimlich zu verfolgen.<\/p>\n<p>Die derzeit noch erh\u00e4ltliche erste Generation der AirTags wurde vor viereinhalb Jahren im April 2021 eingef\u00fchrt.<\/p>\n<h2>Billig-Alternative f\u00fcr 4,50 Euro pro St\u00fcck<\/h2>\n<p>Wenn ihr allerdings eine Tracking-L\u00f6sung sucht, die deutlich g\u00fcnstiger als die AirTags ist und sich dennoch in Apples \u201eWo ist?\u201c-Netzwerk integrieren l\u00e4sst, k\u00f6nnt ihr einen Blick auf die <a href=\"https:\/\/ifun.de\/amzn\/B0F9KBY3ZD\">Pohicoo-Schl\u00fcsselfinder<\/a> werfen. Hier kostet ein Viererpack mit derzeit 17,98 Euro weniger als die H\u00e4lfte von dem, was Apple f\u00fcr einen einzelnen AirTag verlangt. Der Einzelpreis der g\u00fcnstigen Tracker liegt somit bei 4,50 Euro.<\/p>\n<p><a href=\"https:\/\/images.iphone-ticker.de\/wp-content\/uploads\/2025\/09\/pohicoo-tracker.jpg\"><img loading=\"lazy\" decoding=\"async\" src=\"https:\/\/images.iphone-ticker.de\/wp-content\/uploads\/2025\/09\/pohicoo-tracker-700x350.jpg\" alt=\"Pohicoo Tracker\" width=\"700\" height=\"350\" class=\"alignnone size-large wp-image-263173\" srcset=\"https:\/\/images.iphone-ticker.de\/wp-content\/uploads\/2025\/09\/pohicoo-tracker-700x350.jpg 700w, https:\/\/images.iphone-ticker.de\/wp-content\/uploads\/2025\/09\/pohicoo-tracker-500x250.jpg 500w, https:\/\/images.iphone-ticker.de\/wp-content\/uploads\/2025\/09\/pohicoo-tracker.jpg 1400w\" sizes=\"auto, (max-width: 700px) 100vw, 700px\" \/><\/a><\/p>\n<p>Die Ger\u00e4te sind nach IP67 gegen Staub und Wasser gesch\u00fctzt, mit auswechselbaren Batterien ausgestattet und lassen sich vollst\u00e4ndig in Apples \u201eWo ist?\u201c-App integrieren. Dar\u00fcber kann man die Pohicoo-Tracker dann orten. Bei der Suche in der direkten Umgebung l\u00e4sst sich \u00fcber einen integrierten Lautsprecher ein Signalton abspielen.<\/p>\n<p>W\u00e4hrend man bei den AirTags von Apple in der Regel noch Zubeh\u00f6r kaufen muss, wenn man sie an den Schl\u00fcsselbund oder eine Tasche h\u00e4ngen will, ist bei diesen Ger\u00e4ten bereits eine \u00d6se ins Geh\u00e4use integriert und ein kleiner Schl\u00fcsselring im Lieferumfang enthalten. Von den grundlegenden Abmessungen her sind die Tracker mit Apples Original vergleichbar.<\/p>\n<p>Beachtet, dass es sich hierbei laut Amazon um ein befristetes Angebot handelt. Regul\u00e4r ist das Viererpack mit 21,99 Euro aber auch nicht viel teurer.<img loading=\"lazy\" decoding=\"async\" src=\"https:\/\/vg09.met.vgwort.de\/na\/b6be048df99e4e1d82a978f23c8b99ef\" width=\"1\" height=\"1\" no-lazy class=\"tracking\"><\/p>\n<script>\r\n  function open_amazon(link) {\r\n    if (navigator.userAgent.indexOf(\"Firefox\") != -1) {\r\n      window.open(link, '_blank');\r\n    } else {\r\n      var tag = document.createElement('a');\r\n      tag.setAttribute('href', link);\r\n      tag.innerHTML = \"amzn\";\r\n      tag.click();\r\n    }\r\n  }\r\n<\/script>\r\n    <div id=\"article-single-amazon-preview\" onclick=\"return open_amazon('https:\/\/www.amazon.de\/dp\/B0F9KBY3ZD?tag=musicweb02&linkCode=ogi&th=1&psc=1');\">\n  <div id=\"article-single-amazon-preview-header\">\n    <span class=\"title\">Produkthinweis<\/span>\n      <\/div>\n  <div id=\"article-single-amazon-preview-content\">\n    <div id=\"article-single-amazon-preview-img\" style=\"background: url('https:\/\/m.media-amazon.com\/images\/I\/31RT4zYbXsL.jpg') center center no-repeat; background-size: cover;\"><\/div>\n    <div id=\"article-single-amazon-preview-desc\">\n      <span class=\"bezeichnung\"><a href=\"https:\/\/www.amazon.de\/dp\/B0F9KBY3ZD?tag=musicweb02&linkCode=ogi&th=1&psc=1\" style=\"text-decoration: none; border-bottom: 0px; box-shadow: none;\">Air Schl\u00fcsselfinder Tag 4er Pack, Smart Air Tracker Tag Kompatibel mit Apple Wo ist APP (nur iOS), Koffer Tracker f\u00fcr...<\/a><\/span>\n      <span class=\"preis--aktuell\">12,29 EUR<\/span>\n      <span class=\"preis--alt\">12,96 EUR<\/span>\n    <\/div>\n  <\/div>\n<\/div>\n","protected":false},"excerpt":{"rendered":"<a href=\"https:\/\/www.iphone-ticker.de\/airtag-alternative-fuer-450-euro-pro-stueck-263170\/\"><img width=\"150\" height=\"150\" src=\"https:\/\/images.iphone-ticker.de\/wp-content\/uploads\/2025\/09\/tracker-pohicoo-feature-150x150.jpg\" class=\"alignright tfe wp-post-image\" alt=\"Tracker Pohicoo Feature\" decoding=\"async\" loading=\"lazy\" \/><\/a><p>Apples Originalversion der AirTags w\u00fcrden wir derzeit nicht unbedingt kaufen, zumindest nicht, wenn diese nicht deutlich im Preis reduziert sind. Die Chancen stehen ziemlich gut, dass wir im Beiprogramm zur Vorstellung der neuen iPhone-Modelle in der kommenden Woche auch ein \u00fcberarbeitetes Modell der AirTags zu sehen bekommen. Den Ger\u00fcchten diesbez\u00fcglich zufolge will Apple die Funkleistung [&hellip;]<\/p>\n","protected":false},"author":2,"featured_media":263172,"comment_status":"open","ping_status":"closed","sticky":false,"template":"","format":"standard","meta":{"footnotes":""},"categories":[1],"tags":[5031],"class_list":["post-263170","post","type-post","status-publish","format-standard","has-post-thumbnail","hentry","category-news","tag-airtags"],"aioseo_notices":[],"subheadline":["Oder auf das neue Modell warten?"],"featured_image":["https:\/\/images.iphone-ticker.de\/wp-content\/uploads\/2025\/09\/tracker-pohicoo-feature.jpg"],"rest_api_enabler":{"subheadline":"Oder auf das neue Modell warten?","featured_image":"https:\/\/images.iphone-ticker.de\/wp-content\/uploads\/2025\/09\/tracker-pohicoo-feature.jpg"},"_links":{"self":[{"href":"https:\/\/www.iphone-ticker.de\/apiv2\/wp\/v2\/posts\/263170","targetHints":{"allow":["GET"]}}],"collection":[{"href":"https:\/\/www.iphone-ticker.de\/apiv2\/wp\/v2\/posts"}],"about":[{"href":"https:\/\/www.iphone-ticker.de\/apiv2\/wp\/v2\/types\/post"}],"author":[{"embeddable":true,"href":"https:\/\/www.iphone-ticker.de\/apiv2\/wp\/v2\/users\/2"}],"replies":[{"embeddable":true,"href":"https:\/\/www.iphone-ticker.de\/apiv2\/wp\/v2\/comments?post=263170"}],"version-history":[{"count":6,"href":"https:\/\/www.iphone-ticker.de\/apiv2\/wp\/v2\/posts\/263170\/revisions"}],"predecessor-version":[{"id":263178,"href":"https:\/\/www.iphone-ticker.de\/apiv2\/wp\/v2\/posts\/263170\/revisions\/263178"}],"wp:featuredmedia":[{"embeddable":true,"href":"https:\/\/www.iphone-ticker.de\/apiv2\/wp\/v2\/media\/263172"}],"wp:attachment":[{"href":"https:\/\/www.iphone-ticker.de\/apiv2\/wp\/v2\/media?parent=263170"}],"wp:term":[{"taxonomy":"category","embeddable":true,"href":"https:\/\/www.iphone-ticker.de\/apiv2\/wp\/v2\/categories?post=263170"},{"taxonomy":"post_tag","embeddable":true,"href":"https:\/\/www.iphone-ticker.de\/apiv2\/wp\/v2\/tags?post=263170"}],"curies":[{"name":"wp","href":"https:\/\/api.w.org\/{rel}","templated":true}]}}