{"id":263106,"date":"2025-09-03T08:37:06","date_gmt":"2025-09-03T06:37:06","guid":{"rendered":"https:\/\/www.iphone-ticker.de\/?p=263106"},"modified":"2025-09-10T20:36:29","modified_gmt":"2025-09-10T18:36:29","slug":"auf-das-klapp-iphone-soll-auch-ein-faltbares-ipad-folgen","status":"publish","type":"post","link":"https:\/\/www.iphone-ticker.de\/auf-das-klapp-iphone-soll-auch-ein-faltbares-ipad-folgen-263106\/","title":{"rendered":"Auf das Klapp-iPhone soll auch ein faltbares iPad folgen"},"content":{"rendered":"<p>Auch wenn sich ein faltbares iPhone weiterhin ein wenig nach Science Fiction anh\u00f6rt, gilt mittlerweile als gesichert, dass Apple die Markteinf\u00fchrung eines solchen Ger\u00e4ts im kommenden Jahr plant. Der Analyst <a href=\"https:\/\/mingchikuo.craft.me\/\">Ming-Chi Kuo<\/a> will dies mit Details aus dem Umfeld von Apple-Zulieferern im Display-Segment untermauern.<\/p>\n<p>Eine zentrale Rolle nimmt dabei offenbar der Anbieter <a href=\"https:\/\/www.gis-touch.com\/html\/index.php\">General Interface Solution<\/a> (GIS) ein. Das Unternehmen hat sich auf die Fertigung von Touchscreens spezialisiert und wird auch als einziger Lieferant f\u00fcr die Bildschirme der \u201eVision Air\u201c genannt. Bei der Vision Air soll es sich um einen f\u00fcr das Jahr 2027 geplanten, preislich attraktiveren Ableger von Apples Datenbrille Vision Pro handeln.<\/p>\n<p><a href=\"https:\/\/images.iphone-ticker.de\/wp-content\/uploads\/2025\/09\/ultra-thin-glass-utg-samsung.jpg\"><img loading=\"lazy\" decoding=\"async\" src=\"https:\/\/images.iphone-ticker.de\/wp-content\/uploads\/2025\/09\/ultra-thin-glass-utg-samsung-700x385.jpg\" alt=\"Ultra Thin Glass Utg Samsung\" width=\"700\" height=\"385\" class=\"alignnone size-large wp-image-263109\" srcset=\"https:\/\/images.iphone-ticker.de\/wp-content\/uploads\/2025\/09\/ultra-thin-glass-utg-samsung-700x385.jpg 700w, https:\/\/images.iphone-ticker.de\/wp-content\/uploads\/2025\/09\/ultra-thin-glass-utg-samsung-500x275.jpg 500w, https:\/\/images.iphone-ticker.de\/wp-content\/uploads\/2025\/09\/ultra-thin-glass-utg-samsung.jpg 820w\" sizes=\"auto, (max-width: 700px) 100vw, 700px\" \/><\/a><\/p>\n<h6>Ultra-Thin Glass (Bild: Samsung)<\/h6>\n<p>GIS soll dabei mit dem bereits mit der Fertigung der Standard-Bildschirme f\u00fcr das iPhone vertrauten Anbieter Corning kooperieren und sei auf Verarbeitungsschritte wie das Schneiden und die Behandlung von Kanten und Ecken spezialisiert. F\u00fcr das Klapp-iPhone soll ein Bildschirmmaterial namens Ultra-Thin Glass (UTG) genutzt werden, das sehr empfindlich auf Mikrorisse an den R\u00e4ndern sowie Oberfl\u00e4chenpartikel und Spannungserm\u00fcdung reagiert. Dementsprechend sei die Verarbeitung von UTG deutlich komplexer, als es bei einem herk\u00f6mmlichen Smartphone-Glas der Fall ist. Dies habe nat\u00fcrlich auch eine entsprechende Kostensteigerung zur Folge, die Rede ist hier von einem zwei bis viermal h\u00f6heren Preis.<\/p>\n<h2>Apple schraubt Absatzprognose nach oben<\/h2>\n<p>Unter Berufung auf seine Industriequellen h\u00e4lt auch Kuo daran fest, dass Apple im kommenden Jahr sein erstes Klapptelefon auf den Markt bringt. Mit Blick auf die erwarteten St\u00fcckzahlen des faltbaren iPhone habe Apple erst k\u00fcrzlich seine Prognosen auf acht bis zehn Millionen Ger\u00e4te im Jahr 2026 und weitere 20 bis 25 Millionen im Jahr 2027 erh\u00f6ht.<\/p>\n<p><a href=\"https:\/\/images.iphone-ticker.de\/wp-content\/uploads\/2025\/05\/klapp-iphone.jpg\"><img loading=\"lazy\" decoding=\"async\" src=\"https:\/\/images.iphone-ticker.de\/wp-content\/uploads\/2025\/05\/klapp-iphone-700x546.jpg\" alt=\"Klapp Iphone\" width=\"700\" height=\"546\" class=\"alignnone size-large wp-image-255784\" srcset=\"https:\/\/images.iphone-ticker.de\/wp-content\/uploads\/2025\/05\/klapp-iphone-700x546.jpg 700w, https:\/\/images.iphone-ticker.de\/wp-content\/uploads\/2025\/05\/klapp-iphone-500x390.jpg 500w, https:\/\/images.iphone-ticker.de\/wp-content\/uploads\/2025\/05\/klapp-iphone.jpg 1024w\" sizes=\"auto, (max-width: 700px) 100vw, 700px\" \/><\/a><\/p>\n<p>Zuvor war man bei Apple noch von sechs bis acht Millionen im Einf\u00fchrungsjahr verkauften Ger\u00e4ten ausgegangen. Im Zusammenhang mit den neuen Prognosen mag es eine Rolle spielen, dass sich Apple zuletzt <a href=\"https:\/\/www.iphone-ticker.de\/apple-fragt-gezielt-nach-faltbarem-iphone-start-2026-erwartet-261573\/\">in Kundenumfragen<\/a> gezielt nach dem Interesse an einem faltbaren Telefon erkundigt hat.<\/p>\n<h2>Faltbares iPad soll 2028 folgen<\/h2>\n<p>Apple will Kuo zufolge nicht nur das iPhone in einer Klappversion anbieten, auch ein iPad mit diesem Formfaktor soll folgen. Hier sei eine Markteinf\u00fchrung im Jahr 2028 geplant. Der Bildschirm des Ger\u00e4ts soll ebenfalls auf aus der Fertigung von GIS und Corning stammendem Ultra-Thin Glass basieren.<img loading=\"lazy\" decoding=\"async\" src=\"https:\/\/vg06.met.vgwort.de\/na\/a2c9d3eb6fec4e7bbc4f811c2db04e46\" width=\"1\" height=\"1\" no-lazy class=\"tracking\"><\/p>\n","protected":false},"excerpt":{"rendered":"<a href=\"https:\/\/www.iphone-ticker.de\/auf-das-klapp-iphone-soll-auch-ein-faltbares-ipad-folgen-263106\/\"><img width=\"150\" height=\"150\" src=\"https:\/\/images.iphone-ticker.de\/wp-content\/uploads\/2025\/09\/ultra-thin-glass-utg-samsung-150x150.jpg\" class=\"alignright tfe wp-post-image\" alt=\"Ultra Thin Glass Utg Samsung\" decoding=\"async\" loading=\"lazy\" \/><\/a><p>Auch wenn sich ein faltbares iPhone weiterhin ein wenig nach Science Fiction anh\u00f6rt, gilt mittlerweile als gesichert, dass Apple die Markteinf\u00fchrung eines solchen Ger\u00e4ts im kommenden Jahr plant. Der Analyst Ming-Chi Kuo will dies mit Details aus dem Umfeld von Apple-Zulieferern im Display-Segment untermauern. Eine zentrale Rolle nimmt dabei offenbar der Anbieter General Interface Solution [&hellip;]<\/p>\n","protected":false},"author":2,"featured_media":263109,"comment_status":"open","ping_status":"closed","sticky":false,"template":"","format":"standard","meta":{"footnotes":""},"categories":[749,1975],"tags":[7244,7097,344,6414],"class_list":["post-263106","post","type-post","status-publish","format-standard","has-post-thumbnail","hentry","category-iphone-2","category-feature","tag-falt-ipad","tag-falt-iphone","tag-iphone","tag-klapptelefon"],"aioseo_notices":[],"subheadline":["Absatzprognose f\u00fcr faltbares iPhone erh\u00f6ht"],"featured_image":["https:\/\/images.iphone-ticker.de\/wp-content\/uploads\/2025\/03\/klapp-iphone-feature.jpg"],"rest_api_enabler":{"subheadline":"Absatzprognose f\u00fcr faltbares iPhone erh\u00f6ht","featured_image":"https:\/\/images.iphone-ticker.de\/wp-content\/uploads\/2025\/03\/klapp-iphone-feature.jpg"},"_links":{"self":[{"href":"https:\/\/www.iphone-ticker.de\/apiv2\/wp\/v2\/posts\/263106","targetHints":{"allow":["GET"]}}],"collection":[{"href":"https:\/\/www.iphone-ticker.de\/apiv2\/wp\/v2\/posts"}],"about":[{"href":"https:\/\/www.iphone-ticker.de\/apiv2\/wp\/v2\/types\/post"}],"author":[{"embeddable":true,"href":"https:\/\/www.iphone-ticker.de\/apiv2\/wp\/v2\/users\/2"}],"replies":[{"embeddable":true,"href":"https:\/\/www.iphone-ticker.de\/apiv2\/wp\/v2\/comments?post=263106"}],"version-history":[{"count":3,"href":"https:\/\/www.iphone-ticker.de\/apiv2\/wp\/v2\/posts\/263106\/revisions"}],"predecessor-version":[{"id":263112,"href":"https:\/\/www.iphone-ticker.de\/apiv2\/wp\/v2\/posts\/263106\/revisions\/263112"}],"wp:featuredmedia":[{"embeddable":true,"href":"https:\/\/www.iphone-ticker.de\/apiv2\/wp\/v2\/media\/263109"}],"wp:attachment":[{"href":"https:\/\/www.iphone-ticker.de\/apiv2\/wp\/v2\/media?parent=263106"}],"wp:term":[{"taxonomy":"category","embeddable":true,"href":"https:\/\/www.iphone-ticker.de\/apiv2\/wp\/v2\/categories?post=263106"},{"taxonomy":"post_tag","embeddable":true,"href":"https:\/\/www.iphone-ticker.de\/apiv2\/wp\/v2\/tags?post=263106"}],"curies":[{"name":"wp","href":"https:\/\/api.w.org\/{rel}","templated":true}]}}