{"id":261058,"date":"2025-07-30T11:01:07","date_gmt":"2025-07-30T09:01:07","guid":{"rendered":"https:\/\/www.iphone-ticker.de\/?p=261058"},"modified":"2025-08-07T06:56:33","modified_gmt":"2025-08-07T04:56:33","slug":"neue-farbvarianten-dummys-zeigen-iphone-17-reihe-in-voller-breite","status":"publish","type":"post","link":"https:\/\/www.iphone-ticker.de\/neue-farbvarianten-dummys-zeigen-iphone-17-reihe-in-voller-breite-261058\/","title":{"rendered":"Neue Farbvarianten: Dummys zeigen iPhone-17-Reihe in voller Breite"},"content":{"rendered":"<p>Neue Fotos des f\u00fcr seine Beitr\u00e4ge zu unver\u00f6ffentlichten Ger\u00e4ten bekannte Sonny Dickson soll einen umfassenden \u00dcberblick \u00fcber die kommende iPhone-17-Reihe liefern. <a href=\"https:\/\/x.com\/SonnyDickson\/status\/1950325609957380405\">Die Bilder<\/a> zeigen Dummys aller erwarteten Modelle, darunter sowohl Standard- als auch Pro-Varianten.<\/p>\n<p><a href=\"https:\/\/images.iphone-ticker.de\/wp-content\/uploads\/2025\/07\/pro-farben-iphone-17.jpg\"><img loading=\"lazy\" decoding=\"async\" class=\"aligncenter size-medium wp-image-261060\" src=\"https:\/\/images.iphone-ticker.de\/wp-content\/uploads\/2025\/07\/pro-farben-iphone-17-500x375.jpg\" alt=\"Pro Farben Iphone 17\" width=\"500\" height=\"375\" srcset=\"https:\/\/images.iphone-ticker.de\/wp-content\/uploads\/2025\/07\/pro-farben-iphone-17-500x375.jpg 500w, https:\/\/images.iphone-ticker.de\/wp-content\/uploads\/2025\/07\/pro-farben-iphone-17-700x525.jpg 700w, https:\/\/images.iphone-ticker.de\/wp-content\/uploads\/2025\/07\/pro-farben-iphone-17.jpg 960w\" sizes=\"auto, (max-width: 500px) 100vw, 500px\" \/><\/a><\/p>\n<p>Im Mittelpunkt stehen dabei die Farboptionen, die in den vergangenen Wochen <a href=\"https:\/\/www.iphone-ticker.de\/helles-orange-und-viele-blautoene-das-sind-die-farben-der-neuen-iphones-260182\/\">bereits vereinzelt Thema waren<\/a>.<\/p>\n<p>Bei den Pro-Modellen sind vier Farben zu sehen: Schwarz, Wei\u00df, Dunkelblau und Orange. W\u00e4hrend Schwarz und Wei\u00df an fr\u00fchere Ausf\u00fchrungen erinnern, wirken Blau und Orange deutlich kr\u00e4ftiger als die sonst eher zur\u00fcckhaltenden Farbt\u00f6ne der Pro-Serie. Der Blauton setzt auf ein klassisches Marineblau, das Orange setzt ungewohnt grelle Akzente. Ob Apple die Pro-Ger\u00e4te tats\u00e4chlich mit solchen satten Farben anbieten wird, bleibt abzuwarten.<\/p>\n<h2>Air und Standardmodelle in Pastellt\u00f6nen<\/h2>\n<p>Neben den Pro-Ger\u00e4ten zeigen die Bilder auch das &#8222;iPhone 17 Air&#8220; in vier Ausf\u00fchrungen: Schwarz, Wei\u00df, Hellblau und eine Variante mit goldenem Geh\u00e4use. Die regul\u00e4ren Modelle werden offenbar in den Farben Schwarz, Wei\u00df,  Hellblau und Rosa angeboten.<\/p>\n<p><a href=\"https:\/\/images.iphone-ticker.de\/wp-content\/uploads\/2025\/07\/iphone-17-farben.jpg\"><img loading=\"lazy\" decoding=\"async\" class=\"aligncenter size-large wp-image-261059\" src=\"https:\/\/images.iphone-ticker.de\/wp-content\/uploads\/2025\/07\/iphone-17-farben-700x542.jpg\" alt=\"Iphone 17 Farben\" width=\"700\" height=\"542\" srcset=\"https:\/\/images.iphone-ticker.de\/wp-content\/uploads\/2025\/07\/iphone-17-farben-700x542.jpg 700w, https:\/\/images.iphone-ticker.de\/wp-content\/uploads\/2025\/07\/iphone-17-farben-500x387.jpg 500w, https:\/\/images.iphone-ticker.de\/wp-content\/uploads\/2025\/07\/iphone-17-farben.jpg 930w\" sizes=\"auto, (max-width: 700px) 100vw, 700px\" \/><\/a><\/p>\n<p>Die neue Zusammenstellung best\u00e4tigt viele der zuvor diskutierten Farbtrends und bietet erstmals eine visuelle Vorstellung davon, wie die Ger\u00e4te in ihrer finalen Form aussehen k\u00f6nnten. Der Farbvergleich st\u00fctzt sich dabei auf zuvor ver\u00f6ffentlichte Informationen, unter anderem zu einzelnen Kamerakomponenten und auf die Zuordnung von Pantone-Farbcodes:<\/p>\n<ul>\n<li><strong>Orange und Blau:<\/strong> <a title=\"Helles Orange und Blaut\u00f6ne: Das sind die Farben der neuen iPhones\" href=\"https:\/\/www.iphone-ticker.de\/helles-orange-und-viele-blautoene-das-sind-die-farben-der-neuen-iphones-260182\/\">Das sind die Farben der neuen iPhones<\/a><\/li>\n<\/ul>\n<p>Ver\u00f6ffentlicht wurden die Bilder auf dem Kurznachrichtendienst X, wo Dickson regelm\u00e4\u00dfig Informationen zu unver\u00f6ffentlichten Ger\u00e4ten teilt. Seine Prognosen haben sich in der Vergangenheit mehrfach als zutreffend erwiesen. Ob die gezeigten Farben tats\u00e4chlich den endg\u00fcltigen Varianten entsprechen, d\u00fcrfte sich im Laufe des Septembers zeigen, wenn Apple die neuen Modelle offiziell vorstellt.<\/p>\n<p><img loading=\"lazy\" decoding=\"async\" src=\"https:\/\/vg09.met.vgwort.de\/na\/66d7a77c4cfc48c0bbfb1ac3d4c07d0b\" width=\"1\" height=\"1\"  no-lazy class=\"tracking\"><\/p>\n","protected":false},"excerpt":{"rendered":"<a href=\"https:\/\/www.iphone-ticker.de\/neue-farbvarianten-dummys-zeigen-iphone-17-reihe-in-voller-breite-261058\/\"><img width=\"150\" height=\"150\" src=\"https:\/\/images.iphone-ticker.de\/wp-content\/uploads\/2025\/07\/iphone-17-farben-feature-150x150.jpg\" class=\"alignright tfe wp-post-image\" alt=\"Iphone 17 Farben Feature\" decoding=\"async\" loading=\"lazy\" \/><\/a><p>Neue Fotos des f\u00fcr seine Beitr\u00e4ge zu unver\u00f6ffentlichten Ger\u00e4ten bekannte Sonny Dickson soll einen umfassenden \u00dcberblick \u00fcber die kommende iPhone-17-Reihe liefern. Die Bilder zeigen Dummys aller erwarteten Modelle, darunter sowohl Standard- als auch Pro-Varianten. Im Mittelpunkt stehen dabei die Farboptionen, die in den vergangenen Wochen bereits vereinzelt Thema waren. Bei den Pro-Modellen sind vier Farben [&hellip;]<\/p>\n","protected":false},"author":1,"featured_media":261061,"comment_status":"open","ping_status":"closed","sticky":false,"template":"","format":"standard","meta":{"footnotes":""},"categories":[1,1975],"tags":[1710,2064,6741,3910],"class_list":["post-261058","post","type-post","status-publish","format-standard","has-post-thumbnail","hentry","category-news","category-feature","tag-farben","tag-geruechte","tag-iphone-17","tag-rumors"],"aioseo_notices":[],"subheadline":["Pro-Modelle mit kr\u00e4ftigeren T\u00f6nen"],"featured_image":["https:\/\/images.iphone-ticker.de\/wp-content\/uploads\/2025\/07\/iphone-17-farben-feature.jpg"],"rest_api_enabler":{"subheadline":"Pro-Modelle mit kr\u00e4ftigeren T\u00f6nen","featured_image":"https:\/\/images.iphone-ticker.de\/wp-content\/uploads\/2025\/07\/iphone-17-farben-feature.jpg"},"_links":{"self":[{"href":"https:\/\/www.iphone-ticker.de\/apiv2\/wp\/v2\/posts\/261058","targetHints":{"allow":["GET"]}}],"collection":[{"href":"https:\/\/www.iphone-ticker.de\/apiv2\/wp\/v2\/posts"}],"about":[{"href":"https:\/\/www.iphone-ticker.de\/apiv2\/wp\/v2\/types\/post"}],"author":[{"embeddable":true,"href":"https:\/\/www.iphone-ticker.de\/apiv2\/wp\/v2\/users\/1"}],"replies":[{"embeddable":true,"href":"https:\/\/www.iphone-ticker.de\/apiv2\/wp\/v2\/comments?post=261058"}],"version-history":[{"count":2,"href":"https:\/\/www.iphone-ticker.de\/apiv2\/wp\/v2\/posts\/261058\/revisions"}],"predecessor-version":[{"id":261065,"href":"https:\/\/www.iphone-ticker.de\/apiv2\/wp\/v2\/posts\/261058\/revisions\/261065"}],"wp:featuredmedia":[{"embeddable":true,"href":"https:\/\/www.iphone-ticker.de\/apiv2\/wp\/v2\/media\/261061"}],"wp:attachment":[{"href":"https:\/\/www.iphone-ticker.de\/apiv2\/wp\/v2\/media?parent=261058"}],"wp:term":[{"taxonomy":"category","embeddable":true,"href":"https:\/\/www.iphone-ticker.de\/apiv2\/wp\/v2\/categories?post=261058"},{"taxonomy":"post_tag","embeddable":true,"href":"https:\/\/www.iphone-ticker.de\/apiv2\/wp\/v2\/tags?post=261058"}],"curies":[{"name":"wp","href":"https:\/\/api.w.org\/{rel}","templated":true}]}}