{"id":260989,"date":"2025-07-29T09:00:44","date_gmt":"2025-07-29T07:00:44","guid":{"rendered":"https:\/\/www.iphone-ticker.de\/?p=260989"},"modified":"2025-08-05T06:50:49","modified_gmt":"2025-08-05T04:50:49","slug":"applecare-one-apple-id-entscheidend-applecare-teils-guenstiger","status":"publish","type":"post","link":"https:\/\/www.iphone-ticker.de\/applecare-one-apple-id-entscheidend-applecare-teils-guenstiger-260989\/","title":{"rendered":"AppleCare One: Apple ID entscheidend, AppleCare+ teils g\u00fcnstiger"},"content":{"rendered":"<p>Noch ist unklar, ob Apple den neu vorgestellten <a href=\"https:\/\/www.ifun.de\/applecare-one-apple-startet-neues-geraeteschutz-abo-261353\/\">Versicherungstarif AppleCare One<\/a> auch in Deutschland anbieten wird. Nach dem Start in den USA gehen Beobachter jedoch davon aus, dass die neue Versicherungsoption mittelfristig auch hierzulande eingef\u00fchrt werden k\u00f6nnte. Apple d\u00fcrfte sich die zus\u00e4tzlichen Einnahmen aus einem erweiterten Versicherungstarif, der sich direkt \u00fcber die Ger\u00e4teeinstellungen buchen l\u00e4sst, auch in Europa nicht entgehen lassen.<br \/>\n<a href=\"https:\/\/images.iphone-ticker.de\/wp-content\/uploads\/2025\/07\/add-to-apple-care-one.jpg\"><img loading=\"lazy\" decoding=\"async\" class=\"aligncenter size-medium wp-image-260990\" src=\"https:\/\/images.iphone-ticker.de\/wp-content\/uploads\/2025\/07\/add-to-apple-care-one-500x500.jpg\" alt=\"Add To Apple Care One\" width=\"500\" height=\"500\" srcset=\"https:\/\/images.iphone-ticker.de\/wp-content\/uploads\/2025\/07\/add-to-apple-care-one-500x500.jpg 500w, https:\/\/images.iphone-ticker.de\/wp-content\/uploads\/2025\/07\/add-to-apple-care-one-150x150.jpg 150w, https:\/\/images.iphone-ticker.de\/wp-content\/uploads\/2025\/07\/add-to-apple-care-one.jpg 680w\" sizes=\"auto, (max-width: 500px) 100vw, 500px\" \/><\/a><\/p>\n<h6><a href=\"https:\/\/x.com\/robertrosenfeld\/status\/1948423419122565176\">AppleCare One in den iPhone-Systemeinstellungen | Bild: Robert Rosenfeld<\/a><\/h6>\n<p>Sollte AppleCare One tats\u00e4chlich eingef\u00fchrt werden, empfiehlt sich jedoch ein genauer Blick auf die Details, bevor man von einem bestehenden AppleCare+-Vertrag umsteigt.<\/p>\n<h2>Kombitarif statt Einzelabsicherung<\/h2>\n<p>In den Vereinigten Staaten kostet AppleCare+ f\u00fcr das iPhone derzeit rund zehn Dollar pro Monat. AppleCare One schl\u00e4gt hingegen mit 19,99 Dollar monatlich zu Buche und deckt bis zu drei Ger\u00e4te ab. Diese d\u00fcrfen bis zu vier Jahre alt sein, <a href=\"https:\/\/www.iphone-ticker.de\/applecare-one-teils-geraeteueberpruefung-per-foto-oder-ortstermin-noetig-260817\/\">sofern sie in gutem Zustand sind<\/a>.<\/p>\n<p>Eine zentrale Voraussetzung ist allerdings, dass alle versicherten Ger\u00e4te mit derselben Apple-ID verkn\u00fcpft sein m\u00fcssen. Dadurch lassen sich Familienger\u00e4te nicht ohne Weiteres mitversichern, sofern sie getrennt verwaltet werden. <\/p>\n<p><a href=\"https:\/\/images.iphone-ticker.de\/wp-content\/uploads\/2025\/07\/apple-care-plans.jpg\"><img loading=\"lazy\" decoding=\"async\" class=\"aligncenter size-large wp-image-260991\" src=\"https:\/\/images.iphone-ticker.de\/wp-content\/uploads\/2025\/07\/apple-care-plans-700x348.jpg\" alt=\"Apple Care Plans\" width=\"700\" height=\"348\" srcset=\"https:\/\/images.iphone-ticker.de\/wp-content\/uploads\/2025\/07\/apple-care-plans-700x348.jpg 700w, https:\/\/images.iphone-ticker.de\/wp-content\/uploads\/2025\/07\/apple-care-plans-500x249.jpg 500w, https:\/\/images.iphone-ticker.de\/wp-content\/uploads\/2025\/07\/apple-care-plans.jpg 1366w\" sizes=\"auto, (max-width: 700px) 100vw, 700px\" \/><\/a><\/p>\n<p>Nur auf Ger\u00e4ten, die mehrere Benutzerkonten mit jeweils eigener Apple-ID unterst\u00fctzen (wie etwa Macs) ist eine gemeinsame Nutzung unter Umst\u00e4nden m\u00f6glich. Weitere Ger\u00e4te lassen sich f\u00fcr je 5,99 Dollar im Monat zum Tarif hinzuf\u00fcgen. Die Verwaltung erfolgt \u00fcber die Systemeinstellungen des jeweiligen Apple-Ger\u00e4ts.<\/p>\n<h2>Kleingedrucktes und Preisvergleich<\/h2>\n<p>Besonders lohnend ist AppleCare One f\u00fcr Nutzerinnen und Nutzer mit mehreren h\u00f6herpreisigen Ger\u00e4ten. Wer hingegen nur einzelne Produkte wie AirPods oder eine Apple Watch versichern m\u00f6chte, f\u00e4hrt mit separaten AppleCare+-Vertr\u00e4gen meist g\u00fcnstiger. Die Versicherung der AirPods ist in den USA bereits ab 1,49 Dollar im Monat erh\u00e4ltlich, die Apple Watch l\u00e4sst sich ab 2,99 Dollar absichern.<\/p>\n<p>Neben der erweiterten Hardwareabdeckung umfasst AppleCare One Leistungen wie Expressaustausch, telefonischen 24-Stunden-Support sowie Diebstahl- und Verlustschutz f\u00fcr iPhone, iPad und Apple Watch. Auch Zubeh\u00f6r wie der Apple Pencil oder das iPad-Tastaturcover ist mitversichert, sofern das Hauptger\u00e4t in den Tarif aufgenommen wurde. Reparaturen lassen sich \u00fcber autorisierte Servicepartner, per Versand oder direkt im Apple Store organisieren.<\/p>\n<p><a href=\"https:\/\/images.iphone-ticker.de\/wp-content\/uploads\/2025\/07\/iPhone-preise-apple-care.png\"><img loading=\"lazy\" decoding=\"async\" src=\"https:\/\/images.iphone-ticker.de\/wp-content\/uploads\/2025\/07\/iPhone-preise-apple-care-700x312.png\" alt=\"IPhone Preise Apple Care\" width=\"700\" height=\"312\" class=\"aligncenter size-large wp-image-260995\" srcset=\"https:\/\/images.iphone-ticker.de\/wp-content\/uploads\/2025\/07\/iPhone-preise-apple-care-700x312.png 700w, https:\/\/images.iphone-ticker.de\/wp-content\/uploads\/2025\/07\/iPhone-preise-apple-care-500x223.png 500w, https:\/\/images.iphone-ticker.de\/wp-content\/uploads\/2025\/07\/iPhone-preise-apple-care-1536x684.png 1536w, https:\/\/images.iphone-ticker.de\/wp-content\/uploads\/2025\/07\/iPhone-preise-apple-care.png 1910w\" sizes=\"auto, (max-width: 700px) 100vw, 700px\" \/><\/a><\/p>\n<p>Wichtig zu wissen: Wie bei AppleCare+ fallen im Schadensfall <a href=\"https:\/\/www.apple.com\/legal\/applecare\/fees-deductibles\/\">pauschale Reparaturzahlungen an<\/a>. Ein defektes Display beim iPhone kostet etwa 29 Dollar, alle anderen iPhone-Sch\u00e4den 99 Dollar. Der Ersatz eines verlorenen oder gestohlenen Ger\u00e4tes kostet 149 Dollar.<\/p>\n<p><img loading=\"lazy\" decoding=\"async\" src=\"https:\/\/vg09.met.vgwort.de\/na\/4e00d7e1134f4ac685a855c2d6f40c9d\" width=\"1\" height=\"1\"  no-lazy class=\"tracking\"><\/p>\n","protected":false},"excerpt":{"rendered":"<a href=\"https:\/\/www.iphone-ticker.de\/applecare-one-apple-id-entscheidend-applecare-teils-guenstiger-260989\/\"><img width=\"150\" height=\"150\" src=\"https:\/\/images.iphone-ticker.de\/wp-content\/uploads\/2025\/07\/apple-care-one-feature-150x150.jpg\" class=\"alignright tfe wp-post-image\" alt=\"Apple Care One Feature\" decoding=\"async\" loading=\"lazy\" \/><\/a><p>Noch ist unklar, ob Apple den neu vorgestellten Versicherungstarif AppleCare One auch in Deutschland anbieten wird. Nach dem Start in den USA gehen Beobachter jedoch davon aus, dass die neue Versicherungsoption mittelfristig auch hierzulande eingef\u00fchrt werden k\u00f6nnte. Apple d\u00fcrfte sich die zus\u00e4tzlichen Einnahmen aus einem erweiterten Versicherungstarif, der sich direkt \u00fcber die Ger\u00e4teeinstellungen buchen l\u00e4sst, [&hellip;]<\/p>\n","protected":false},"author":1,"featured_media":260993,"comment_status":"open","ping_status":"closed","sticky":false,"template":"","format":"standard","meta":{"footnotes":""},"categories":[14,1975],"tags":[7195,961,548],"class_list":["post-260989","post","type-post","status-publish","format-standard","has-post-thumbnail","hentry","category-apple","category-feature","tag-applecare-one","tag-applecare","tag-versicherung"],"aioseo_notices":[],"subheadline":["Kommt Apples neue Ger\u00e4teversicherung nach Deutschland?"],"featured_image":["https:\/\/images.iphone-ticker.de\/wp-content\/uploads\/2025\/07\/apple-care-one-feature.jpg"],"rest_api_enabler":{"subheadline":"Kommt Apples neue Ger\u00e4teversicherung nach Deutschland?","featured_image":"https:\/\/images.iphone-ticker.de\/wp-content\/uploads\/2025\/07\/apple-care-one-feature.jpg"},"_links":{"self":[{"href":"https:\/\/www.iphone-ticker.de\/apiv2\/wp\/v2\/posts\/260989","targetHints":{"allow":["GET"]}}],"collection":[{"href":"https:\/\/www.iphone-ticker.de\/apiv2\/wp\/v2\/posts"}],"about":[{"href":"https:\/\/www.iphone-ticker.de\/apiv2\/wp\/v2\/types\/post"}],"author":[{"embeddable":true,"href":"https:\/\/www.iphone-ticker.de\/apiv2\/wp\/v2\/users\/1"}],"replies":[{"embeddable":true,"href":"https:\/\/www.iphone-ticker.de\/apiv2\/wp\/v2\/comments?post=260989"}],"version-history":[{"count":3,"href":"https:\/\/www.iphone-ticker.de\/apiv2\/wp\/v2\/posts\/260989\/revisions"}],"predecessor-version":[{"id":260998,"href":"https:\/\/www.iphone-ticker.de\/apiv2\/wp\/v2\/posts\/260989\/revisions\/260998"}],"wp:featuredmedia":[{"embeddable":true,"href":"https:\/\/www.iphone-ticker.de\/apiv2\/wp\/v2\/media\/260993"}],"wp:attachment":[{"href":"https:\/\/www.iphone-ticker.de\/apiv2\/wp\/v2\/media?parent=260989"}],"wp:term":[{"taxonomy":"category","embeddable":true,"href":"https:\/\/www.iphone-ticker.de\/apiv2\/wp\/v2\/categories?post=260989"},{"taxonomy":"post_tag","embeddable":true,"href":"https:\/\/www.iphone-ticker.de\/apiv2\/wp\/v2\/tags?post=260989"}],"curies":[{"name":"wp","href":"https:\/\/api.w.org\/{rel}","templated":true}]}}