{"id":260885,"date":"2025-07-28T09:27:08","date_gmt":"2025-07-28T07:27:08","guid":{"rendered":"https:\/\/www.iphone-ticker.de\/?p=260885"},"modified":"2025-08-04T13:55:39","modified_gmt":"2025-08-04T11:55:39","slug":"kompaktlader-mit-integriertem-kabel-anker-stellt-neues-netzteil-vor","status":"publish","type":"post","link":"https:\/\/www.iphone-ticker.de\/kompaktlader-mit-integriertem-kabel-anker-stellt-neues-netzteil-vor-260885\/","title":{"rendered":"Kompaktlader mit integriertem Kabel: Anker stellt neues Netzteil vor"},"content":{"rendered":"<p>Der Zubeh\u00f6r-Anbieter Anker hat ein <a href=\"https:\/\/www.ifun.de\/amzn\/B0DQ5HYDBG\">neues USB-C-Ladeger\u00e4t<\/a> vorgestellt, das auf Nutzer abzielt, die eine kompakte Ladel\u00f6sung f\u00fcr unterwegs suchen, bei der das USB-C-Kabel bereits integriert ist.<\/p>\n<p><a href=\"https:\/\/images.iphone-ticker.de\/wp-content\/uploads\/2025\/07\/anker-netzteil-kabel.png\"><img loading=\"lazy\" decoding=\"async\" class=\"aligncenter size-medium wp-image-260886\" src=\"https:\/\/images.iphone-ticker.de\/wp-content\/uploads\/2025\/07\/anker-netzteil-kabel-500x500.png\" alt=\"Anker Netzteil Kabel\" width=\"500\" height=\"500\" srcset=\"https:\/\/images.iphone-ticker.de\/wp-content\/uploads\/2025\/07\/anker-netzteil-kabel-500x500.png 500w, https:\/\/images.iphone-ticker.de\/wp-content\/uploads\/2025\/07\/anker-netzteil-kabel-700x700.png 700w, https:\/\/images.iphone-ticker.de\/wp-content\/uploads\/2025\/07\/anker-netzteil-kabel-150x150.png 150w, https:\/\/images.iphone-ticker.de\/wp-content\/uploads\/2025\/07\/anker-netzteil-kabel.png 1498w\" sizes=\"auto, (max-width: 500px) 100vw, 500px\" \/><\/a><\/p>\n<p>Das <a href=\"https:\/\/www.ifun.de\/amzn\/B0DQ5HYDBG\">Anker Nano 35W<\/a> ist mit zwei USB-C-Anschl\u00fcssen und einem integrierten, ausziehbaren USB-C-Kabel ausgestattet. Das fest verbaute Kabel l\u00e4sst sich auf bis zu 70 Zentimeter L\u00e4nge ausziehen und ist laut Hersteller f\u00fcr \u00fcber 20.000 Bewegungszyklen konzipiert. Das Geh\u00e4use selbst f\u00e4llt nur unwesentlich gr\u00f6\u00dfer als ein AirPods-Pro-Ladecase aus und passt, vergleichsweise kompakt, auch in kleinere Taschen.<\/p>\n<p>Das Ger\u00e4t liefert bis zu 35 Watt Leistung und kann zwei Endger\u00e4te gleichzeitig versorgen. Die verbaute Elektronik sorgt dabei f\u00fcr eine intelligente Verteilung der verf\u00fcgbaren Energie. Gedacht ist das Netzteil f\u00fcr aktuelle iPhone-Modelle, Tablets oder kleinere Notebooks. Mit einem Preis von rund 40 Euro liegt das Anker Nano im oberen Bereich vergleichbarer Modelle. Das Netzteil verf\u00fcgt \u00fcber eine zweij\u00e4hrige Garantie.<\/p>\n<script>\r\n  function open_amazon(link) {\r\n    if (navigator.userAgent.indexOf(\"Firefox\") != -1) {\r\n      window.open(link, '_blank');\r\n    } else {\r\n      var tag = document.createElement('a');\r\n      tag.setAttribute('href', link);\r\n      tag.innerHTML = \"amzn\";\r\n      tag.click();\r\n    }\r\n  }\r\n<\/script>\r\n    <div id=\"article-single-amazon-preview\" onclick=\"return open_amazon('https:\/\/www.amazon.de\/dp\/B0DQ5HYDBG?tag=musicweb02&linkCode=ogi&th=1&psc=1');\">\n  <div id=\"article-single-amazon-preview-header\">\n    <span class=\"title\">Produkthinweis<\/span>\n      <\/div>\n  <div id=\"article-single-amazon-preview-content\">\n    <div id=\"article-single-amazon-preview-img\" style=\"background: url('https:\/\/m.media-amazon.com\/images\/I\/31Y+1OAhsbL.jpg') center center no-repeat; background-size: cover;\"><\/div>\n    <div id=\"article-single-amazon-preview-desc\">\n      <span class=\"bezeichnung\"><a href=\"https:\/\/www.amazon.de\/dp\/B0DQ5HYDBG?tag=musicweb02&linkCode=ogi&th=1&psc=1\" style=\"text-decoration: none; border-bottom: 0px; box-shadow: none;\">Anker Nano USB-C Ladeger\u00e4t, 35W Max, kompaktes Netzteil, 2 Anschl\u00fcsse, Strapazierf\u00e4higes & integriertes Anker...<\/a><\/span>\n      <span class=\"preis--aktuell\">23,99 EUR<\/span>\n      <span class=\"preis--alt\">39,99 EUR<\/span>\n    <\/div>\n  <\/div>\n<\/div>\n<p><video poster=\"\" preload=\"auto\" controls=\"controls\" width=\"100%\" ><source src=\"https:\/\/images.iphone-ticker.de\/wp-content\/uploads\/2025\/07\/anker-netzteil-kabel.mp4#t=2.01\" \/><\/video><\/p>\n<h2>Alternativen mit mehr Leistung<\/h2>\n<p>Wem 35 Watt Leistung nicht ausreichen, der findet im Markt auch Alternativen mit h\u00f6herer Ausgangsleistung und zus\u00e4tzlichen Anschlussm\u00f6glichkeiten. Das <a href=\"https:\/\/www.ifun.de\/amzn\/B0FCS38DCJ\">Baseus Enercore 67W<\/a> etwa bietet eine Ausgangsleistung von bis zu 67 Watt und ebenfalls ein ausziehbares USB-C-Kabel.<\/p>\n<p>Das Netzteil verf\u00fcgt insgesamt \u00fcber drei USB-C-Anschl\u00fcsse und kann mehrere Ger\u00e4te gleichzeitig mit Schnellladung versorgen. Trotz seiner h\u00f6heren Leistung bleibt es mit einem Preis von knapp 30 Euro unter dem Niveau des neuen Anker-Modells.<\/p>\n<script>\r\n  function open_amazon(link) {\r\n    if (navigator.userAgent.indexOf(\"Firefox\") != -1) {\r\n      window.open(link, '_blank');\r\n    } else {\r\n      var tag = document.createElement('a');\r\n      tag.setAttribute('href', link);\r\n      tag.innerHTML = \"amzn\";\r\n      tag.click();\r\n    }\r\n  }\r\n<\/script>\r\n    <div id=\"article-single-amazon-preview\" onclick=\"return open_amazon('https:\/\/www.amazon.de\/dp\/B0FCS38DCJ?tag=musicweb02&linkCode=ogi&th=1&psc=1');\">\n  <div id=\"article-single-amazon-preview-header\">\n    <span class=\"title\">Produkthinweis<\/span>\n      <\/div>\n  <div id=\"article-single-amazon-preview-content\">\n    <div id=\"article-single-amazon-preview-img\" style=\"background: url('https:\/\/m.media-amazon.com\/images\/I\/31FR0JB7O0L.jpg') center center no-repeat; background-size: cover;\"><\/div>\n    <div id=\"article-single-amazon-preview-desc\">\n      <span class=\"bezeichnung\"><a href=\"https:\/\/www.amazon.de\/dp\/B0FCS38DCJ?tag=musicweb02&linkCode=ogi&th=1&psc=1\" style=\"text-decoration: none; border-bottom: 0px; box-shadow: none;\">Baseus Enercore USB C Ladeger\u00e4t 67W mit ausziehbaren Kabel, 65W GaN Netzteil mit 2X USB C, kompaktes Schnellladeger\u00e4t...<\/a><\/span>\n      <span class=\"preis--aktuell\">19,99 EUR<\/span>\n      <span class=\"preis--alt\">38,99 EUR<\/span>\n    <\/div>\n  <\/div>\n<\/div>\n<h2>Auch f\u00fcr die Apple Watch<\/h2>\n<p>Eine weitere Option richtet sich vor allem an Nutzer von Apple-Produkten. Das <a href=\"https:\/\/www.ifun.de\/mit-kabel-und-puck-macbook-und-apple-watch-gleichzeitig-laden-261207\/\">k\u00fcrzlich auf ifun.de vorgestellte<\/a> 65-Watt-Netzteil kombiniert ein einziehbares USB-C-Kabel mit einem USB-A-Anschluss und einem Ladepunkt f\u00fcr die Apple Watch. <\/p>\n<p>Damit eignet sich <a href=\"https:\/\/www.ifun.de\/amzn\/B0DSPVLF22\">das Kombi-Ladeger\u00e4t<\/a> besonders f\u00fcr das gleichzeitige Laden von MacBook, iPhone, iPad und Apple Watch. Auch hier ist das Kabel bis zu 70 Zentimeter ausziehbar. Der Preis liegt bei rund 35 Euro.<\/p>\n<script>\r\n  function open_amazon(link) {\r\n    if (navigator.userAgent.indexOf(\"Firefox\") != -1) {\r\n      window.open(link, '_blank');\r\n    } else {\r\n      var tag = document.createElement('a');\r\n      tag.setAttribute('href', link);\r\n      tag.innerHTML = \"amzn\";\r\n      tag.click();\r\n    }\r\n  }\r\n<\/script>\r\n    <div id=\"article-single-amazon-preview\" onclick=\"return open_amazon('https:\/\/www.amazon.de\/dp\/B0DSPVLF22?tag=musicweb02&linkCode=ogi&th=1&psc=1');\">\n  <div id=\"article-single-amazon-preview-header\">\n    <span class=\"title\">Produkthinweis<\/span>\n      <\/div>\n  <div id=\"article-single-amazon-preview-content\">\n    <div id=\"article-single-amazon-preview-img\" style=\"background: url('https:\/\/m.media-amazon.com\/images\/I\/31MlafGOyHL.jpg') center center no-repeat; background-size: cover;\"><\/div>\n    <div id=\"article-single-amazon-preview-desc\">\n      <span class=\"bezeichnung\"><a href=\"https:\/\/www.amazon.de\/dp\/B0DSPVLF22?tag=musicweb02&linkCode=ogi&th=1&psc=1\" style=\"text-decoration: none; border-bottom: 0px; box-shadow: none;\">Einziehbares 65W USB C ladeger\u00e4t mit Kabeln f\u00fcr Apple Watch, 4-Port GaN USB C Ladeger\u00e4t Netzteil mit Schnellladekabel...<\/a><\/span>\n      <span class=\"preis--aktuell\">29,99 EUR<\/span>\n      <span class=\"preis--alt\">34,99 EUR<\/span>\n    <\/div>\n  <\/div>\n<\/div>\n<p><img loading=\"lazy\" decoding=\"async\" src=\"https:\/\/vg09.met.vgwort.de\/na\/0ee00fab12964ae7b40a6fb1f2e1de61\" width=\"1\" height=\"1\"  no-lazy class=\"tracking\"><\/p>\n","protected":false},"excerpt":{"rendered":"<a href=\"https:\/\/www.iphone-ticker.de\/kompaktlader-mit-integriertem-kabel-anker-stellt-neues-netzteil-vor-260885\/\"><img width=\"150\" height=\"150\" src=\"https:\/\/images.iphone-ticker.de\/wp-content\/uploads\/2025\/07\/anker-kabel-netzteil-feature-150x150.jpg\" class=\"alignright tfe wp-post-image\" alt=\"Anker Kabel Netzteil Feature\" decoding=\"async\" loading=\"lazy\" \/><\/a><p>Der Zubeh\u00f6r-Anbieter Anker hat ein neues USB-C-Ladeger\u00e4t vorgestellt, das auf Nutzer abzielt, die eine kompakte Ladel\u00f6sung f\u00fcr unterwegs suchen, bei der das USB-C-Kabel bereits integriert ist. Das Anker Nano 35W ist mit zwei USB-C-Anschl\u00fcssen und einem integrierten, ausziehbaren USB-C-Kabel ausgestattet. Das fest verbaute Kabel l\u00e4sst sich auf bis zu 70 Zentimeter L\u00e4nge ausziehen und ist [&hellip;]<\/p>\n","protected":false},"author":1,"featured_media":260888,"comment_status":"open","ping_status":"closed","sticky":false,"template":"","format":"standard","meta":{"footnotes":""},"categories":[1,1975],"tags":[2357,258,1422,3140],"class_list":["post-260885","post","type-post","status-publish","format-standard","has-post-thumbnail","hentry","category-news","category-feature","tag-anker","tag-kabel","tag-netzteil","tag-usb-c"],"aioseo_notices":[],"subheadline":["Es gibt g\u00fcnstigere und leistungsst\u00e4rkere Alternativen"],"featured_image":["https:\/\/images.iphone-ticker.de\/wp-content\/uploads\/2025\/07\/anker-kabel-netzteil-feature.jpg"],"rest_api_enabler":{"subheadline":"Es gibt g\u00fcnstigere und leistungsst\u00e4rkere Alternativen","featured_image":"https:\/\/images.iphone-ticker.de\/wp-content\/uploads\/2025\/07\/anker-kabel-netzteil-feature.jpg"},"_links":{"self":[{"href":"https:\/\/www.iphone-ticker.de\/apiv2\/wp\/v2\/posts\/260885","targetHints":{"allow":["GET"]}}],"collection":[{"href":"https:\/\/www.iphone-ticker.de\/apiv2\/wp\/v2\/posts"}],"about":[{"href":"https:\/\/www.iphone-ticker.de\/apiv2\/wp\/v2\/types\/post"}],"author":[{"embeddable":true,"href":"https:\/\/www.iphone-ticker.de\/apiv2\/wp\/v2\/users\/1"}],"replies":[{"embeddable":true,"href":"https:\/\/www.iphone-ticker.de\/apiv2\/wp\/v2\/comments?post=260885"}],"version-history":[{"count":2,"href":"https:\/\/www.iphone-ticker.de\/apiv2\/wp\/v2\/posts\/260885\/revisions"}],"predecessor-version":[{"id":260892,"href":"https:\/\/www.iphone-ticker.de\/apiv2\/wp\/v2\/posts\/260885\/revisions\/260892"}],"wp:featuredmedia":[{"embeddable":true,"href":"https:\/\/www.iphone-ticker.de\/apiv2\/wp\/v2\/media\/260888"}],"wp:attachment":[{"href":"https:\/\/www.iphone-ticker.de\/apiv2\/wp\/v2\/media?parent=260885"}],"wp:term":[{"taxonomy":"category","embeddable":true,"href":"https:\/\/www.iphone-ticker.de\/apiv2\/wp\/v2\/categories?post=260885"},{"taxonomy":"post_tag","embeddable":true,"href":"https:\/\/www.iphone-ticker.de\/apiv2\/wp\/v2\/tags?post=260885"}],"curies":[{"name":"wp","href":"https:\/\/api.w.org\/{rel}","templated":true}]}}