{"id":260455,"date":"2025-07-21T17:35:46","date_gmt":"2025-07-21T15:35:46","guid":{"rendered":"https:\/\/www.iphone-ticker.de\/?p=260455"},"modified":"2025-07-21T17:36:49","modified_gmt":"2025-07-21T15:36:49","slug":"bmw-app-zeigt-emissionen-co2-bilanz-auf-einen-blick","status":"publish","type":"post","link":"https:\/\/www.iphone-ticker.de\/bmw-app-zeigt-emissionen-co2-bilanz-auf-einen-blick-260455\/","title":{"rendered":"BMW-App zeigt Emissionen: CO2-Bilanz auf einen Blick"},"content":{"rendered":"<p>BMW hat die <a href=\"https:\/\/www.ifun.de\/app\/1519034860\">hauseigenen Fahrzeug-Apps<\/a> \u00fcberarbeitet. Nutzerinnen und Nutzer k\u00f6nnen nun nicht nur Informationen zu Strecken und Verbrauch abrufen, sondern auch die Emissionen ihres Fahrzeugs im Detail nachvollziehen. Die erweiterte Funktion ber\u00fccksichtigt neben dem Energieeinsatz beim Fahren erstmals auch die Umweltbelastung durch die Fahrzeugherstellung.<br \/>\n<a href=\"https:\/\/images.iphone-ticker.de\/wp-content\/uploads\/2025\/07\/bmw-app-icons.png\"><img loading=\"lazy\" decoding=\"async\" class=\"aligncenter size-medium wp-image-260457\" src=\"https:\/\/images.iphone-ticker.de\/wp-content\/uploads\/2025\/07\/bmw-app-icons-500x245.png\" alt=\"Bmw App Icons\" width=\"500\" height=\"245\" srcset=\"https:\/\/images.iphone-ticker.de\/wp-content\/uploads\/2025\/07\/bmw-app-icons-500x245.png 500w, https:\/\/images.iphone-ticker.de\/wp-content\/uploads\/2025\/07\/bmw-app-icons-700x343.png 700w, https:\/\/images.iphone-ticker.de\/wp-content\/uploads\/2025\/07\/bmw-app-icons.png 1500w\" sizes=\"auto, (max-width: 500px) 100vw, 500px\" \/><\/a><\/p>\n<p>Das Angebot startet in mehreren europ\u00e4ischen L\u00e4ndern, gilt aber noch nicht f\u00fcr alle Modelle.<\/p>\n<h2>F\u00fcr My BMW App und MINI App<\/h2>\n<p>F\u00fcr die Berechnung des individuellen CO2-Aussto\u00dfes kombiniert die App zwei Bereiche. Einerseits wird ermittelt, wie viel Kohlendioxid bei der Nutzung des Fahrzeugs freigesetzt wird. Die Analyse basiert auf gefahrenen Kilometern sowie dem Energieverbrauch. Bei Modellen mit Verbrennungsmotor flie\u00dfen Kraftstoffmengen in die Berechnung ein. Bei elektrisch betriebenen Fahrzeugen ber\u00fccksichtigt die App die durchschnittliche Stromzusammensetzung des jeweiligen Landes. Zus\u00e4tzlich gibt es Vergleichswerte f\u00fcr den Fall, dass \u00d6kostrom eingesetzt worden w\u00e4re.<\/p>\n<p><a href=\"https:\/\/images.iphone-ticker.de\/wp-content\/uploads\/2025\/07\/bmw-app-scaled.png\"><img loading=\"lazy\" decoding=\"async\" class=\"aligncenter size-large wp-image-260456\" src=\"https:\/\/images.iphone-ticker.de\/wp-content\/uploads\/2025\/07\/bmw-app-700x446.png\" alt=\"Bmw App\" width=\"700\" height=\"446\" srcset=\"https:\/\/images.iphone-ticker.de\/wp-content\/uploads\/2025\/07\/bmw-app-700x446.png 700w, https:\/\/images.iphone-ticker.de\/wp-content\/uploads\/2025\/07\/bmw-app-500x319.png 500w, https:\/\/images.iphone-ticker.de\/wp-content\/uploads\/2025\/07\/bmw-app-1536x979.png 1536w, https:\/\/images.iphone-ticker.de\/wp-content\/uploads\/2025\/07\/bmw-app-2048x1305.png 2048w\" sizes=\"auto, (max-width: 700px) 100vw, 700px\" \/><\/a><\/p>\n<h2>Produktion flie\u00dft in CO2-Bilanz ein<\/h2>\n<p>Neben der Nutzung bezieht die App auch Emissionen ein, die w\u00e4hrend der Produktion des Fahrzeugs entstehen. Dazu z\u00e4hlen unter anderem Rohstoffverarbeitung, Zulieferung und Fertigung. Grundlage bilden Lebenszyklusanalysen, die BMW f\u00fcr viele Modelle nach anerkannten Standards erstellen l\u00e4sst. Diese Bewertungen wurden durch unabh\u00e4ngige Pr\u00fcfstellen zertifiziert und sind online abrufbar.<\/p>\n<p>Erg\u00e4nzend hilft die App bei der Entscheidung f\u00fcr ein anderes Antriebskonzept. \u00dcber eine Simulationsfunktion k\u00f6nnen Fahrerinnen und Fahrer pr\u00fcfen, ob ihre \u00fcblichen Wege auch mit einem elektrischen Modell zur\u00fcckgelegt werden k\u00f6nnten. Diese Funktion steht zur Verf\u00fcgung, sobald mit dem bestehenden Fahrzeug eine gewisse Fahrleistung erreicht wurde.<\/p>\n<p><a href=\"https:\/\/images.iphone-ticker.de\/wp-content\/uploads\/2025\/07\/bmw-charging.png\"><img loading=\"lazy\" decoding=\"async\" class=\"aligncenter size-large wp-image-260459\" src=\"https:\/\/images.iphone-ticker.de\/wp-content\/uploads\/2025\/07\/bmw-charging-700x448.png\" alt=\"Bmw Charging\" width=\"700\" height=\"448\" srcset=\"https:\/\/images.iphone-ticker.de\/wp-content\/uploads\/2025\/07\/bmw-charging-700x448.png 700w, https:\/\/images.iphone-ticker.de\/wp-content\/uploads\/2025\/07\/bmw-charging-500x320.png 500w, https:\/\/images.iphone-ticker.de\/wp-content\/uploads\/2025\/07\/bmw-charging-1536x984.png 1536w, https:\/\/images.iphone-ticker.de\/wp-content\/uploads\/2025\/07\/bmw-charging-2048x1312.png 2048w\" sizes=\"auto, (max-width: 700px) 100vw, 700px\" \/><\/a><\/p>\n<p>Die neue CO2-Analyse wird zun\u00e4chst in Deutschland, \u00d6sterreich, der Schweiz, Belgien, Luxemburg, Frankreich und den Niederlanden freigeschaltet. Unterst\u00fctzt werden verschiedene Varianten der BMW 1er-, 2er-, 5er- und X-Reihen sowie mehrere Modelle der Marke MINI.<\/p>\n<!-- WP-Appbox (Version: 4.5.12 \/\/ Store: appstore \/\/ ID: 1519034860) -->\t<!-- app-link -->\n\t<div id=\"article-single-app-preview\">\n\t\t<div id=\"article-single-app-preview-header\">\n\t\t\t<span class=\"title\">Laden im App Store<\/span>\n\t\t<\/div>\n\t\t<div id=\"article-single-app-preview-content\">\n\t\t\t<div id=\"article-single-app-preview-img\"><img loading=\"lazy\" decoding=\"async\" src=\"\/\/www.iphone-ticker.de\/wp-content\/cache\/wp-appbox\/a4e9f36e082645844c848f484cb64ea6\/ai-97032ab79e57051b65871c23c3be4d8d\" alt=\"My BMW\"  height=\"72\" width=\"72\" class=\"asl-icon-img\" \/><\/div>\n\t\t\t<div id=\"article-single-app-preview-desc\">\n\t\t\t\t<span class=\"name\">My BMW<\/span><br \/>\n\t\t\t\t<span class=\"seller\">Entwickler: <a target=\"_blank\" rel=\"nofollow\" href=\"https:\/\/apps.apple.com\/de\/developer\/bmw-group\/id376699657\">BMW GROUP<\/a><\/span>\n\t\t\t<\/div>\n\t\t\t<a target=\"_blank\" rel=\"nofollow\" href=\"https:\/\/apps.apple.com\/de\/app\/my-bmw\/id1519034860\"><div id=\"article-single-app-preview-download\">Preis: Kostenlos<br \/>\n\t\t\t<span class=\"size\">Laden<\/span><\/div><\/a>\n\t\t<\/div>\n\t\t<!-- <div id=\"article-single-app-preview-footer\"><\/div>\t-->\n\t<\/div>\n\t<!-- app-link\/ende --><!-- \/WP-Appbox -->\n<!-- WP-Appbox (Version: 4.5.12 \/\/ Store: appstore \/\/ ID: 1519459056) -->\t<!-- app-link -->\n\t<div id=\"article-single-app-preview\">\n\t\t<div id=\"article-single-app-preview-header\">\n\t\t\t<span class=\"title\">Laden im App Store<\/span>\n\t\t<\/div>\n\t\t<div id=\"article-single-app-preview-content\">\n\t\t\t<div id=\"article-single-app-preview-img\"><img loading=\"lazy\" decoding=\"async\" src=\"\/\/www.iphone-ticker.de\/wp-content\/cache\/wp-appbox\/3ccc6221c3815f35d17a2e204a1ec814-deprecated\/ai-5f4ea47987c2a3e62e804c944f0c9dcf\" alt=\"MINI\"  height=\"72\" width=\"72\" class=\"asl-icon-img\" \/><\/div>\n\t\t\t<div id=\"article-single-app-preview-desc\">\n\t\t\t\t<span class=\"name\">MINI<\/span><br \/>\n\t\t\t\t<span class=\"seller\">Entwickler: <a target=\"_blank\" rel=\"nofollow\" href=\"https:\/\/apps.apple.com\/de\/developer\/bmw-group\/id376699657\">BMW GROUP<\/a><\/span>\n\t\t\t<\/div>\n\t\t\t<a target=\"_blank\" rel=\"nofollow\" href=\"https:\/\/apps.apple.com\/de\/app\/mini\/id1519459056\"><div id=\"article-single-app-preview-download\">Preis: Kostenlos<br \/>\n\t\t\t<span class=\"size\">Laden<\/span><\/div><\/a>\n\t\t<\/div>\n\t\t<!-- <div id=\"article-single-app-preview-footer\"><\/div>\t-->\n\t<\/div>\n\t<!-- app-link\/ende --><!-- \/WP-Appbox -->\n<p><div class=\"responsive-video\"><iframe loading=\"lazy\" title=\"BMW Intelligence | BMW Remote Control Parking.\" width=\"500\" height=\"281\" src=\"https:\/\/www.youtube-nocookie.com\/embed\/feLlDCcAU1I?feature=oembed\" frameborder=\"0\" allow=\"accelerometer; autoplay; clipboard-write; encrypted-media; gyroscope; picture-in-picture; web-share\" referrerpolicy=\"strict-origin-when-cross-origin\" allowfullscreen><\/iframe><\/div><\/p>\n<p><img loading=\"lazy\" decoding=\"async\" src=\"https:\/\/vg09.met.vgwort.de\/na\/df0c9500333049859ff99091b022a26c\" width=\"1\" height=\"1\" no-lazy class=\"tracking\"><\/p>\n","protected":false},"excerpt":{"rendered":"<a href=\"https:\/\/www.iphone-ticker.de\/bmw-app-zeigt-emissionen-co2-bilanz-auf-einen-blick-260455\/\"><img width=\"150\" height=\"150\" src=\"https:\/\/images.iphone-ticker.de\/wp-content\/uploads\/2025\/07\/bmw-feature-150x150.jpg\" class=\"alignright tfe wp-post-image\" alt=\"Bmw Feature\" decoding=\"async\" loading=\"lazy\" \/><\/a><p>BMW hat die hauseigenen Fahrzeug-Apps \u00fcberarbeitet. Nutzerinnen und Nutzer k\u00f6nnen nun nicht nur Informationen zu Strecken und Verbrauch abrufen, sondern auch die Emissionen ihres Fahrzeugs im Detail nachvollziehen. Die erweiterte Funktion ber\u00fccksichtigt neben dem Energieeinsatz beim Fahren erstmals auch die Umweltbelastung durch die Fahrzeugherstellung. Das Angebot startet in mehreren europ\u00e4ischen L\u00e4ndern, gilt aber noch nicht [&hellip;]<\/p>\n","protected":false},"author":1,"featured_media":260460,"comment_status":"open","ping_status":"closed","sticky":false,"template":"","format":"standard","meta":{"footnotes":""},"categories":[39],"tags":[3914,35,36],"class_list":["post-260455","post","type-post","status-publish","format-standard","has-post-thumbnail","hentry","category-apps","tag-apps","tag-auto","tag-bmw"],"aioseo_notices":[],"subheadline":["\u00dcber das gesamte Fahrzeugleben"],"featured_image":["https:\/\/images.iphone-ticker.de\/wp-content\/uploads\/2025\/07\/bmw-feature.jpg"],"rest_api_enabler":{"subheadline":"\u00dcber das gesamte Fahrzeugleben","featured_image":"https:\/\/images.iphone-ticker.de\/wp-content\/uploads\/2025\/07\/bmw-feature.jpg"},"_links":{"self":[{"href":"https:\/\/www.iphone-ticker.de\/apiv2\/wp\/v2\/posts\/260455","targetHints":{"allow":["GET"]}}],"collection":[{"href":"https:\/\/www.iphone-ticker.de\/apiv2\/wp\/v2\/posts"}],"about":[{"href":"https:\/\/www.iphone-ticker.de\/apiv2\/wp\/v2\/types\/post"}],"author":[{"embeddable":true,"href":"https:\/\/www.iphone-ticker.de\/apiv2\/wp\/v2\/users\/1"}],"replies":[{"embeddable":true,"href":"https:\/\/www.iphone-ticker.de\/apiv2\/wp\/v2\/comments?post=260455"}],"version-history":[{"count":3,"href":"https:\/\/www.iphone-ticker.de\/apiv2\/wp\/v2\/posts\/260455\/revisions"}],"predecessor-version":[{"id":260467,"href":"https:\/\/www.iphone-ticker.de\/apiv2\/wp\/v2\/posts\/260455\/revisions\/260467"}],"wp:featuredmedia":[{"embeddable":true,"href":"https:\/\/www.iphone-ticker.de\/apiv2\/wp\/v2\/media\/260460"}],"wp:attachment":[{"href":"https:\/\/www.iphone-ticker.de\/apiv2\/wp\/v2\/media?parent=260455"}],"wp:term":[{"taxonomy":"category","embeddable":true,"href":"https:\/\/www.iphone-ticker.de\/apiv2\/wp\/v2\/categories?post=260455"},{"taxonomy":"post_tag","embeddable":true,"href":"https:\/\/www.iphone-ticker.de\/apiv2\/wp\/v2\/tags?post=260455"}],"curies":[{"name":"wp","href":"https:\/\/api.w.org\/{rel}","templated":true}]}}