{"id":258033,"date":"2025-06-11T09:05:40","date_gmt":"2025-06-11T07:05:40","guid":{"rendered":"https:\/\/www.iphone-ticker.de\/?p=258033"},"modified":"2025-06-11T09:08:53","modified_gmt":"2025-06-11T07:08:53","slug":"vanmoof-versucht-den-neustart-s6-und-s6-open-vorgestellt","status":"publish","type":"post","link":"https:\/\/www.iphone-ticker.de\/vanmoof-versucht-den-neustart-s6-und-s6-open-vorgestellt-258033\/","title":{"rendered":"VanMoof versucht den Neustart: S6 und S6 Open vorgestellt"},"content":{"rendered":"<p><a href=\"https:\/\/www.vanmoof.com\/de-DE\" title=\"VanMoof\">VanMoof<\/a> versucht einen Neustart. Der niederl\u00e4ndische Fahrradhersteller hat die ersten neuen Modelle seit seiner Insolvenz und der \u00dcbernahme durch die McLaren-Gruppe vorgestellt. Die neue <a href=\"https:\/\/www.vanmoof.com\/de-DE\/our-rides\/s6\">S6-Serie<\/a> umfasst neben dem Standardmodell S6 das kompaktere S6 Open, das sich an kleinere Fahrer richtet. Die Modelle sollen laut Hersteller auf der bisherigen Technik aufbauen und durch gezielte \u00dcberarbeitungen im Detail verbessert worden sein. VanMoof bietet die Fahrr\u00e4der in den Farbvarianten Electric Blue, Drift Black und Pearl Mint an.<\/p>\n<h2>Bekanntes Design mit neuem Innenleben<\/h2>\n<p>\u00c4u\u00dferlich bleibt das Rahmendesign der neuen VanMoof-Modelle der bisherigen Linie weitgehend treu, \u00c4nderungen finden sich lediglich im Detail. Das Innenleben der Fahrr\u00e4der sei jedoch umfassend \u00fcberarbeitet worden. VanMoof zufolge wurde nahezu jedes Bauteil neu konstruiert. Ziel sei es gewesen, die Zuverl\u00e4ssigkeit, Bedienbarkeit und Wartungsfreundlichkeit zu erh\u00f6hen.<\/p>\n<p><a href=\"https:\/\/images.iphone-ticker.de\/wp-content\/uploads\/2025\/06\/vanmoof-s6-3.jpg\"><img loading=\"lazy\" decoding=\"async\" src=\"https:\/\/images.iphone-ticker.de\/wp-content\/uploads\/2025\/06\/vanmoof-s6-3-700x444.jpg\" alt=\"Vanmoof S6 3\" width=\"700\" height=\"444\" class=\"alignnone size-large wp-image-258047\" srcset=\"https:\/\/images.iphone-ticker.de\/wp-content\/uploads\/2025\/06\/vanmoof-s6-3-700x444.jpg 700w, https:\/\/images.iphone-ticker.de\/wp-content\/uploads\/2025\/06\/vanmoof-s6-3-500x317.jpg 500w, https:\/\/images.iphone-ticker.de\/wp-content\/uploads\/2025\/06\/vanmoof-s6-3-1536x974.jpg 1536w, https:\/\/images.iphone-ticker.de\/wp-content\/uploads\/2025\/06\/vanmoof-s6-3.jpg 1819w\" sizes=\"auto, (max-width: 700px) 100vw, 700px\" \/><\/a><\/p>\n<p>Kernst\u00fcck der technischen \u00dcberarbeitung ist der sogenannte Control Core, der die Steuerung zentraler Funktionen wie Motorunterst\u00fctzung, automatische Gangschaltung und Diebstahlsicherung \u00fcbernimmt. Nach Angaben des Herstellers handelt es sich dabei um das leistungsf\u00e4higste System, das bislang in einem VanMoof-E-Bike verbaut wurde. <\/p>\n<h2>\u201eWo ist?\u201c-Unterst\u00fctzung wartet noch auf Apples Siegel<\/h2>\n<p>Eine AutoShift-Funktion zur automatischen Anpassung der Gangwahl w\u00e4hrend der Fahrt ist standardm\u00e4\u00dfig integriert. Als optionale Erweiterung bietet VanMoof eine gefederte Sattelst\u00fctze sowie ein kostenpflichtiges App-Abo namens <a href=\"https:\/\/www.iphone-ticker.de\/vanmoof-abo-modell-soll-mehreinnahmen-generieren-248390\/\" title=\"VanMoof: Abo-Modell soll Mehreinnahmen generieren\">Ride Plus<\/a> an. Die M\u00f6glichkeit zur Turn-by-Turn-Navigation mithilfe der App soll noch im laufenden Jahr kostenlos nachgeliefert werden. Ebenso will VanMoof auch seine neuen Fahrr\u00e4der mit Kompatibilit\u00e4t zu Apples \u201eWo ist?\u201c-Netzwerk ausstatten, hier sei allerdings die Zertifizierung noch nicht abgeschlossen.<\/p>\n<p><a href=\"https:\/\/images.iphone-ticker.de\/wp-content\/uploads\/2025\/06\/vanmoof-s6.jpg\"><img loading=\"lazy\" decoding=\"async\" src=\"https:\/\/images.iphone-ticker.de\/wp-content\/uploads\/2025\/06\/vanmoof-s6-700x394.jpg\" alt=\"Vanmoof S6\" width=\"700\" height=\"394\" class=\"alignnone size-large wp-image-258037\" srcset=\"https:\/\/images.iphone-ticker.de\/wp-content\/uploads\/2025\/06\/vanmoof-s6-700x394.jpg 700w, https:\/\/images.iphone-ticker.de\/wp-content\/uploads\/2025\/06\/vanmoof-s6-500x282.jpg 500w, https:\/\/images.iphone-ticker.de\/wp-content\/uploads\/2025\/06\/vanmoof-s6.jpg 1000w\" sizes=\"auto, (max-width: 700px) 100vw, 700px\" \/><\/a><\/p>\n<p>Beide neuen Modelle werden ab sofort zum Preis von 3.298 Euro angeboten, die Auslieferung findet allerdings erst ab August statt. Eine Reservierung ist gegen eine Anzahlung von 150 Euro m\u00f6glich. Der Vertrieb soll neben der eigenen Webseite auch \u00fcber ein Netz von inzwischen mehr als 130 Partnerh\u00e4ndlern erfolgen.<img loading=\"lazy\" decoding=\"async\" src=\"https:\/\/vg07.met.vgwort.de\/na\/4c73df28d8054252815061ae5dec7d93\" width=\"1\" height=\"1\" no-lazy class=\"tracking\"><\/p>\n","protected":false},"excerpt":{"rendered":"<a href=\"https:\/\/www.iphone-ticker.de\/vanmoof-versucht-den-neustart-s6-und-s6-open-vorgestellt-258033\/\"><img width=\"150\" height=\"150\" src=\"https:\/\/images.iphone-ticker.de\/wp-content\/uploads\/2025\/06\/vanmoof-feature-150x150.jpg\" class=\"alignright tfe wp-post-image\" alt=\"Vanmoof Feature\" decoding=\"async\" loading=\"lazy\" \/><\/a><p>VanMoof versucht einen Neustart. Der niederl\u00e4ndische Fahrradhersteller hat die ersten neuen Modelle seit seiner Insolvenz und der \u00dcbernahme durch die McLaren-Gruppe vorgestellt. Die neue S6-Serie umfasst neben dem Standardmodell S6 das kompaktere S6 Open, das sich an kleinere Fahrer richtet. Die Modelle sollen laut Hersteller auf der bisherigen Technik aufbauen und durch gezielte \u00dcberarbeitungen im [&hellip;]<\/p>\n","protected":false},"author":2,"featured_media":258038,"comment_status":"open","ping_status":"closed","sticky":false,"template":"","format":"standard","meta":{"footnotes":""},"categories":[1],"tags":[6026],"class_list":["post-258033","post","type-post","status-publish","format-standard","has-post-thumbnail","hentry","category-news","tag-vanmoof"],"aioseo_notices":[],"featured_image":["https:\/\/images.iphone-ticker.de\/wp-content\/uploads\/2025\/06\/vanmoof-feature.jpg"],"subheadline":["Wieder mit App und \u201eWo ist?\u201c-Integration"],"rest_api_enabler":{"featured_image":"https:\/\/images.iphone-ticker.de\/wp-content\/uploads\/2025\/06\/vanmoof-feature.jpg","subheadline":"Wieder mit App und \u201eWo ist?\u201c-Integration"},"_links":{"self":[{"href":"https:\/\/www.iphone-ticker.de\/apiv2\/wp\/v2\/posts\/258033","targetHints":{"allow":["GET"]}}],"collection":[{"href":"https:\/\/www.iphone-ticker.de\/apiv2\/wp\/v2\/posts"}],"about":[{"href":"https:\/\/www.iphone-ticker.de\/apiv2\/wp\/v2\/types\/post"}],"author":[{"embeddable":true,"href":"https:\/\/www.iphone-ticker.de\/apiv2\/wp\/v2\/users\/2"}],"replies":[{"embeddable":true,"href":"https:\/\/www.iphone-ticker.de\/apiv2\/wp\/v2\/comments?post=258033"}],"version-history":[{"count":7,"href":"https:\/\/www.iphone-ticker.de\/apiv2\/wp\/v2\/posts\/258033\/revisions"}],"predecessor-version":[{"id":258050,"href":"https:\/\/www.iphone-ticker.de\/apiv2\/wp\/v2\/posts\/258033\/revisions\/258050"}],"wp:featuredmedia":[{"embeddable":true,"href":"https:\/\/www.iphone-ticker.de\/apiv2\/wp\/v2\/media\/258038"}],"wp:attachment":[{"href":"https:\/\/www.iphone-ticker.de\/apiv2\/wp\/v2\/media?parent=258033"}],"wp:term":[{"taxonomy":"category","embeddable":true,"href":"https:\/\/www.iphone-ticker.de\/apiv2\/wp\/v2\/categories?post=258033"},{"taxonomy":"post_tag","embeddable":true,"href":"https:\/\/www.iphone-ticker.de\/apiv2\/wp\/v2\/tags?post=258033"}],"curies":[{"name":"wp","href":"https:\/\/api.w.org\/{rel}","templated":true}]}}