{"id":257991,"date":"2025-06-10T19:06:16","date_gmt":"2025-06-10T17:06:16","guid":{"rendered":"https:\/\/www.iphone-ticker.de\/?p=257991"},"modified":"2025-06-19T08:18:26","modified_gmt":"2025-06-19T06:18:26","slug":"adaptive-power-in-ios-26-soll-uebermaessigem-akkuverbrauch-vorbeugen","status":"publish","type":"post","link":"https:\/\/www.iphone-ticker.de\/adaptive-power-in-ios-26-soll-uebermaessigem-akkuverbrauch-vorbeugen-257991\/","title":{"rendered":"&#8222;Adaptive Power&#8220; in iOS 26 soll \u00fcberm\u00e4\u00dfigem Akkuverbrauch vorbeugen"},"content":{"rendered":"<p><span data-mce-type=\"bookmark\" style=\"display: inline-block; width: 0px; overflow: hidden; line-height: 0;\" class=\"mce_SELRES_start\">\ufeff<\/span>Apple hat mit iOS 26 auch die Akku-Einstellungen kr\u00e4ftig \u00fcberarbeitet. \u00dcber die im Zuge von \u201eLiquid Glass\u201c erforderlichen optischen Anpassungen haben hier auch neue Funktionen und strukturelle \u00c4nderungen Einzug gehalten.<\/p>\n<p>Auf jeden Fall solltet ihr dar\u00fcber Bescheid wissen, dass es alternativ zum Stromsparmodus nun eine weitere Option zur Reduzierung des Energieverbrauchs gibt, die vom Nutzer aktiviert werden kann. Der neue Modus hei\u00dft \u201eAdaptive Power\u201c (was Apple vermutlich mit \u201eAdaptive Leistung\u201c \u00fcbersetzen wird) und soll durch automatische Leistungskorrekturen f\u00fcr eine verl\u00e4ngerte Akkulaufzeit sorgen.<\/p>\n<p><a href=\"https:\/\/images.iphone-ticker.de\/wp-content\/uploads\/2025\/06\/ios-26-einstellungen-batterie-1.png\"><img loading=\"lazy\" decoding=\"async\" src=\"https:\/\/images.iphone-ticker.de\/wp-content\/uploads\/2025\/06\/ios-26-einstellungen-batterie-1-700x633.png\" alt=\"Ios 26 Einstellungen Batterie 1\" width=\"700\" height=\"633\" class=\"alignnone size-large wp-image-257994\" srcset=\"https:\/\/images.iphone-ticker.de\/wp-content\/uploads\/2025\/06\/ios-26-einstellungen-batterie-1-700x633.png 700w, https:\/\/images.iphone-ticker.de\/wp-content\/uploads\/2025\/06\/ios-26-einstellungen-batterie-1-500x452.png 500w, https:\/\/images.iphone-ticker.de\/wp-content\/uploads\/2025\/06\/ios-26-einstellungen-batterie-1.png 1400w\" sizes=\"auto, (max-width: 700px) 100vw, 700px\" \/><\/a><\/p>\n<p>Apple zufolge kommt der neue Modus zum Einsatz, wenn der Akku st\u00e4rker als gew\u00f6hnlich beansprucht wird. Ist der Schalter aktiviert, so kann das iPhone laut Apple nur vage definierte Leistungsanpassungen vornehmen, um die Akkulaufzeit zu verl\u00e4ngern. Die Ma\u00dfnahmen k\u00f6nnen sich laut Apple durch eine leichte Verringerung der Bildschirmhelligkeit oder eine leicht verlangsamte Ausf\u00fchrung einzelner Aktivit\u00e4ten bemerkbar machen.<\/p>\n<p>Wie sich der neue Modus in der Praxis bew\u00e4hrt, wird sich vermutlich erst zeigen, wenn die Beta-Versionen von iOS 26 n\u00e4her an die finale Ver\u00f6ffentlichung r\u00fccken.<\/p>\n<h2>Neue Struktur, neue Grafiken<\/h2>\n<p>Begleitend dazu hat Apple den Einstellungsbereich \u201eBatterie\u201c auch grundlegend \u00fcberarbeitet. Das neue Layout ist \u00fcbersichtlicher und zeigt anstelle der Grafiken der letzten 24 Stunden und der letzten f\u00fcnf Tage nun ein S\u00e4ulendiagramm mit der Akkunutzung \u00fcber den aktuellen sowie den vorhergehenden sieben Tage hinweg.<\/p>\n<p><a href=\"https:\/\/images.iphone-ticker.de\/wp-content\/uploads\/2025\/06\/ios-26-einstellungen-batterie.png\"><img loading=\"lazy\" decoding=\"async\" src=\"https:\/\/images.iphone-ticker.de\/wp-content\/uploads\/2025\/06\/ios-26-einstellungen-batterie-700x633.png\" alt=\"Ios 26 Einstellungen Batterie\" width=\"700\" height=\"633\" class=\"alignnone size-large wp-image-257993\" srcset=\"https:\/\/images.iphone-ticker.de\/wp-content\/uploads\/2025\/06\/ios-26-einstellungen-batterie-700x633.png 700w, https:\/\/images.iphone-ticker.de\/wp-content\/uploads\/2025\/06\/ios-26-einstellungen-batterie-500x452.png 500w, https:\/\/images.iphone-ticker.de\/wp-content\/uploads\/2025\/06\/ios-26-einstellungen-batterie.png 1400w\" sizes=\"auto, (max-width: 700px) 100vw, 700px\" \/><\/a><\/p>\n<p>Der Akkuverbrauch l\u00e4sst sich weiterhin auf einzelne Anwendungen aufgeteilt abrufen. Hier hat Apple nun ebenfalls ein Diagramm mit einer Vergleichsansicht der vergangenen sieben Tage integriert.<\/p>\n<p>Der Schalter f\u00fcr den Stromsparmodus ist von der Hauptseite der Batterie-Einstellungen in ein Untermen\u00fc namens \u201eStrommodus\u201c umgezogen, wo er sich gemeinsam mit der neuen \u201eAdaptive Power\u201c-Einstellung findet.<\/p>\n","protected":false},"excerpt":{"rendered":"<a href=\"https:\/\/www.iphone-ticker.de\/adaptive-power-in-ios-26-soll-uebermaessigem-akkuverbrauch-vorbeugen-257991\/\"><img width=\"150\" height=\"150\" src=\"https:\/\/images.iphone-ticker.de\/wp-content\/uploads\/2025\/06\/ios-26-einstellungen-batterie-1-150x150.png\" class=\"alignright tfe wp-post-image\" alt=\"Ios 26 Einstellungen Batterie 1\" decoding=\"async\" loading=\"lazy\" \/><\/a><p>\ufeffApple hat mit iOS 26 auch die Akku-Einstellungen kr\u00e4ftig \u00fcberarbeitet. \u00dcber die im Zuge von \u201eLiquid Glass\u201c erforderlichen optischen Anpassungen haben hier auch neue Funktionen und strukturelle \u00c4nderungen Einzug gehalten. Auf jeden Fall solltet ihr dar\u00fcber Bescheid wissen, dass es alternativ zum Stromsparmodus nun eine weitere Option zur Reduzierung des Energieverbrauchs gibt, die vom Nutzer [&hellip;]<\/p>\n","protected":false},"author":2,"featured_media":257994,"comment_status":"open","ping_status":"closed","sticky":false,"template":"","format":"standard","meta":{"footnotes":""},"categories":[639,1975],"tags":[27,7142,7140],"class_list":["post-257991","post","type-post","status-publish","format-standard","has-post-thumbnail","hentry","category-ios","category-feature","tag-akku","tag-energiesparen","tag-neu-in-ios-26"],"aioseo_notices":[],"featured_image":["https:\/\/images.iphone-ticker.de\/wp-content\/uploads\/2025\/06\/ios-26-adaptive-power-feature.jpg"],"subheadline":["Neue \"intelligente\" Funktion"],"rest_api_enabler":{"featured_image":"https:\/\/images.iphone-ticker.de\/wp-content\/uploads\/2025\/06\/ios-26-adaptive-power-feature.jpg","subheadline":"Neue \"intelligente\" Funktion"},"_links":{"self":[{"href":"https:\/\/www.iphone-ticker.de\/apiv2\/wp\/v2\/posts\/257991","targetHints":{"allow":["GET"]}}],"collection":[{"href":"https:\/\/www.iphone-ticker.de\/apiv2\/wp\/v2\/posts"}],"about":[{"href":"https:\/\/www.iphone-ticker.de\/apiv2\/wp\/v2\/types\/post"}],"author":[{"embeddable":true,"href":"https:\/\/www.iphone-ticker.de\/apiv2\/wp\/v2\/users\/2"}],"replies":[{"embeddable":true,"href":"https:\/\/www.iphone-ticker.de\/apiv2\/wp\/v2\/comments?post=257991"}],"version-history":[{"count":3,"href":"https:\/\/www.iphone-ticker.de\/apiv2\/wp\/v2\/posts\/257991\/revisions"}],"predecessor-version":[{"id":258531,"href":"https:\/\/www.iphone-ticker.de\/apiv2\/wp\/v2\/posts\/257991\/revisions\/258531"}],"wp:featuredmedia":[{"embeddable":true,"href":"https:\/\/www.iphone-ticker.de\/apiv2\/wp\/v2\/media\/257994"}],"wp:attachment":[{"href":"https:\/\/www.iphone-ticker.de\/apiv2\/wp\/v2\/media?parent=257991"}],"wp:term":[{"taxonomy":"category","embeddable":true,"href":"https:\/\/www.iphone-ticker.de\/apiv2\/wp\/v2\/categories?post=257991"},{"taxonomy":"post_tag","embeddable":true,"href":"https:\/\/www.iphone-ticker.de\/apiv2\/wp\/v2\/tags?post=257991"}],"curies":[{"name":"wp","href":"https:\/\/api.w.org\/{rel}","templated":true}]}}