{"id":257960,"date":"2025-06-10T10:26:11","date_gmt":"2025-06-10T08:26:11","guid":{"rendered":"https:\/\/www.iphone-ticker.de\/?p=257960"},"modified":"2025-06-18T06:54:45","modified_gmt":"2025-06-18T04:54:45","slug":"die-nano-series-startet-das-sind-ankers-neue-ladeloesungen","status":"publish","type":"post","link":"https:\/\/www.iphone-ticker.de\/die-nano-series-startet-das-sind-ankers-neue-ladeloesungen-257960\/","title":{"rendered":"Die Nano-Series startet: Das sind Ankers neue Ladel\u00f6sungen"},"content":{"rendered":"<p class=\"ai-optimize-6 ai-optimize-introduction\">Der Zubeh\u00f6r-Anbieter Anker hat den Verkaufsstart <a rel=\"noindex, nofollow\" href=\"https:\/\/www.amazon.de\/stores\/page\/A46C10BC-E91A-47FA-9DF1-FCE625556C5B?ingress=2&amp;visitId=a1affa41-367d-434d-b5da-dd0bc8b03c45&amp;store_ref=bl_ast_dp_brandLogo_sto&amp;linkCode=ll2&amp;tag=musicweb02&amp;linkId=6034b3c9f4454e0f1f8aaac8471082f4&amp;language=de_DE&amp;ref_=as_li_ss_tl\">seiner neuen Nano-Serie<\/a> bekanntgegeben. Die Produktlinie umfasst kompakte Ladeger\u00e4te, Powerbanks und USB-C-Kabel, die sich vor allem an Nutzer richten, die unterwegs auf zuverl\u00e4ssige Stromversorgung angewiesen sind.<\/p>\n<p class=\"ai-optimize-19\"><a href=\"https:\/\/images.iphone-ticker.de\/wp-content\/uploads\/2025\/06\/anker-nano-netzteil.png\"><img loading=\"lazy\" decoding=\"async\" class=\"aligncenter size-medium wp-image-257961\" src=\"https:\/\/images.iphone-ticker.de\/wp-content\/uploads\/2025\/06\/anker-nano-netzteil-500x500.png\" alt=\"Anker Nano Netzteil\" width=\"500\" height=\"500\" srcset=\"https:\/\/images.iphone-ticker.de\/wp-content\/uploads\/2025\/06\/anker-nano-netzteil-500x500.png 500w, https:\/\/images.iphone-ticker.de\/wp-content\/uploads\/2025\/06\/anker-nano-netzteil-700x700.png 700w, https:\/\/images.iphone-ticker.de\/wp-content\/uploads\/2025\/06\/anker-nano-netzteil-150x150.png 150w, https:\/\/images.iphone-ticker.de\/wp-content\/uploads\/2025\/06\/anker-nano-netzteil.png 1498w\" sizes=\"auto, (max-width: 500px) 100vw, 500px\" \/><\/a><\/p>\n<p class=\"ai-optimize-6 ai-optimize-introduction\">Im Mittelpunkt stehen platzsparende Bauformen, hohe Ladeleistung und zus\u00e4tzliche Funktionen f\u00fcr den mobilen Alltag.<\/p>\n<h2 class=\"ai-optimize-6\">Integrierte Kabel und kabellose Ladefunktion<\/h2>\n<p class=\"ai-optimize-7\">Die neue <a href=\"https:\/\/www.ifun.de\/amzn\/B0DGKWTQQC\">Anker Nano Powerbank<\/a> mit 10.000 mAh bietet eine Ladeleistung von bis zu 45 Watt \u00fcber ein integriertes, ausziehbares USB-C-Kabel. Zus\u00e4tzlich steht ein weiterer USB-C-Anschluss zur Verf\u00fcgung. Das Ger\u00e4t zeigt \u00fcber ein Display Ladezustand und Leistung an und misst etwa 8 \u00d7 5 \u00d7 4 Zentimeter.<\/p>\n<p class=\"ai-optimize-14\"><script>\r\n  function open_amazon(link) {\r\n    if (navigator.userAgent.indexOf(\"Firefox\") != -1) {\r\n      window.open(link, '_blank');\r\n    } else {\r\n      var tag = document.createElement('a');\r\n      tag.setAttribute('href', link);\r\n      tag.innerHTML = \"amzn\";\r\n      tag.click();\r\n    }\r\n  }\r\n<\/script>\r\n    <div id=\"article-single-amazon-preview\" onclick=\"return open_amazon('https:\/\/www.amazon.de\/dp\/B0DGKWTQQC?tag=musicweb02&linkCode=ogi&th=1&psc=1');\">\n  <div id=\"article-single-amazon-preview-header\">\n    <span class=\"title\">Produkthinweis<\/span>\n      <\/div>\n  <div id=\"article-single-amazon-preview-content\">\n    <div id=\"article-single-amazon-preview-img\" style=\"background: url('https:\/\/m.media-amazon.com\/images\/I\/31WykT4bN0L.jpg') center center no-repeat; background-size: cover;\"><\/div>\n    <div id=\"article-single-amazon-preview-desc\">\n      <span class=\"bezeichnung\"><a href=\"https:\/\/www.amazon.de\/dp\/B0DGKWTQQC?tag=musicweb02&linkCode=ogi&th=1&psc=1\" style=\"text-decoration: none; border-bottom: 0px; box-shadow: none;\">Anker Nano Powerbank,10.000mAh Externer Akku mit 70cm Anker InstaCord Einzugskabel, 45W Max Kompakter Akku...<\/a><\/span>\n      <span class=\"preis--aktuell\">37,98 EUR<\/span>\n      <span class=\"preis--alt\">49,01 EUR<\/span>\n    <\/div>\n  <\/div>\n<\/div><\/p>\n<p><video poster=\"\" preload=\"auto\" controls=\"controls\" width=\"100%\" ><source src=\"https:\/\/images.iphone-ticker.de\/wp-content\/uploads\/2025\/06\/nano-netzteil-anker.mp4#t=1.01\" \/><\/video><\/p>\n<p class=\"ai-optimize-8\">Das zweite Modell der Serie, die <a href=\"https:\/\/www.ifun.de\/amzn\/B0F29J6H1V\">Nano MagGo Powerbank<\/a> mit 5.000 mAh, unterst\u00fctzt kabelloses Laden per Qi2 mit bis zu 15 Watt sowie kabelgebundenes Laden mit 20 Watt. Ein ausklappbarer Standfu\u00df erm\u00f6glicht das Aufstellen von Smartphones w\u00e4hrend des Ladevorgangs. \u00dcber die zugeh\u00f6rige App k\u00f6nnen Nutzer unter anderem die Temperatur regulieren.<\/p>\n<p class=\"ai-optimize-15\"><script>\r\n  function open_amazon(link) {\r\n    if (navigator.userAgent.indexOf(\"Firefox\") != -1) {\r\n      window.open(link, '_blank');\r\n    } else {\r\n      var tag = document.createElement('a');\r\n      tag.setAttribute('href', link);\r\n      tag.innerHTML = \"amzn\";\r\n      tag.click();\r\n    }\r\n  }\r\n<\/script>\r\n    <div id=\"article-single-amazon-preview\" onclick=\"return open_amazon('https:\/\/www.amazon.de\/dp\/B0F29J6H1V?tag=musicweb02&linkCode=ogi&th=1&psc=1');\">\n  <div id=\"article-single-amazon-preview-header\">\n    <span class=\"title\">Produkthinweis<\/span>\n      <\/div>\n  <div id=\"article-single-amazon-preview-content\">\n    <div id=\"article-single-amazon-preview-img\" style=\"background: url('https:\/\/m.media-amazon.com\/images\/I\/21rmdt5VlnL.jpg') center center no-repeat; background-size: cover;\"><\/div>\n    <div id=\"article-single-amazon-preview-desc\">\n      <span class=\"bezeichnung\"><a href=\"https:\/\/www.amazon.de\/dp\/B0F29J6H1V?tag=musicweb02&linkCode=ogi&th=1&psc=1\" style=\"text-decoration: none; border-bottom: 0px; box-shadow: none;\">Anker Nano Powerbank, Ultraschlanke 5000mAh Magnet-Powerbank, Qi2-zertifiziert, 15W Max ultraschnelles Laden...<\/a><\/span>\n      <span class=\"preis--aktuell\">39,97 EUR<\/span>\n      <span class=\"preis--alt\">49,99 EUR<\/span>\n    <\/div>\n  <\/div>\n<\/div><\/p>\n<h2 class=\"ai-optimize-9\">Kompakte Netzteile, Kabel mit Schnellladefunktion<\/h2>\n<p class=\"ai-optimize-10\">Neben den Powerbanks bringt Anker zwei neue Ladeger\u00e4te auf den Markt. Das gr\u00f6\u00dfere Modell liefert <a href=\"https:\/\/www.ifun.de\/amzn\/B0DRHY4F75\">insgesamt bis zu 130 Watt<\/a> \u00fcber sechs Anschl\u00fcsse \u2013 davon vier USB-C- und zwei USB-A-Ports \u2013 und eignet sich auch f\u00fcr das parallele Laden von zwei Laptops. Das Ger\u00e4t ist 19 Millimeter flach und wird mit Transporttasche ausgeliefert.<\/p>\n<p class=\"ai-optimize-16\"><script>\r\n  function open_amazon(link) {\r\n    if (navigator.userAgent.indexOf(\"Firefox\") != -1) {\r\n      window.open(link, '_blank');\r\n    } else {\r\n      var tag = document.createElement('a');\r\n      tag.setAttribute('href', link);\r\n      tag.innerHTML = \"amzn\";\r\n      tag.click();\r\n    }\r\n  }\r\n<\/script>\r\n    <div id=\"article-single-amazon-preview\" onclick=\"return open_amazon('https:\/\/www.amazon.de\/dp\/B0DRHY4F75?tag=musicweb02&linkCode=ogi&th=1&psc=1');\">\n  <div id=\"article-single-amazon-preview-header\">\n    <span class=\"title\">Produkthinweis<\/span>\n      <\/div>\n  <div id=\"article-single-amazon-preview-content\">\n    <div id=\"article-single-amazon-preview-img\" style=\"background: url('https:\/\/m.media-amazon.com\/images\/I\/21jiubqXrYL.jpg') center center no-repeat; background-size: cover;\"><\/div>\n    <div id=\"article-single-amazon-preview-desc\">\n      <span class=\"bezeichnung\"><a href=\"https:\/\/www.amazon.de\/dp\/B0DRHY4F75?tag=musicweb02&linkCode=ogi&th=1&psc=1\" style=\"text-decoration: none; border-bottom: 0px; box-shadow: none;\">Anker Nano Ladeger\u00e4t, 6-Port-Ladestation mit 130W Ausgang, 4 USB-C und 2 USB-A Ports, kompakt und stilvoll, f\u00fcr iPhone...<\/a><\/span>\n      <span class=\"preis--aktuell\"><\/span>\n      <span class=\"preis--alt\"><\/span>\n    <\/div>\n  <\/div>\n<\/div><\/p>\n<p class=\"ai-optimize-11\">Das kleinere <a href=\"https:\/\/www.ifun.de\/amzn\/B0DQ5HYDBG\">Netzteil mit 35 Watt Leistung<\/a> besitzt ein integriertes, einziehbares USB-C-Kabel. Es misst 47,5 \u00d7 61 \u00d7 30 Millimeter und eignet sich insbesondere f\u00fcr Smartphones und Tablets. Schutzfunktionen wie Temperatur\u00fcberwachung und Spannungsregulierung sind integriert.<\/p>\n<p class=\"ai-optimize-17\"><script>\r\n  function open_amazon(link) {\r\n    if (navigator.userAgent.indexOf(\"Firefox\") != -1) {\r\n      window.open(link, '_blank');\r\n    } else {\r\n      var tag = document.createElement('a');\r\n      tag.setAttribute('href', link);\r\n      tag.innerHTML = \"amzn\";\r\n      tag.click();\r\n    }\r\n  }\r\n<\/script>\r\n    <div id=\"article-single-amazon-preview\" onclick=\"return open_amazon('https:\/\/www.amazon.de\/dp\/B0DQ5HYDBG?tag=musicweb02&linkCode=ogi&th=1&psc=1');\">\n  <div id=\"article-single-amazon-preview-header\">\n    <span class=\"title\">Produkthinweis<\/span>\n      <\/div>\n  <div id=\"article-single-amazon-preview-content\">\n    <div id=\"article-single-amazon-preview-img\" style=\"background: url('https:\/\/m.media-amazon.com\/images\/I\/31Y+1OAhsbL.jpg') center center no-repeat; background-size: cover;\"><\/div>\n    <div id=\"article-single-amazon-preview-desc\">\n      <span class=\"bezeichnung\"><a href=\"https:\/\/www.amazon.de\/dp\/B0DQ5HYDBG?tag=musicweb02&linkCode=ogi&th=1&psc=1\" style=\"text-decoration: none; border-bottom: 0px; box-shadow: none;\">Anker Nano USB-C Ladeger\u00e4t, 35W Max, kompaktes Netzteil, 2 Anschl\u00fcsse, Strapazierf\u00e4higes & integriertes Anker...<\/a><\/span>\n      <span class=\"preis--aktuell\">23,99 EUR<\/span>\n      <span class=\"preis--alt\">39,99 EUR<\/span>\n    <\/div>\n  <\/div>\n<\/div><\/p>\n<p class=\"ai-optimize-12\">Abgerundet wird die Serie durch <a href=\"https:\/\/www.ifun.de\/amzn\/B0CZ3L9C1J\">neue USB-C-Kabel<\/a> mit bis zu 240 Watt Ladeleistung. Die vollst\u00e4ndig aus Recyclingmaterial gefertigten Kabel sind in zwei L\u00e4ngen erh\u00e4ltlich und auf eine besonders hohe Lebensdauer getestet. Alle Ger\u00e4te sind ab sofort <a href=\"https:\/\/anker.pxf.io\/yqLKVB\">\u00fcber die Anker-Webseite<\/a>, <a rel=\"noindex, nofollow\" href=\"https:\/\/www.amazon.de\/stores\/page\/A46C10BC-E91A-47FA-9DF1-FCE625556C5B?ingress=2&amp;visitId=a1affa41-367d-434d-b5da-dd0bc8b03c45&amp;store_ref=bl_ast_dp_brandLogo_sto&amp;linkCode=ll2&amp;tag=musicweb02&amp;linkId=6034b3c9f4454e0f1f8aaac8471082f4&amp;language=de_DE&amp;ref_=as_li_ss_tl\">\u00fcber Amazon.de<\/a> und im Fachhandel erh\u00e4ltlich.<\/p>\n<p class=\"ai-optimize-18\"><script>\r\n  function open_amazon(link) {\r\n    if (navigator.userAgent.indexOf(\"Firefox\") != -1) {\r\n      window.open(link, '_blank');\r\n    } else {\r\n      var tag = document.createElement('a');\r\n      tag.setAttribute('href', link);\r\n      tag.innerHTML = \"amzn\";\r\n      tag.click();\r\n    }\r\n  }\r\n<\/script>\r\n    <div id=\"article-single-amazon-preview\" onclick=\"return open_amazon('https:\/\/www.amazon.de\/dp\/B0CZ3L9C1J?tag=musicweb02&linkCode=ogi&th=1&psc=1');\">\n  <div id=\"article-single-amazon-preview-header\">\n    <span class=\"title\">Produkthinweis<\/span>\n      <\/div>\n  <div id=\"article-single-amazon-preview-content\">\n    <div id=\"article-single-amazon-preview-img\" style=\"background: url('https:\/\/m.media-amazon.com\/images\/I\/31xnuwcRJ3L.jpg') center center no-repeat; background-size: cover;\"><\/div>\n    <div id=\"article-single-amazon-preview-desc\">\n      <span class=\"bezeichnung\"><a href=\"https:\/\/www.amazon.de\/dp\/B0CZ3L9C1J?tag=musicweb02&linkCode=ogi&th=1&psc=1\" style=\"text-decoration: none; border-bottom: 0px; box-shadow: none;\">Anker Nano 240W USB C auf USB C Kabel, [1 St\u00fcck 0,9m] PD 3.0 Schnellladekabel USB C Kable, flexibel farbig geflochten...<\/a><\/span>\n      <span class=\"preis--aktuell\">19,99 EUR<\/span>\n      <span class=\"preis--alt\"><\/span>\n    <\/div>\n  <\/div>\n<\/div><\/p>\n<p><img loading=\"lazy\" decoding=\"async\" src=\"https:\/\/vg04.met.vgwort.de\/na\/e0528ddcd1ad4ec7a1e6f3aa38490f4a\" width=\"1\" height=\"1\" no-lazy class=\"tracking\"><\/p>\n","protected":false},"excerpt":{"rendered":"<a href=\"https:\/\/www.iphone-ticker.de\/die-nano-series-startet-das-sind-ankers-neue-ladeloesungen-257960\/\"><img width=\"150\" height=\"150\" src=\"https:\/\/images.iphone-ticker.de\/wp-content\/uploads\/2025\/06\/ladegeraete-anker-nano-150x150.jpg\" class=\"alignright tfe wp-post-image\" alt=\"Ladegeraete Anker Nano\" decoding=\"async\" loading=\"lazy\" \/><\/a><p>Der Zubeh\u00f6r-Anbieter Anker hat den Verkaufsstart seiner neuen Nano-Serie bekanntgegeben. Die Produktlinie umfasst kompakte Ladeger\u00e4te, Powerbanks und USB-C-Kabel, die sich vor allem an Nutzer richten, die unterwegs auf zuverl\u00e4ssige Stromversorgung angewiesen sind. Im Mittelpunkt stehen platzsparende Bauformen, hohe Ladeleistung und zus\u00e4tzliche Funktionen f\u00fcr den mobilen Alltag. Integrierte Kabel und kabellose Ladefunktion Die neue Anker Nano [&hellip;]<\/p>\n","protected":false},"author":1,"featured_media":257963,"comment_status":"open","ping_status":"closed","sticky":false,"template":"","format":"standard","meta":{"footnotes":""},"categories":[1,1975],"tags":[2357,5726,1422,5239],"class_list":["post-257960","post","type-post","status-publish","format-standard","has-post-thumbnail","hentry","category-news","category-feature","tag-anker","tag-nano","tag-netzteil","tag-zubehoer"],"aioseo_notices":[],"subheadline":["Neue Powerbanks, integrierte Kabel"],"featured_image":["https:\/\/images.iphone-ticker.de\/wp-content\/uploads\/2025\/06\/ladegeraete-anker-nano.jpg"],"rest_api_enabler":{"subheadline":"Neue Powerbanks, integrierte Kabel","featured_image":"https:\/\/images.iphone-ticker.de\/wp-content\/uploads\/2025\/06\/ladegeraete-anker-nano.jpg"},"_links":{"self":[{"href":"https:\/\/www.iphone-ticker.de\/apiv2\/wp\/v2\/posts\/257960","targetHints":{"allow":["GET"]}}],"collection":[{"href":"https:\/\/www.iphone-ticker.de\/apiv2\/wp\/v2\/posts"}],"about":[{"href":"https:\/\/www.iphone-ticker.de\/apiv2\/wp\/v2\/types\/post"}],"author":[{"embeddable":true,"href":"https:\/\/www.iphone-ticker.de\/apiv2\/wp\/v2\/users\/1"}],"replies":[{"embeddable":true,"href":"https:\/\/www.iphone-ticker.de\/apiv2\/wp\/v2\/comments?post=257960"}],"version-history":[{"count":2,"href":"https:\/\/www.iphone-ticker.de\/apiv2\/wp\/v2\/posts\/257960\/revisions"}],"predecessor-version":[{"id":257967,"href":"https:\/\/www.iphone-ticker.de\/apiv2\/wp\/v2\/posts\/257960\/revisions\/257967"}],"wp:featuredmedia":[{"embeddable":true,"href":"https:\/\/www.iphone-ticker.de\/apiv2\/wp\/v2\/media\/257963"}],"wp:attachment":[{"href":"https:\/\/www.iphone-ticker.de\/apiv2\/wp\/v2\/media?parent=257960"}],"wp:term":[{"taxonomy":"category","embeddable":true,"href":"https:\/\/www.iphone-ticker.de\/apiv2\/wp\/v2\/categories?post=257960"},{"taxonomy":"post_tag","embeddable":true,"href":"https:\/\/www.iphone-ticker.de\/apiv2\/wp\/v2\/tags?post=257960"}],"curies":[{"name":"wp","href":"https:\/\/api.w.org\/{rel}","templated":true}]}}