{"id":257810,"date":"2025-06-06T12:55:04","date_gmt":"2025-06-06T10:55:04","guid":{"rendered":"https:\/\/www.iphone-ticker.de\/?p=257810"},"modified":"2025-06-14T13:47:51","modified_gmt":"2025-06-14T11:47:51","slug":"netzabdeckung-mobilfunk-messwoche-liefert-millionen-neuer-datenpunkte","status":"publish","type":"post","link":"https:\/\/www.iphone-ticker.de\/netzabdeckung-mobilfunk-messwoche-liefert-millionen-neuer-datenpunkte-257810\/","title":{"rendered":"Mobilfunk-Messwoche liefert Millionen neuer Datenpunkte"},"content":{"rendered":"<p class=\"ai-optimize-6 ai-optimize-introduction\">In der Woche vom 26. Mai bis zum 1. Juni 2025 hat die Community der deutschen Mobilfunknutzer erstmals in gro\u00dfem Umfang selbst zur Erhebung der Mobilfunkversorgung in Deutschland beigetragen.<\/p>\n<p class=\"ai-optimize-16\"><a href=\"https:\/\/images.iphone-ticker.de\/wp-content\/uploads\/2025\/06\/breitband-app.png\"><img loading=\"lazy\" decoding=\"async\" class=\"aligncenter size-medium wp-image-257812\" src=\"https:\/\/images.iphone-ticker.de\/wp-content\/uploads\/2025\/06\/breitband-app-500x472.png\" alt=\"Breitband App\" width=\"500\" height=\"472\" srcset=\"https:\/\/images.iphone-ticker.de\/wp-content\/uploads\/2025\/06\/breitband-app-500x472.png 500w, https:\/\/images.iphone-ticker.de\/wp-content\/uploads\/2025\/06\/breitband-app-700x661.png 700w, https:\/\/images.iphone-ticker.de\/wp-content\/uploads\/2025\/06\/breitband-app.png 1263w\" sizes=\"auto, (max-width: 500px) 100vw, 500px\" \/><\/a><\/p>\n<h2 class=\"ai-optimize-13\">Weniger als 1% ohne Empfang<\/h2>\n<p class=\"p1 ai-optimize-12\">Nach einem Aufruf der Bundesnetzagentur haben sich bundesweit mehr als 150.000 Menschen an der Mobilfunk-Messwoche beteiligt und damit dem Ziel der Aktion gefolgt, die tats\u00e4chliche Netzverf\u00fcgbarkeit aus Nutzersicht besser zu erfassen \u2013 auch ifun.de hatte <a href=\"https:\/\/www.iphone-ticker.de\/bundesweite-mobilfunk-messwoche-per-app-funkloecher-erfassen-und-melden-257101\/\">im Vorfeld \u00fcber die Messwoche informiert<\/a>.<\/p>\n<p class=\"p1 ai-optimize-12\">\u00dcber die App <a href=\"https:\/\/www.ifun.de\/app\/1037354483\">Breitbandmessung<\/a> konnten Teilnehmer die jeweils verf\u00fcgbare Mobilfunktechnologie an ihrem Standort erfassen und zur Auswertung bereitstellen.<\/p>\n<p class=\"ai-optimize-7\">Die Auswertung der gesammelten Daten liefert rund 145 Millionen neue Messpunkte. Der gr\u00f6\u00dfte Teil dieser Messungen bezog sich auf die modernen Mobilfunkstandards 4G und 5G. Lediglich etwas mehr als ein Prozent der Messpunkte entfiel auf das \u00e4ltere 2G-Netz. In weniger als einem Prozent der F\u00e4lle wurde keine Netzverbindung festgestellt. Die meisten Datens\u00e4tze kamen erwartungsgem\u00e4\u00df aus Nordrhein-Westfalen \u2013 dem Bundesland mit der h\u00f6chsten Bev\u00f6lkerungszahl.<\/p>\n<h2 class=\"ai-optimize-8\">Regionale Auswertung folgt<\/h2>\n<p class=\"ai-optimize-9\">Die Messdaten werden anonymisiert verarbeitet und flie\u00dfen in die <a href=\"https:\/\/www.breitbandmessung.de\/kartenansicht-funkloch\">sogenannte Funklochkarte<\/a> der Bundesnetzagentur ein. Diese digitale Karte visualisiert die Netzabdeckung in Deutschland und wird w\u00f6chentlich aktualisiert. Die Darstellung erfolgt in gerasterter Form und erlaubt sowohl eine \u00dcbersicht als auch eine detaillierte Betrachtung einzelner Regionen. Erste regionale Auswertungen auf Ebene von Landkreisen und Gemeinden sollen Mitte Juni ver\u00f6ffentlicht werden.<\/p>\n<p class=\"ai-optimize-10\">Neben der \u00f6ffentlichen Darstellung dient das gewonnene Datenmaterial auch der Kontrolle der Netzbetreiber. Die Bundesnetzagentur nutzt die Informationen, um die offiziellen Angaben der Mobilfunkanbieter im Rahmen des Mobilfunk-Monitorings zu \u00fcberpr\u00fcfen.<\/p>\n<p><video poster=\"\" preload=\"auto\" controls=\"controls\" width=\"100%\" ><source src=\"https:\/\/download.breitbandmessung.de\/MeWo_Erklaervideo_Teilnahme.mp4#t=0.01\" \/><\/video><\/p>\n<h2 class=\"ai-optimize-15\">Brandenburg besonders aktiv<\/h2>\n<p class=\"ai-optimize-10\">Damit tr\u00e4gt die Mobilfunk-Messwoche zur objektiveren Bewertung des Netzausbaus bei. Weitere Informationen sowie die aktuelle Karte stehen online unter <a href=\"https:\/\/www.breitbandmessung.de\/\">breitbandmessung.de<\/a> zur Verf\u00fcgung.<\/p>\n<p class=\"p1 ai-optimize-14\">Brandenburg verzeichnete mit knapp 2,9 Messpunkten pro Einwohner den h\u00f6chsten Beteiligungswert im Verh\u00e4ltnis zur Bev\u00f6lkerungszahl. Dahinter folgen Mecklenburg-Vorpommern, Niedersachsen, Rheinland-Pfalz und Baden-W\u00fcrttemberg. In absoluten Zahlen f\u00fchrt Nordrhein-Westfalen das Ranking mit \u00fcber 32 Millionen Messpunkten an, gefolgt von Baden-W\u00fcrttemberg und Bayern mit jeweils mehr als 22 Millionen sowie Niedersachsen und Hessen.<\/p>\n<!-- WP-Appbox (Version: 4.5.12 \/\/ Store: appstore \/\/ ID: 1037354483) -->\t<!-- app-link -->\n\t<div id=\"article-single-app-preview\">\n\t\t<div id=\"article-single-app-preview-header\">\n\t\t\t<span class=\"title\">Laden im App Store<\/span>\n\t\t<\/div>\n\t\t<div id=\"article-single-app-preview-content\">\n\t\t\t<div id=\"article-single-app-preview-img\"><img loading=\"lazy\" decoding=\"async\" src=\"\/\/www.iphone-ticker.de\/wp-content\/cache\/wp-appbox\/69a504f2b70a157ca9414659b5735a4d\/ai-5493b8bad2fad002e23b641ffaf035e3\" alt=\"Breitbandmessung\"  height=\"72\" width=\"72\" class=\"asl-icon-img\" \/><\/div>\n\t\t\t<div id=\"article-single-app-preview-desc\">\n\t\t\t\t<span class=\"name\">Breitbandmessung<\/span><br \/>\n\t\t\t\t<span class=\"seller\">Entwickler: <a target=\"_blank\" rel=\"nofollow\" href=\"https:\/\/apps.apple.com\/de\/developer\/zafaco\/id739660149\">zafaco<\/a><\/span>\n\t\t\t<\/div>\n\t\t\t<a target=\"_blank\" rel=\"nofollow\" href=\"https:\/\/apps.apple.com\/de\/app\/breitbandmessung\/id1037354483\"><div id=\"article-single-app-preview-download\">Preis: Kostenlos<br \/>\n\t\t\t<span class=\"size\">Laden<\/span><\/div><\/a>\n\t\t<\/div>\n\t\t<!-- <div id=\"article-single-app-preview-footer\"><\/div>\t-->\n\t<\/div>\n\t<!-- app-link\/ende --><!-- \/WP-Appbox -->\n<p><img loading=\"lazy\" decoding=\"async\" src=\"https:\/\/vg04.met.vgwort.de\/na\/97fbabd382e34e33904178f62e798864\" width=\"1\" height=\"1\" no-lazy class=\"tracking\"><\/p>\n","protected":false},"excerpt":{"rendered":"<a href=\"https:\/\/www.iphone-ticker.de\/netzabdeckung-mobilfunk-messwoche-liefert-millionen-neuer-datenpunkte-257810\/\"><img width=\"150\" height=\"150\" src=\"https:\/\/images.iphone-ticker.de\/wp-content\/uploads\/2025\/06\/breitband-app-150x150.png\" class=\"alignright tfe wp-post-image\" alt=\"Breitband App\" decoding=\"async\" loading=\"lazy\" \/><\/a><p>In der Woche vom 26. Mai bis zum 1. Juni 2025 hat die Community der deutschen Mobilfunknutzer erstmals in gro\u00dfem Umfang selbst zur Erhebung der Mobilfunkversorgung in Deutschland beigetragen. Weniger als 1% ohne Empfang Nach einem Aufruf der Bundesnetzagentur haben sich bundesweit mehr als 150.000 Menschen an der Mobilfunk-Messwoche beteiligt und damit dem Ziel der [&hellip;]<\/p>\n","protected":false},"author":1,"featured_media":257812,"comment_status":"open","ping_status":"closed","sticky":false,"template":"","format":"standard","meta":{"footnotes":""},"categories":[1,1975],"tags":[3914,3200,1853],"class_list":["post-257810","post","type-post","status-publish","format-standard","has-post-thumbnail","hentry","category-news","category-feature","tag-apps","tag-bundesnetzagentur","tag-netz"],"aioseo_notices":[],"featured_image":["https:\/\/images.iphone-ticker.de\/wp-content\/uploads\/2025\/06\/breitbandmessung.jpg"],"subheadline":["Brandenburger am aktivsten"],"rest_api_enabler":{"featured_image":"https:\/\/images.iphone-ticker.de\/wp-content\/uploads\/2025\/06\/breitbandmessung.jpg","subheadline":"Brandenburger am aktivsten"},"_links":{"self":[{"href":"https:\/\/www.iphone-ticker.de\/apiv2\/wp\/v2\/posts\/257810","targetHints":{"allow":["GET"]}}],"collection":[{"href":"https:\/\/www.iphone-ticker.de\/apiv2\/wp\/v2\/posts"}],"about":[{"href":"https:\/\/www.iphone-ticker.de\/apiv2\/wp\/v2\/types\/post"}],"author":[{"embeddable":true,"href":"https:\/\/www.iphone-ticker.de\/apiv2\/wp\/v2\/users\/1"}],"replies":[{"embeddable":true,"href":"https:\/\/www.iphone-ticker.de\/apiv2\/wp\/v2\/comments?post=257810"}],"version-history":[{"count":2,"href":"https:\/\/www.iphone-ticker.de\/apiv2\/wp\/v2\/posts\/257810\/revisions"}],"predecessor-version":[{"id":257817,"href":"https:\/\/www.iphone-ticker.de\/apiv2\/wp\/v2\/posts\/257810\/revisions\/257817"}],"wp:featuredmedia":[{"embeddable":true,"href":"https:\/\/www.iphone-ticker.de\/apiv2\/wp\/v2\/media\/257812"}],"wp:attachment":[{"href":"https:\/\/www.iphone-ticker.de\/apiv2\/wp\/v2\/media?parent=257810"}],"wp:term":[{"taxonomy":"category","embeddable":true,"href":"https:\/\/www.iphone-ticker.de\/apiv2\/wp\/v2\/categories?post=257810"},{"taxonomy":"post_tag","embeddable":true,"href":"https:\/\/www.iphone-ticker.de\/apiv2\/wp\/v2\/tags?post=257810"}],"curies":[{"name":"wp","href":"https:\/\/api.w.org\/{rel}","templated":true}]}}