{"id":257639,"date":"2025-06-04T14:31:01","date_gmt":"2025-06-04T12:31:01","guid":{"rendered":"https:\/\/www.iphone-ticker.de\/?p=257639"},"modified":"2025-06-05T05:21:24","modified_gmt":"2025-06-05T03:21:24","slug":"bricht-bei-apple-ein-neues-design-zeitalter-an","status":"publish","type":"post","link":"https:\/\/www.iphone-ticker.de\/bricht-bei-apple-ein-neues-design-zeitalter-an-257639\/","title":{"rendered":"Bricht bei Apple ein neues Design-Zeitalter an?"},"content":{"rendered":"<p>Der Designer Sebastiaan de With hat eine <a href=\"https:\/\/www.lux.camera\/physicality-the-new-age-of-ui\/\">umfangreiche Analyse<\/a> dessen vorgelegt, was uns mit der kommenden iOS-Version erwarten k\u00f6nnte. De With ist Mitbegr\u00fcnder des Entwicklerstudios <a href=\"https:\/\/www.lux.camera\/\">Lux<\/a> und war zuvor auch einige Zeit bei Apple besch\u00e4ftigt. Das anstehende Redesign k\u00f6nnte seinen Worten zufolge gr\u00f6\u00dfer als der Umbruch beim Wechsel zu iOS 7 sein. Apple hatte sich damals \u2013 nicht ohne Kontroversen \u2013 vom <a href=\"https:\/\/de.wikipedia.org\/wiki\/Skeuomorphismus\">Skeuomorphismus<\/a> der ersten iOS-Generation verabschiedet.<\/p>\n<h2>Drei Epochen von Apples iOS-Design<\/h2>\n<p><a href=\"https:\/\/images.iphone-ticker.de\/wp-content\/uploads\/2025\/06\/dewith0.jpg\"><img loading=\"lazy\" decoding=\"async\" src=\"https:\/\/images.iphone-ticker.de\/wp-content\/uploads\/2025\/06\/dewith0-700x482.jpg\" alt=\"Dewith0\" width=\"700\" height=\"482\" class=\"alignnone size-large wp-image-257641\" srcset=\"https:\/\/images.iphone-ticker.de\/wp-content\/uploads\/2025\/06\/dewith0-700x482.jpg 700w, https:\/\/images.iphone-ticker.de\/wp-content\/uploads\/2025\/06\/dewith0-500x344.jpg 500w, https:\/\/images.iphone-ticker.de\/wp-content\/uploads\/2025\/06\/dewith0.jpg 1338w\" sizes=\"auto, (max-width: 700px) 100vw, 700px\" \/><\/a><\/p>\n<p>R\u00fcckblickend unterteilt de With die Designgeschichte von iOS in drei Epochen: Auf das von Skeuomorphismus gepr\u00e4gte \u201eZeitalter der Schatten\u201c, in dem das Bildschirmdesign durch Nachbildungen realistisch wirkender Materialien wie Holz oder Leder gepr\u00e4gt wurde, folgte das flache Design von iOS 7. W\u00e4hrend man zuvor noch viel Zeit damit verbracht habe, mithilfe von Photoshop realistisch schattierte Buttons zu zeichnen, waren die Tasten hier zum Teil nichts weiter als blauer Text auf wei\u00dfem Hintergrund.<\/p>\n<p><a href=\"https:\/\/images.iphone-ticker.de\/wp-content\/uploads\/2025\/06\/dewith2.jpg\"><img loading=\"lazy\" decoding=\"async\" src=\"https:\/\/images.iphone-ticker.de\/wp-content\/uploads\/2025\/06\/dewith2-700x389.jpg\" alt=\"Dewith2\" width=\"700\" height=\"389\" class=\"alignnone size-large wp-image-257644\" srcset=\"https:\/\/images.iphone-ticker.de\/wp-content\/uploads\/2025\/06\/dewith2-700x389.jpg 700w, https:\/\/images.iphone-ticker.de\/wp-content\/uploads\/2025\/06\/dewith2-500x278.jpg 500w, https:\/\/images.iphone-ticker.de\/wp-content\/uploads\/2025\/06\/dewith2-1536x852.jpg 1536w, https:\/\/images.iphone-ticker.de\/wp-content\/uploads\/2025\/06\/dewith2.jpg 1600w\" sizes=\"auto, (max-width: 700px) 100vw, 700px\" \/><\/a><\/p>\n<p>Dieser krasse Minimalismus wurde allerdings \u00fcber die Jahre wieder reduziert und mittlerweile pr\u00e4gen wieder dickere Schriften, kr\u00e4ftigere Symbole und auch Schatten die Designsprache Apples. Das Unternehmen sei im \u201eZeitalter der K\u00f6rperlichkeit\u201c angekommen, wobei sich ein neuer Skeuomorphismus nicht auf die Symbole selbst, sondern auf das Verhalten der Benutzeroberfl\u00e4che auswirke.<\/p>\n<p><a href=\"https:\/\/images.iphone-ticker.de\/wp-content\/uploads\/2025\/06\/dewith5.jpg\"><img loading=\"lazy\" decoding=\"async\" src=\"https:\/\/images.iphone-ticker.de\/wp-content\/uploads\/2025\/06\/dewith5-700x434.jpg\" alt=\"Dewith5\" width=\"700\" height=\"434\" class=\"alignnone size-large wp-image-257648\" srcset=\"https:\/\/images.iphone-ticker.de\/wp-content\/uploads\/2025\/06\/dewith5-700x434.jpg 700w, https:\/\/images.iphone-ticker.de\/wp-content\/uploads\/2025\/06\/dewith5-500x310.jpg 500w, https:\/\/images.iphone-ticker.de\/wp-content\/uploads\/2025\/06\/dewith5-1536x953.jpg 1536w, https:\/\/images.iphone-ticker.de\/wp-content\/uploads\/2025\/06\/dewith5.jpg 1754w\" sizes=\"auto, (max-width: 700px) 100vw, 700px\" \/><\/a><\/p>\n<p>Die Benutzeroberfl\u00e4che verhalte sich wie Dinge, die wir aus der realen Welt kennen. De With nennt als Beispiel Apples Dynamic Island, die sich wie \u201einteraktive, viskose Fl\u00fcssigkeit\u201c verhalte oder die Siri-Animation, die wie ein feuriges Gas oder Nebel von den R\u00e4ndern des Ger\u00e4ts angezogen wird.<\/p>\n<h2>Ein Blick in die Zukunft: Living Glass<\/h2>\n<p>Seine Erwartung f\u00fcr das Apple-Design der Zukunft nennt de With \u201eLiving Glass\u201c. Es k\u00f6nne eine logische Weiterentwicklung sein, diese Effekte auf das gesamte Interface auszudehnen. Beispielhaft spricht der Designer von einer Benutzeroberfl\u00e4che, die auf Licht reagiert, Glanzlichter reflektiert und Elemente wie Tasten aus dem Glas emporsteigen l\u00e4sst. <\/p>\n<p><a href=\"https:\/\/images.iphone-ticker.de\/wp-content\/uploads\/2025\/06\/dewith3.jpg\"><img loading=\"lazy\" decoding=\"async\" src=\"https:\/\/images.iphone-ticker.de\/wp-content\/uploads\/2025\/06\/dewith3-700x435.jpg\" alt=\"Dewith3\" width=\"700\" height=\"435\" class=\"alignnone size-large wp-image-257643\" srcset=\"https:\/\/images.iphone-ticker.de\/wp-content\/uploads\/2025\/06\/dewith3-700x435.jpg 700w, https:\/\/images.iphone-ticker.de\/wp-content\/uploads\/2025\/06\/dewith3-500x311.jpg 500w, https:\/\/images.iphone-ticker.de\/wp-content\/uploads\/2025\/06\/dewith3.jpg 1400w\" sizes=\"auto, (max-width: 700px) 100vw, 700px\" \/><\/a><\/p>\n<blockquote>\n<p>Wenn ich Apple w\u00e4re, w\u00fcrde ich sagen, dass das Interface endlich zu den wundersch\u00f6nen Materialeigenschaften der Ger\u00e4te passt.<\/p>\n<\/blockquote>\n<p>Die neue Designsprache k\u00f6nne quasi eine visuelle Revolution einl\u00e4uten, indem sie nicht nur auf den Ger\u00e4ten von Apple pr\u00e4sent ist, sondern sich \u00fcber das Design der Apple-Webseite und alle sonstigen Bereiche der Marke hinwegzieht. F\u00fcr die Vorstellung in der kommenden Woche hofft er auf ein durchdachtes und geniales Design, das nur Apple liefern kann.<img loading=\"lazy\" decoding=\"async\" src=\"https:\/\/vg07.met.vgwort.de\/na\/a291df93742f47108f43935bd8b69348\" width=\"1\" height=\"1\" no-lazy class=\"tracking\"><\/p>\n","protected":false},"excerpt":{"rendered":"<a href=\"https:\/\/www.iphone-ticker.de\/bricht-bei-apple-ein-neues-design-zeitalter-an-257639\/\"><img width=\"150\" height=\"150\" src=\"https:\/\/images.iphone-ticker.de\/wp-content\/uploads\/2025\/06\/dewith5-150x150.jpg\" class=\"alignright tfe wp-post-image\" alt=\"Dewith5\" decoding=\"async\" loading=\"lazy\" \/><\/a><p>Der Designer Sebastiaan de With hat eine umfangreiche Analyse dessen vorgelegt, was uns mit der kommenden iOS-Version erwarten k\u00f6nnte. De With ist Mitbegr\u00fcnder des Entwicklerstudios Lux und war zuvor auch einige Zeit bei Apple besch\u00e4ftigt. Das anstehende Redesign k\u00f6nnte seinen Worten zufolge gr\u00f6\u00dfer als der Umbruch beim Wechsel zu iOS 7 sein. Apple hatte sich [&hellip;]<\/p>\n","protected":false},"author":2,"featured_media":257648,"comment_status":"open","ping_status":"closed","sticky":false,"template":"","format":"standard","meta":{"footnotes":""},"categories":[639],"tags":[78,5661],"class_list":["post-257639","post","type-post","status-publish","format-standard","has-post-thumbnail","hentry","category-ios","tag-design","tag-ios"],"aioseo_notices":[],"subheadline":["Gedanken zum kommenden iOS-Interface"],"featured_image":["https:\/\/images.iphone-ticker.de\/wp-content\/uploads\/2025\/06\/dewithfeature.jpg","https:\/\/images.iphone-ticker.de\/wp-content\/uploads\/2025\/06\/dewithfeature.jpg","https:\/\/images.iphone-ticker.de\/wp-content\/uploads\/2025\/06\/dewithfeature.jpg"],"rest_api_enabler":{"subheadline":"Gedanken zum kommenden iOS-Interface","featured_image":["https:\/\/images.iphone-ticker.de\/wp-content\/uploads\/2025\/06\/dewithfeature.jpg","https:\/\/images.iphone-ticker.de\/wp-content\/uploads\/2025\/06\/dewithfeature.jpg","https:\/\/images.iphone-ticker.de\/wp-content\/uploads\/2025\/06\/dewithfeature.jpg"]},"_links":{"self":[{"href":"https:\/\/www.iphone-ticker.de\/apiv2\/wp\/v2\/posts\/257639","targetHints":{"allow":["GET"]}}],"collection":[{"href":"https:\/\/www.iphone-ticker.de\/apiv2\/wp\/v2\/posts"}],"about":[{"href":"https:\/\/www.iphone-ticker.de\/apiv2\/wp\/v2\/types\/post"}],"author":[{"embeddable":true,"href":"https:\/\/www.iphone-ticker.de\/apiv2\/wp\/v2\/users\/2"}],"replies":[{"embeddable":true,"href":"https:\/\/www.iphone-ticker.de\/apiv2\/wp\/v2\/comments?post=257639"}],"version-history":[{"count":5,"href":"https:\/\/www.iphone-ticker.de\/apiv2\/wp\/v2\/posts\/257639\/revisions"}],"predecessor-version":[{"id":257682,"href":"https:\/\/www.iphone-ticker.de\/apiv2\/wp\/v2\/posts\/257639\/revisions\/257682"}],"wp:featuredmedia":[{"embeddable":true,"href":"https:\/\/www.iphone-ticker.de\/apiv2\/wp\/v2\/media\/257648"}],"wp:attachment":[{"href":"https:\/\/www.iphone-ticker.de\/apiv2\/wp\/v2\/media?parent=257639"}],"wp:term":[{"taxonomy":"category","embeddable":true,"href":"https:\/\/www.iphone-ticker.de\/apiv2\/wp\/v2\/categories?post=257639"},{"taxonomy":"post_tag","embeddable":true,"href":"https:\/\/www.iphone-ticker.de\/apiv2\/wp\/v2\/tags?post=257639"}],"curies":[{"name":"wp","href":"https:\/\/api.w.org\/{rel}","templated":true}]}}