{"id":257512,"date":"2025-06-02T19:34:09","date_gmt":"2025-06-02T17:34:09","guid":{"rendered":"https:\/\/www.iphone-ticker.de\/?p=257512"},"modified":"2025-06-02T19:34:09","modified_gmt":"2025-06-02T17:34:09","slug":"wwdc25-glas-logo-keine-hardware-und-macos-tahoe","status":"publish","type":"post","link":"https:\/\/www.iphone-ticker.de\/wwdc25-glas-logo-keine-hardware-und-macos-tahoe-257512\/","title":{"rendered":"WWDC25: Glas-Logo, keine Hardware und macOS Tahoe"},"content":{"rendered":"<p>Eine Woche vor dem Startschuss f\u00fcr die diesj\u00e4hrige Entwicklerkonferenz WWDC hat Apple die <a href=\"https:\/\/developer.apple.com\/wwdc25\/\">zugeh\u00f6rige Webseite<\/a> \u00fcberarbeitet und seine <a href=\"https:\/\/apps.apple.com\/de\/app\/apple-developer\/id640199958\">Entwickler-App<\/a> auf den neuesten Stand gebracht. Im Zuge dessen scheinen die Ger\u00fcchte bez\u00fcglich der grafischen \u00dcberarbeitung von iOS und wohl auch der restlichen Betriebssysteme von Apple final best\u00e4tigt. Das Logo zur WWDC 2025 wurde nochmals \u00fcberarbeitet und erinnert nun optisch an ein Glasgebilde.<\/p>\n<p>Glas\u00e4hnliche Elemente sollen ja auch das Design der Apple-Betriebssysteme in diesem Jahr pr\u00e4gen. Intern tr\u00e4gt die neue Optik beim Hersteller wohl den Namen \u201eSolarium\u201c und erinnert zum Teil deutlich an das Erscheinungsbild von visionOS. Wir haben bereits <a href=\"https:\/\/www.iphone-ticker.de\/ios-19-mehr-bilder-und-details-zum-kommenden-iphone-betriebssystem-253879\/\" title=\"\u201eSolarium\u201c-Design\">Anfang April<\/a> zum Teil recht detailliert gesehen, was man optisch von Apples neuen Betriebssystemen erwarten darf.<\/p>\n<p><video poster=\"\" preload=\"auto\" controls=\"controls\" width=\"100%\"><source src=\"https:\/\/images.iphone-ticker.de\/wp-content\/uploads\/2025\/06\/apple-wwdc25.mp4#t=0.2\" \/><\/video><\/p>\n<h2>Wohl keine Hardware zur WWDC<\/h2>\n<p>Neue Hardware von Apple ist am Montag nicht zu erwarten. W\u00e4hrend Apple in der Vergangenheit zur WWDC immer mal wieder auch in diesem Segment etwas aus dem Hut gezaubert hat, sieht es hier f\u00fcr dieses Jahr eher mau aus. Der gewohnt gut informierte Bloomberg-Autor <a href=\"https:\/\/www.bloomberg.com\/account\/newsletters\/power-on\">Mark Gurman<\/a> schreibt in seinem Newsletter, dass Apple keine neuen Ger\u00e4te marktreif habe und man hier vor den neuen Modellen von iPhone und Apple Watch im Herbst kaum etwas erwarten darf.<\/p>\n<p>Nachdem man auch im KI-Bereich <a href=\"https:\/\/www.ifun.de\/wwdc-2025-apple-plant-wohl-keine-grossen-ki-ueberraschungen-255715\/\" title=\"WWDC 2025: Apple plant wohl keine gro\u00dfen KI-\u00dcberraschungen\">keine gro\u00dfen \u00dcberraschungen<\/a> erwarten darf, sind die konkreten \u00c4nderungen bei den Betriebssystemen in diesem Jahr vermutlich die gr\u00f6\u00dften WWDC-Neuigkeiten. Allem voran darf man hier gespannt sein, ob Apple tats\u00e4chlich auf eine <a href=\"https:\/\/www.iphone-ticker.de\/ios-26-und-macos-26-kuenftig-jahreszahlen-als-versionsnummern-257384\/\">an die aktuelle Jahreszahl angelehnte Versionsnummerierung<\/a> umstellt.<\/p>\n<h2>Nach macOS Sequoia kommt macOS Tahoe<\/h2>\n<p>macOS wird seine Beinamen aber unabh\u00e4ngig davon weitertragen. Hier scheint nun schon eine Woche vor der offiziellen Ank\u00fcndigung klar, dass die n\u00e4chste Version von Apples Mac-Betriebssystem den Namen \u201eTahoe\u201c tragen wird. Der Nachfolger von macOS Sequoia &#8211; auch diese Nachricht stammt vom Bloomberg-Autor Gurman &#8211; soll nach dem an der Grenze zwischen Kalifornien und Nevada liegenden Lake Tahoe benannt sein.<\/p>\n<p>Und falls noch jemand daran gezweifelt hat, dass Apple die Er\u00f6ffnungsveranstaltung zur diesj\u00e4hrigen WWDC wieder live \u00fcbertr\u00e4gt: Auf YouTube wurde bereits eine Vorschaltseite f\u00fcr den in einer Woche um 19 Uhr unserer Zeit beginnenden Livestream eingerichtet.<img decoding=\"async\" src=\"https:\/\/vg09.met.vgwort.de\/na\/15eb1ef6394243189ff04650c2fd8e1f\" width=\"1\" height=\"1\" no-lazy class=\"tracking\" loading=\"eager\"><\/p>\n<p><div class=\"responsive-video\"><iframe loading=\"lazy\" src=\"https:\/\/www.ifun.de\/yt\/index.html?v=0_DjDdfqtUE\" title=\"WWDC 2025 \u2014 June 9 | Apple\" width=\"500\" height=\"281\" allow=\"autoplay; fullscreen; picture-in-picture; encrypted-media\" referrerpolicy=\"strict-origin-when-cross-origin\" allowfullscreen><\/iframe><\/div><\/p>\n","protected":false},"excerpt":{"rendered":"<a href=\"https:\/\/www.iphone-ticker.de\/wwdc25-glas-logo-keine-hardware-und-macos-tahoe-257512\/\"><img width=\"150\" height=\"150\" src=\"https:\/\/images.iphone-ticker.de\/wp-content\/uploads\/2025\/06\/wwdc-25-feature-150x150.jpg\" class=\"alignright tfe wp-post-image\" alt=\"Wwdc 25 Feature\" decoding=\"async\" loading=\"lazy\" \/><\/a><p>Eine Woche vor dem Startschuss f\u00fcr die diesj\u00e4hrige Entwicklerkonferenz WWDC hat Apple die zugeh\u00f6rige Webseite \u00fcberarbeitet und seine Entwickler-App auf den neuesten Stand gebracht. Im Zuge dessen scheinen die Ger\u00fcchte bez\u00fcglich der grafischen \u00dcberarbeitung von iOS und wohl auch der restlichen Betriebssysteme von Apple final best\u00e4tigt. Das Logo zur WWDC 2025 wurde nochmals \u00fcberarbeitet und [&hellip;]<\/p>\n","protected":false},"author":2,"featured_media":257514,"comment_status":"open","ping_status":"closed","sticky":false,"template":"","format":"standard","meta":{"footnotes":""},"categories":[1],"tags":[3912,105],"class_list":["post-257512","post","type-post","status-publish","format-standard","has-post-thumbnail","hentry","category-news","tag-apple","tag-wwdc"],"aioseo_notices":[],"aioseo_head":"\n\t\t<!-- All in One SEO Pro 5.0.1.1 - aioseo.com -->\n\t<meta name=\"description\" content=\"Eine Woche vor dem Startschuss f\u00fcr die diesj\u00e4hrige Entwicklerkonferenz WWDC hat Apple die zugeh\u00f6rige Webseite \u00fcberarbeitet und seine Entwickler-App auf den neuesten Stand gebracht. Im Zuge dessen scheinen die Ger\u00fcchte bez\u00fcglich der grafischen \u00dcberarbeitung von iOS und wohl auch der restlichen Betriebssysteme von Apple final best\u00e4tigt. Das Logo zur WWDC 2025 wurde nochmals \u00fcberarbeitet und\" \/>\n\t<meta name=\"robots\" content=\"max-image-preview:large\" \/>\n\t<meta name=\"author\" content=\"chris\"\/>\n\t<meta name=\"google-site-verification\" content=\"bRuV4_wqNuoQLypC9HVKibZ0X7EtNyELtju97qgyflM\" \/>\n\t<link rel=\"canonical\" href=\"https:\/\/www.iphone-ticker.de\/wwdc25-glas-logo-keine-hardware-und-macos-tahoe-257512\/\" \/>\n\t<meta name=\"generator\" content=\"All in One SEO Pro (AIOSEO) 5.0.1.1\" \/>\n\t\t<meta property=\"og:locale\" content=\"de_DE\" \/>\n\t\t<meta property=\"og:site_name\" content=\"iphone-ticker.de | Alles zum iPhone. Seit 2007.\" \/>\n\t\t<meta property=\"og:type\" content=\"article\" \/>\n\t\t<meta property=\"og:title\" content=\"WWDC25: Glas-Logo, keine Hardware und macOS Tahoe | iphone-ticker.de\" \/>\n\t\t<meta property=\"og:description\" content=\"Eine Woche vor dem Startschuss f\u00fcr die diesj\u00e4hrige Entwicklerkonferenz WWDC hat Apple die zugeh\u00f6rige Webseite \u00fcberarbeitet und seine Entwickler-App auf den neuesten Stand gebracht. Im Zuge dessen scheinen die Ger\u00fcchte bez\u00fcglich der grafischen \u00dcberarbeitung von iOS und wohl auch der restlichen Betriebssysteme von Apple final best\u00e4tigt. Das Logo zur WWDC 2025 wurde nochmals \u00fcberarbeitet und\" \/>\n\t\t<meta property=\"og:url\" content=\"https:\/\/www.iphone-ticker.de\/wwdc25-glas-logo-keine-hardware-und-macos-tahoe-257512\/\" \/>\n\t\t<meta property=\"article:published_time\" content=\"2025-06-02T17:34:09+00:00\" \/>\n\t\t<meta property=\"article:modified_time\" content=\"2025-06-02T17:34:09+00:00\" \/>\n\t\t<meta property=\"article:publisher\" content=\"https:\/\/facebook.com\/ifun.de\" \/>\n\t\t<meta name=\"twitter:card\" content=\"summary_large_image\" \/>\n\t\t<meta name=\"twitter:site\" content=\"@iphoneticker\" \/>\n\t\t<meta name=\"twitter:title\" content=\"WWDC25: Glas-Logo, keine Hardware und macOS Tahoe | iphone-ticker.de\" \/>\n\t\t<meta name=\"twitter:description\" content=\"Eine Woche vor dem Startschuss f\u00fcr die diesj\u00e4hrige Entwicklerkonferenz WWDC hat Apple die zugeh\u00f6rige Webseite \u00fcberarbeitet und seine Entwickler-App auf den neuesten Stand gebracht. Im Zuge dessen scheinen die Ger\u00fcchte bez\u00fcglich der grafischen \u00dcberarbeitung von iOS und wohl auch der restlichen Betriebssysteme von Apple final best\u00e4tigt. Das Logo zur WWDC 2025 wurde nochmals \u00fcberarbeitet und\" \/>\n\t\t<meta name=\"twitter:creator\" content=\"@iphoneticker\" \/>\n\t\t<script type=\"application\/ld+json\" class=\"aioseo-schema\">\n\t\t\t{\"@context\":\"https:\\\/\\\/schema.org\",\"@graph\":[{\"@type\":\"BreadcrumbList\",\"@id\":\"https:\\\/\\\/www.iphone-ticker.de\\\/wwdc25-glas-logo-keine-hardware-und-macos-tahoe-257512\\\/#breadcrumblist\",\"itemListElement\":[{\"@type\":\"ListItem\",\"@id\":\"https:\\\/\\\/www.iphone-ticker.de#listItem\",\"position\":1,\"name\":\"Home\",\"item\":\"https:\\\/\\\/www.iphone-ticker.de\",\"nextItem\":{\"@type\":\"ListItem\",\"@id\":\"https:\\\/\\\/www.iphone-ticker.de\\\/category\\\/news\\\/#listItem\",\"name\":\"News\"}},{\"@type\":\"ListItem\",\"@id\":\"https:\\\/\\\/www.iphone-ticker.de\\\/category\\\/news\\\/#listItem\",\"position\":2,\"name\":\"News\",\"item\":\"https:\\\/\\\/www.iphone-ticker.de\\\/category\\\/news\\\/\",\"nextItem\":{\"@type\":\"ListItem\",\"@id\":\"https:\\\/\\\/www.iphone-ticker.de\\\/wwdc25-glas-logo-keine-hardware-und-macos-tahoe-257512\\\/#listItem\",\"name\":\"WWDC25: Glas-Logo, keine Hardware und macOS Tahoe\"},\"previousItem\":{\"@type\":\"ListItem\",\"@id\":\"https:\\\/\\\/www.iphone-ticker.de#listItem\",\"name\":\"Home\"}},{\"@type\":\"ListItem\",\"@id\":\"https:\\\/\\\/www.iphone-ticker.de\\\/wwdc25-glas-logo-keine-hardware-und-macos-tahoe-257512\\\/#listItem\",\"position\":3,\"name\":\"WWDC25: Glas-Logo, keine Hardware und macOS Tahoe\",\"previousItem\":{\"@type\":\"ListItem\",\"@id\":\"https:\\\/\\\/www.iphone-ticker.de\\\/category\\\/news\\\/#listItem\",\"name\":\"News\"}}]},{\"@type\":\"NewsArticle\",\"@id\":\"https:\\\/\\\/www.iphone-ticker.de\\\/wwdc25-glas-logo-keine-hardware-und-macos-tahoe-257512\\\/#newsarticle\",\"name\":\"WWDC25: Glas-Logo, keine Hardware und macOS Tahoe | iphone-ticker.de\",\"headline\":\"WWDC25: Glas-Logo, keine Hardware und macOS Tahoe\",\"author\":{\"@id\":\"https:\\\/\\\/www.iphone-ticker.de\\\/author\\\/chris\\\/#author\"},\"publisher\":{\"@id\":\"https:\\\/\\\/www.iphone-ticker.de\\\/#organization\"},\"image\":{\"@type\":\"ImageObject\",\"url\":\"https:\\\/\\\/images.iphone-ticker.de\\\/wp-content\\\/uploads\\\/2025\\\/06\\\/wwdc-25-feature.jpg\",\"width\":960,\"height\":378,\"caption\":\"Wwdc 25 Feature\"},\"datePublished\":\"2025-06-02T19:34:09+02:00\",\"dateModified\":\"2025-06-02T19:34:09+02:00\",\"inLanguage\":\"de-DE\",\"commentCount\":52,\"mainEntityOfPage\":{\"@id\":\"https:\\\/\\\/www.iphone-ticker.de\\\/wwdc25-glas-logo-keine-hardware-und-macos-tahoe-257512\\\/#webpage\"},\"isPartOf\":{\"@id\":\"https:\\\/\\\/www.iphone-ticker.de\\\/wwdc25-glas-logo-keine-hardware-und-macos-tahoe-257512\\\/#webpage\"},\"articleSection\":\"News, Apple, WWDC\",\"dateline\":\"Ver\\u00f6ffentlicht am Juni 2, 2025.\"},{\"@type\":\"Organization\",\"@id\":\"https:\\\/\\\/www.iphone-ticker.de\\\/#organization\",\"name\":\"aketo GmbH\",\"description\":\"Die aketo GmbH versorgt das deutschsprachige Internet mit den f\\u00fchrenden Nachrichtenangeboten zu Apple, dem iPhone, dem iPad und Apples Lifestyle-Produkten. Konzepte, Redaktion, Recherchen und Archiv.\",\"url\":\"https:\\\/\\\/www.iphone-ticker.de\\\/\",\"email\":\"ifun.de@gmail.com\",\"telephone\":\"+493057707123\",\"foundingDate\":\"2007-01-01\",\"logo\":{\"@type\":\"ImageObject\",\"url\":\"https:\\\/\\\/images.iphone-ticker.de\\\/wp-content\\\/uploads\\\/2026\\\/02\\\/apple-touch-icon.png\",\"@id\":\"https:\\\/\\\/www.iphone-ticker.de\\\/wwdc25-glas-logo-keine-hardware-und-macos-tahoe-257512\\\/#organizationLogo\",\"width\":1024,\"height\":1024,\"caption\":\"Apple Touch Icon\"},\"image\":{\"@id\":\"https:\\\/\\\/www.iphone-ticker.de\\\/wwdc25-glas-logo-keine-hardware-und-macos-tahoe-257512\\\/#organizationLogo\"},\"sameAs\":[\"https:\\\/\\\/facebook.com\\\/ifun.de\",\"https:\\\/\\\/x.com\\\/iphoneticker\"]},{\"@type\":\"Person\",\"@id\":\"https:\\\/\\\/www.iphone-ticker.de\\\/author\\\/chris\\\/#author\",\"url\":\"https:\\\/\\\/www.iphone-ticker.de\\\/author\\\/chris\\\/\",\"name\":\"chris\"},{\"@type\":\"WebPage\",\"@id\":\"https:\\\/\\\/www.iphone-ticker.de\\\/wwdc25-glas-logo-keine-hardware-und-macos-tahoe-257512\\\/#webpage\",\"url\":\"https:\\\/\\\/www.iphone-ticker.de\\\/wwdc25-glas-logo-keine-hardware-und-macos-tahoe-257512\\\/\",\"name\":\"WWDC25: Glas-Logo, keine Hardware und macOS Tahoe | iphone-ticker.de\",\"description\":\"Eine Woche vor dem Startschuss f\\u00fcr die diesj\\u00e4hrige Entwicklerkonferenz WWDC hat Apple die zugeh\\u00f6rige Webseite \\u00fcberarbeitet und seine Entwickler-App auf den neuesten Stand gebracht. Im Zuge dessen scheinen die Ger\\u00fcchte bez\\u00fcglich der grafischen \\u00dcberarbeitung von iOS und wohl auch der restlichen Betriebssysteme von Apple final best\\u00e4tigt. Das Logo zur WWDC 2025 wurde nochmals \\u00fcberarbeitet und\",\"inLanguage\":\"de-DE\",\"isPartOf\":{\"@id\":\"https:\\\/\\\/www.iphone-ticker.de\\\/#website\"},\"breadcrumb\":{\"@id\":\"https:\\\/\\\/www.iphone-ticker.de\\\/wwdc25-glas-logo-keine-hardware-und-macos-tahoe-257512\\\/#breadcrumblist\"},\"author\":{\"@id\":\"https:\\\/\\\/www.iphone-ticker.de\\\/author\\\/chris\\\/#author\"},\"creator\":{\"@id\":\"https:\\\/\\\/www.iphone-ticker.de\\\/author\\\/chris\\\/#author\"},\"image\":{\"@type\":\"ImageObject\",\"url\":\"https:\\\/\\\/images.iphone-ticker.de\\\/wp-content\\\/uploads\\\/2025\\\/06\\\/wwdc-25-feature.jpg\",\"@id\":\"https:\\\/\\\/www.iphone-ticker.de\\\/wwdc25-glas-logo-keine-hardware-und-macos-tahoe-257512\\\/#mainImage\",\"width\":960,\"height\":378,\"caption\":\"Wwdc 25 Feature\"},\"primaryImageOfPage\":{\"@id\":\"https:\\\/\\\/www.iphone-ticker.de\\\/wwdc25-glas-logo-keine-hardware-und-macos-tahoe-257512\\\/#mainImage\"},\"datePublished\":\"2025-06-02T19:34:09+02:00\",\"dateModified\":\"2025-06-02T19:34:09+02:00\"},{\"@type\":\"WebSite\",\"@id\":\"https:\\\/\\\/www.iphone-ticker.de\\\/#website\",\"url\":\"https:\\\/\\\/www.iphone-ticker.de\\\/\",\"name\":\"iphone-ticker.de\",\"description\":\"Alles zum iPhone. Seit 2007.\",\"inLanguage\":\"de-DE\",\"publisher\":{\"@id\":\"https:\\\/\\\/www.iphone-ticker.de\\\/#organization\"}}]}\n\t\t<\/script>\n\t\t<!-- All in One SEO Pro -->\r\n\t\t<title>WWDC25: Glas-Logo, keine Hardware und macOS Tahoe | iphone-ticker.de<\/title>\n\n","aioseo_head_json":{"title":"WWDC25: Glas-Logo, keine Hardware und macOS Tahoe | iphone-ticker.de","description":"Eine Woche vor dem Startschuss f\u00fcr die diesj\u00e4hrige Entwicklerkonferenz WWDC hat Apple die zugeh\u00f6rige Webseite \u00fcberarbeitet und seine Entwickler-App auf den neuesten Stand gebracht. Im Zuge dessen scheinen die Ger\u00fcchte bez\u00fcglich der grafischen \u00dcberarbeitung von iOS und wohl auch der restlichen Betriebssysteme von Apple final best\u00e4tigt. Das Logo zur WWDC 2025 wurde nochmals \u00fcberarbeitet und","canonical_url":"https:\/\/www.iphone-ticker.de\/wwdc25-glas-logo-keine-hardware-und-macos-tahoe-257512\/","robots":"max-image-preview:large","keywords":"","webmasterTools":{"google-site-verification":"bRuV4_wqNuoQLypC9HVKibZ0X7EtNyELtju97qgyflM","miscellaneous":""},"schema":{"@context":"https:\/\/schema.org","@graph":[{"@type":"BreadcrumbList","@id":"https:\/\/www.iphone-ticker.de\/wwdc25-glas-logo-keine-hardware-und-macos-tahoe-257512\/#breadcrumblist","itemListElement":[{"@type":"ListItem","@id":"https:\/\/www.iphone-ticker.de#listItem","position":1,"name":"Home","item":"https:\/\/www.iphone-ticker.de","nextItem":{"@type":"ListItem","@id":"https:\/\/www.iphone-ticker.de\/category\/news\/#listItem","name":"News"}},{"@type":"ListItem","@id":"https:\/\/www.iphone-ticker.de\/category\/news\/#listItem","position":2,"name":"News","item":"https:\/\/www.iphone-ticker.de\/category\/news\/","nextItem":{"@type":"ListItem","@id":"https:\/\/www.iphone-ticker.de\/wwdc25-glas-logo-keine-hardware-und-macos-tahoe-257512\/#listItem","name":"WWDC25: Glas-Logo, keine Hardware und macOS Tahoe"},"previousItem":{"@type":"ListItem","@id":"https:\/\/www.iphone-ticker.de#listItem","name":"Home"}},{"@type":"ListItem","@id":"https:\/\/www.iphone-ticker.de\/wwdc25-glas-logo-keine-hardware-und-macos-tahoe-257512\/#listItem","position":3,"name":"WWDC25: Glas-Logo, keine Hardware und macOS Tahoe","previousItem":{"@type":"ListItem","@id":"https:\/\/www.iphone-ticker.de\/category\/news\/#listItem","name":"News"}}]},{"@type":"NewsArticle","@id":"https:\/\/www.iphone-ticker.de\/wwdc25-glas-logo-keine-hardware-und-macos-tahoe-257512\/#newsarticle","name":"WWDC25: Glas-Logo, keine Hardware und macOS Tahoe | iphone-ticker.de","headline":"WWDC25: Glas-Logo, keine Hardware und macOS Tahoe","author":{"@id":"https:\/\/www.iphone-ticker.de\/author\/chris\/#author"},"publisher":{"@id":"https:\/\/www.iphone-ticker.de\/#organization"},"image":{"@type":"ImageObject","url":"https:\/\/images.iphone-ticker.de\/wp-content\/uploads\/2025\/06\/wwdc-25-feature.jpg","width":960,"height":378,"caption":"Wwdc 25 Feature"},"datePublished":"2025-06-02T19:34:09+02:00","dateModified":"2025-06-02T19:34:09+02:00","inLanguage":"de-DE","commentCount":52,"mainEntityOfPage":{"@id":"https:\/\/www.iphone-ticker.de\/wwdc25-glas-logo-keine-hardware-und-macos-tahoe-257512\/#webpage"},"isPartOf":{"@id":"https:\/\/www.iphone-ticker.de\/wwdc25-glas-logo-keine-hardware-und-macos-tahoe-257512\/#webpage"},"articleSection":"News, Apple, WWDC","dateline":"Ver\u00f6ffentlicht am Juni 2, 2025."},{"@type":"Organization","@id":"https:\/\/www.iphone-ticker.de\/#organization","name":"aketo GmbH","description":"Die aketo GmbH versorgt das deutschsprachige Internet mit den f\u00fchrenden Nachrichtenangeboten zu Apple, dem iPhone, dem iPad und Apples Lifestyle-Produkten. Konzepte, Redaktion, Recherchen und Archiv.","url":"https:\/\/www.iphone-ticker.de\/","email":"ifun.de@gmail.com","telephone":"+493057707123","foundingDate":"2007-01-01","logo":{"@type":"ImageObject","url":"https:\/\/images.iphone-ticker.de\/wp-content\/uploads\/2026\/02\/apple-touch-icon.png","@id":"https:\/\/www.iphone-ticker.de\/wwdc25-glas-logo-keine-hardware-und-macos-tahoe-257512\/#organizationLogo","width":1024,"height":1024,"caption":"Apple Touch Icon"},"image":{"@id":"https:\/\/www.iphone-ticker.de\/wwdc25-glas-logo-keine-hardware-und-macos-tahoe-257512\/#organizationLogo"},"sameAs":["https:\/\/facebook.com\/ifun.de","https:\/\/x.com\/iphoneticker"]},{"@type":"Person","@id":"https:\/\/www.iphone-ticker.de\/author\/chris\/#author","url":"https:\/\/www.iphone-ticker.de\/author\/chris\/","name":"chris"},{"@type":"WebPage","@id":"https:\/\/www.iphone-ticker.de\/wwdc25-glas-logo-keine-hardware-und-macos-tahoe-257512\/#webpage","url":"https:\/\/www.iphone-ticker.de\/wwdc25-glas-logo-keine-hardware-und-macos-tahoe-257512\/","name":"WWDC25: Glas-Logo, keine Hardware und macOS Tahoe | iphone-ticker.de","description":"Eine Woche vor dem Startschuss f\u00fcr die diesj\u00e4hrige Entwicklerkonferenz WWDC hat Apple die zugeh\u00f6rige Webseite \u00fcberarbeitet und seine Entwickler-App auf den neuesten Stand gebracht. Im Zuge dessen scheinen die Ger\u00fcchte bez\u00fcglich der grafischen \u00dcberarbeitung von iOS und wohl auch der restlichen Betriebssysteme von Apple final best\u00e4tigt. Das Logo zur WWDC 2025 wurde nochmals \u00fcberarbeitet und","inLanguage":"de-DE","isPartOf":{"@id":"https:\/\/www.iphone-ticker.de\/#website"},"breadcrumb":{"@id":"https:\/\/www.iphone-ticker.de\/wwdc25-glas-logo-keine-hardware-und-macos-tahoe-257512\/#breadcrumblist"},"author":{"@id":"https:\/\/www.iphone-ticker.de\/author\/chris\/#author"},"creator":{"@id":"https:\/\/www.iphone-ticker.de\/author\/chris\/#author"},"image":{"@type":"ImageObject","url":"https:\/\/images.iphone-ticker.de\/wp-content\/uploads\/2025\/06\/wwdc-25-feature.jpg","@id":"https:\/\/www.iphone-ticker.de\/wwdc25-glas-logo-keine-hardware-und-macos-tahoe-257512\/#mainImage","width":960,"height":378,"caption":"Wwdc 25 Feature"},"primaryImageOfPage":{"@id":"https:\/\/www.iphone-ticker.de\/wwdc25-glas-logo-keine-hardware-und-macos-tahoe-257512\/#mainImage"},"datePublished":"2025-06-02T19:34:09+02:00","dateModified":"2025-06-02T19:34:09+02:00"},{"@type":"WebSite","@id":"https:\/\/www.iphone-ticker.de\/#website","url":"https:\/\/www.iphone-ticker.de\/","name":"iphone-ticker.de","description":"Alles zum iPhone. Seit 2007.","inLanguage":"de-DE","publisher":{"@id":"https:\/\/www.iphone-ticker.de\/#organization"}}]},"og:locale":"de_DE","og:site_name":"iphone-ticker.de | Alles zum iPhone. Seit 2007.","og:type":"article","og:title":"WWDC25: Glas-Logo, keine Hardware und macOS Tahoe | iphone-ticker.de","og:description":"Eine Woche vor dem Startschuss f\u00fcr die diesj\u00e4hrige Entwicklerkonferenz WWDC hat Apple die zugeh\u00f6rige Webseite \u00fcberarbeitet und seine Entwickler-App auf den neuesten Stand gebracht. Im Zuge dessen scheinen die Ger\u00fcchte bez\u00fcglich der grafischen \u00dcberarbeitung von iOS und wohl auch der restlichen Betriebssysteme von Apple final best\u00e4tigt. Das Logo zur WWDC 2025 wurde nochmals \u00fcberarbeitet und","og:url":"https:\/\/www.iphone-ticker.de\/wwdc25-glas-logo-keine-hardware-und-macos-tahoe-257512\/","article:published_time":"2025-06-02T17:34:09+00:00","article:modified_time":"2025-06-02T17:34:09+00:00","article:publisher":"https:\/\/facebook.com\/ifun.de","twitter:card":"summary_large_image","twitter:site":"@iphoneticker","twitter:title":"WWDC25: Glas-Logo, keine Hardware und macOS Tahoe | iphone-ticker.de","twitter:description":"Eine Woche vor dem Startschuss f\u00fcr die diesj\u00e4hrige Entwicklerkonferenz WWDC hat Apple die zugeh\u00f6rige Webseite \u00fcberarbeitet und seine Entwickler-App auf den neuesten Stand gebracht. Im Zuge dessen scheinen die Ger\u00fcchte bez\u00fcglich der grafischen \u00dcberarbeitung von iOS und wohl auch der restlichen Betriebssysteme von Apple final best\u00e4tigt. Das Logo zur WWDC 2025 wurde nochmals \u00fcberarbeitet und","twitter:creator":"@iphoneticker"},"aioseo_meta_data":{"post_id":"257512","title":null,"description":null,"keywords":null,"keyphrases":null,"primary_term":null,"canonical_url":null,"og_title":null,"og_description":null,"og_object_type":"default","og_image_type":"default","og_image_url":null,"og_image_width":null,"og_image_height":null,"og_image_custom_url":null,"og_image_custom_fields":null,"og_video":null,"og_custom_url":null,"og_article_section":null,"og_article_tags":null,"twitter_use_og":false,"twitter_card":"default","twitter_image_type":"default","twitter_image_url":null,"twitter_image_custom_url":null,"twitter_image_custom_fields":null,"twitter_title":null,"twitter_description":null,"schema":{"blockGraphs":[],"customGraphs":[],"default":{"data":{"Article":[],"Course":[],"Dataset":[],"FAQPage":[],"Movie":[],"Person":[],"Product":[],"ProductReview":[],"Car":[],"Recipe":[],"Service":[],"SoftwareApplication":[],"WebPage":[]},"graphName":"NewsArticle","isEnabled":true},"graphs":[]},"schema_type":"default","schema_type_options":null,"pillar_content":false,"robots_default":true,"robots_noindex":false,"robots_noarchive":false,"robots_nosnippet":false,"robots_nofollow":false,"robots_noimageindex":false,"robots_noodp":false,"robots_notranslate":false,"robots_max_snippet":null,"robots_max_videopreview":null,"robots_max_imagepreview":"large","priority":null,"frequency":null,"local_seo":null,"seo_analyzer_scan_date":null,"breadcrumb_settings":null,"limit_modified_date":false,"open_ai":null,"ai":null,"created":"2026-02-20 12:13:51","updated":"2026-03-10 20:56:33","focus_keyword":null,"additional_keywords":null,"truseo_locale":null},"aioseo_breadcrumb":"<div class=\"aioseo-breadcrumbs\"><span class=\"aioseo-breadcrumb\">\n\t<a href=\"https:\/\/www.iphone-ticker.de\" title=\"Home\">Home<\/a>\n<\/span><span class=\"aioseo-breadcrumb-separator\">\u00bb<\/span><span class=\"aioseo-breadcrumb\">\n\t<a href=\"https:\/\/www.iphone-ticker.de\/category\/news\/\" title=\"News\">News<\/a>\n<\/span><span class=\"aioseo-breadcrumb-separator\">\u00bb<\/span><span class=\"aioseo-breadcrumb\">\n\tWWDC25: Glas-Logo, keine Hardware und macOS Tahoe\n<\/span><\/div>","aioseo_breadcrumb_json":[{"label":"Home","link":"https:\/\/www.iphone-ticker.de"},{"label":"News","link":"https:\/\/www.iphone-ticker.de\/category\/news\/"},{"label":"WWDC25: Glas-Logo, keine Hardware und macOS Tahoe","link":"https:\/\/www.iphone-ticker.de\/wwdc25-glas-logo-keine-hardware-und-macos-tahoe-257512\/"}],"featured_image":["https:\/\/images.iphone-ticker.de\/wp-content\/uploads\/2025\/06\/wwdc-25-feature.jpg"],"subheadline":["Noch eine Woche"],"rest_api_enabler":{"featured_image":"https:\/\/images.iphone-ticker.de\/wp-content\/uploads\/2025\/06\/wwdc-25-feature.jpg","subheadline":"Noch eine Woche"},"_links":{"self":[{"href":"https:\/\/www.iphone-ticker.de\/apiv2\/wp\/v2\/posts\/257512","targetHints":{"allow":["GET"]}}],"collection":[{"href":"https:\/\/www.iphone-ticker.de\/apiv2\/wp\/v2\/posts"}],"about":[{"href":"https:\/\/www.iphone-ticker.de\/apiv2\/wp\/v2\/types\/post"}],"author":[{"embeddable":true,"href":"https:\/\/www.iphone-ticker.de\/apiv2\/wp\/v2\/users\/2"}],"replies":[{"embeddable":true,"href":"https:\/\/www.iphone-ticker.de\/apiv2\/wp\/v2\/comments?post=257512"}],"version-history":[{"count":4,"href":"https:\/\/www.iphone-ticker.de\/apiv2\/wp\/v2\/posts\/257512\/revisions"}],"predecessor-version":[{"id":257519,"href":"https:\/\/www.iphone-ticker.de\/apiv2\/wp\/v2\/posts\/257512\/revisions\/257519"}],"wp:featuredmedia":[{"embeddable":true,"href":"https:\/\/www.iphone-ticker.de\/apiv2\/wp\/v2\/media\/257514"}],"wp:attachment":[{"href":"https:\/\/www.iphone-ticker.de\/apiv2\/wp\/v2\/media?parent=257512"}],"wp:term":[{"taxonomy":"category","embeddable":true,"href":"https:\/\/www.iphone-ticker.de\/apiv2\/wp\/v2\/categories?post=257512"},{"taxonomy":"post_tag","embeddable":true,"href":"https:\/\/www.iphone-ticker.de\/apiv2\/wp\/v2\/tags?post=257512"}],"curies":[{"name":"wp","href":"https:\/\/api.w.org\/{rel}","templated":true}]}}