{"id":25701,"date":"2011-10-05T15:04:19","date_gmt":"2011-10-05T13:04:19","guid":{"rendered":"http:\/\/www.iphone-ticker.de\/?p=25701"},"modified":"2011-10-05T15:40:18","modified_gmt":"2011-10-05T13:40:18","slug":"zweilzeiler-telekom-sms-zdf-zulieferer-bericht-billige-handschuhe-und-mehr","status":"publish","type":"post","link":"https:\/\/www.iphone-ticker.de\/zweilzeiler-telekom-sms-zdf-zulieferer-bericht-billige-handschuhe-und-mehr-25701\/","title":{"rendered":"Zweizeiler: Telekom SMS, ZDF Zulieferer-Bericht, billige Handschuhe und mehr"},"content":{"rendered":"<p>Mit kleinen Schritten in Richtung Tagesgesch\u00e4ft werfen wir einen Blick auf unseren eMail-Eingang, die PremierenTicket-Strategie der Telekom und drei erw\u00e4hnenswerte aber nicht wirklich umwerfende Schlagzeilen:<\/p>\n<ul>\n<li><strong>Telekom SMS<\/strong>: Aufbauen auf ihre &#8222;<a href=\"http:\/\/www.iphone-ticker.de\/telekom-premieren-ticket-2-25223\/\">Premieren Ticket<\/a>&#8222;-Aktion hat die Telekom ihre Bestandskunden bereits gestern \u00fcber den anstehenden Verkaufsstart des iPhone 4S informiert. Der wenig spezifische Text: &#8222;Apple hat die neuen iPhones vorgestellt. Ihre Vormerkung liegt uns vor. Sie k\u00f6nnen ab dem 07.10.2011 im T-Shop bestellen. Weitere Details in K\u00fcrze. Ihre Telekom&#8220; &#8211; Danke Chris, Mirko, Thomas &#038; Stefan<\/li>\n<\/ul>\n<p><img loading=\"lazy\" decoding=\"async\" src=\"http:\/\/www.iphone-ticker.de\/wp-content\/uploads\/2011\/10\/telekomsms.jpg\" alt=\"\" title=\"telekomsms\" width=\"440\" height=\"201\" class=\"aligncenter size-full wp-image-25702\" srcset=\"https:\/\/images.iphone-ticker.de\/wp-content\/uploads\/2011\/10\/telekomsms.jpg 440w, https:\/\/images.iphone-ticker.de\/wp-content\/uploads\/2011\/10\/telekomsms-300x137.jpg 300w\" sizes=\"auto, (max-width: 440px) 100vw, 440px\" \/><\/p>\n<ul>\n<li><strong>ZDF Zulieferer-Bericht<\/strong>: Aufbauend auf den <a href=\"http:\/\/www.iphone-ticker.de\/erneute-vorwurfe-gegen-apple-zulieferer-foxconn-250-arbeitsstunden-pro-monat-209e-gehalt-25577\/\">gestern besprochenen<\/a> TAZ-Artikel, hat sich jetzt auch das ZDF noch mal den in China beheimateten Apple-Zulieferern Wintek und Foxconn angenommen. Unter der Klick-freundlichen \u00dcberschrift &#8222;<a href=\"http:\/\/frontal21.zdf.de\/ZDFde\/inhalt\/16\/0,1872,8355632,00.html\">Ausgebeutet f\u00fcr das iPhone<\/a>&#8220; pr\u00e4sentiert Frontal 21 hier einen sechs Minuten langen Video-Bericht zum Thema. Immer wieder schade: Anstatt den Zuschauer f\u00fcr die grunds\u00e4tzlichen Missst\u00e4nde zu sensibilisieren, liegt der Fokus einmal mehr auf Apples Produktlinie. Das <a href=\"http:\/\/www.youtube.com\/watch?v=BB1FJFWgUW0\">Video (Youtube-Link<\/a>) haben wir unten eingebttet. Danke Sebastian.<\/li>\n<\/ul>\n<p><!--more--><\/p>\n<ul>\n<li><strong>Preiswerte iPhone-Handschuhe<\/strong>: Nach der <a href=\"http:\/\/www.iphone-ticker.de\/4e-iphone-handschuhe-in-der-metro-25363\/\">Metro-Aktion<\/a>, bietet nun auch der <a href=\"http:\/\/www.tedi-discount.com\/\">Discounter TEDI<\/a> iPhone-Handschuhe f\u00fcr 3\u20ac das Paar an. Auch hier bedanken wir uns f\u00fcr alle eMails zum Thema. <\/li>\n<\/ul>\n<p><img loading=\"lazy\" decoding=\"async\" src=\"http:\/\/www.iphone-ticker.de\/wp-content\/uploads\/2011\/10\/touchtedi.jpg\" alt=\"\" title=\"touchtedi\" width=\"440\" height=\"183\" class=\"aligncenter size-full wp-image-25703\" srcset=\"https:\/\/images.iphone-ticker.de\/wp-content\/uploads\/2011\/10\/touchtedi.jpg 440w, https:\/\/images.iphone-ticker.de\/wp-content\/uploads\/2011\/10\/touchtedi-300x124.jpg 300w\" sizes=\"auto, (max-width: 440px) 100vw, 440px\" \/><\/p>\n<ul>\n<li><strong>Journalismus in der Krise<\/strong>: Die Zyniker der TITANIC rechnen mit dem Journalisten-Hype im Vorfeld der iPhone 4S-Vorstellung ab. &#8222;Das neue I-Phone 4S entt\u00e4uscht Journalisten auf der ganzen Welt. Es ist zwar nicht so richtig schlecht, aber auch nicht so richtig gut&#8220;. Ein <a href=\"http:\/\/www.titanic-magazin.de\/news.html?&#038;tx_ttnews%5Btt_news%5D=4502&#038;cHash=a19a1b129af279f8c5ce446e66527e8f\">Lesetipp<\/a>.<\/li>\n<\/ul>\n<ul>\n<li><strong>Apple bittet um iOS 5-kompatible Apps<\/strong>: Mit einer kurzen Mail an die registrierten iPhone-Entwickler hat Apple heute um die Einreichung iOS 5-optimierter Applikationen gebeten. Wer die eigenen Updates schnell in den App Store \u00fcbertr\u00e4gt, d\u00fcrfte sich \u00fcber die Freigage zum iOS 5 Start am 12. Oktober freuen k\u00f6nnen.<\/li>\n<\/ul>\n<ul>\n<li><strong>Samsung geht gegen das iPhone 4S vor<\/strong>: <a href=\"http:\/\/www.iphone-ticker.de\/samsung-iphone-5-verkaufsstopp-24999\/\">Wie angek\u00fcndigt<\/a> hat Samsung nun die ersten Schritte gegen den iPhone 4S-Verkauf in Europa eingeleitet und versucht derzeit den Verkauf des neuen iPhone-Modells <a href=\"http:\/\/online.wsj.com\/article\/SB10001424052970203476804576612263249472784.html?mod=WSJEUROPE_hpp_LEFTTopWhatNews\">in Frankreich und Italien zu unterbinden<\/a>. Man habe sich die beiden Kernm\u00e4rkte ausgesucht um ein Zeichen im anhaltenden Patentstreit mit Apple zu setzen. Sobald wir hier auf eine Entscheidung zurollen melden wir uns noch mal.<\/li>\n<\/ul>\n<p><div class=\"responsive-video\"><iframe loading=\"lazy\" width=\"464\" height=\"300\" src=\"http:\/\/www.youtube-nocookie.com\/embed\/BB1FJFWgUW0?hl=en&#038;fs=1\" frameborder=\"0\" allowfullscreen><\/iframe><\/div><\/p>\n","protected":false},"excerpt":{"rendered":"<a href=\"https:\/\/www.iphone-ticker.de\/zweilzeiler-telekom-sms-zdf-zulieferer-bericht-billige-handschuhe-und-mehr-25701\/\"><img width=\"150\" height=\"150\" src=\"https:\/\/images.iphone-ticker.de\/wp-content\/uploads\/2011\/10\/touchtedi-150x150.jpg\" class=\"alignright tfe wp-post-image\" alt=\"\" decoding=\"async\" loading=\"lazy\" \/><\/a><p>Mit kleinen Schritten in Richtung Tagesgesch\u00e4ft werfen wir einen Blick auf unseren eMail-Eingang, die PremierenTicket-Strategie der Telekom und drei erw\u00e4hnenswerte aber nicht wirklich umwerfende Schlagzeilen: Telekom SMS: Aufbauen auf ihre &#8222;Premieren Ticket&#8222;-Aktion hat die Telekom ihre Bestandskunden bereits gestern \u00fcber den anstehenden Verkaufsstart des iPhone 4S informiert. Der wenig spezifische Text: &#8222;Apple hat die neuen [&hellip;]<\/p>\n","protected":false},"author":1,"featured_media":25703,"comment_status":"open","ping_status":"closed","sticky":false,"template":"","format":"standard","meta":{"footnotes":""},"categories":[750],"tags":[32,147,452,124,363,12,8,5239],"class_list":["post-25701","post","type-post","status-publish","format-standard","has-post-thumbnail","hentry","category-kurznachrichten","tag-kritik","tag-recht","tag-sparen","tag-tarif","tag-telekom","tag-vertrag","tag-video","tag-zubehoer"],"aioseo_notices":[],"rest_api_enabler":[],"_links":{"self":[{"href":"https:\/\/www.iphone-ticker.de\/apiv2\/wp\/v2\/posts\/25701","targetHints":{"allow":["GET"]}}],"collection":[{"href":"https:\/\/www.iphone-ticker.de\/apiv2\/wp\/v2\/posts"}],"about":[{"href":"https:\/\/www.iphone-ticker.de\/apiv2\/wp\/v2\/types\/post"}],"author":[{"embeddable":true,"href":"https:\/\/www.iphone-ticker.de\/apiv2\/wp\/v2\/users\/1"}],"replies":[{"embeddable":true,"href":"https:\/\/www.iphone-ticker.de\/apiv2\/wp\/v2\/comments?post=25701"}],"version-history":[{"count":2,"href":"https:\/\/www.iphone-ticker.de\/apiv2\/wp\/v2\/posts\/25701\/revisions"}],"predecessor-version":[{"id":25707,"href":"https:\/\/www.iphone-ticker.de\/apiv2\/wp\/v2\/posts\/25701\/revisions\/25707"}],"wp:featuredmedia":[{"embeddable":true,"href":"https:\/\/www.iphone-ticker.de\/apiv2\/wp\/v2\/media\/25703"}],"wp:attachment":[{"href":"https:\/\/www.iphone-ticker.de\/apiv2\/wp\/v2\/media?parent=25701"}],"wp:term":[{"taxonomy":"category","embeddable":true,"href":"https:\/\/www.iphone-ticker.de\/apiv2\/wp\/v2\/categories?post=25701"},{"taxonomy":"post_tag","embeddable":true,"href":"https:\/\/www.iphone-ticker.de\/apiv2\/wp\/v2\/tags?post=25701"}],"curies":[{"name":"wp","href":"https:\/\/api.w.org\/{rel}","templated":true}]}}