{"id":256661,"date":"2025-05-16T15:10:39","date_gmt":"2025-05-16T13:10:39","guid":{"rendered":"https:\/\/www.iphone-ticker.de\/?p=256661"},"modified":"2025-05-26T16:28:05","modified_gmt":"2025-05-26T14:28:05","slug":"bremen-fuehrt-generelles-handyverbot-an-schulen-ein","status":"publish","type":"post","link":"https:\/\/www.iphone-ticker.de\/bremen-fuehrt-generelles-handyverbot-an-schulen-ein-256661\/","title":{"rendered":"Bremen f\u00fchrt generelles Handyverbot an Schulen ein"},"content":{"rendered":"<p>Ab dem 1. Juni gilt in Bremen an allen Grundschulen sowie an allen weiterf\u00fchrenden \u00f6ffentlichen Schulen bis zur 10. Klasse ein einheitliches Handyverbot.<\/p>\n<p>Dieser Entscheidung sind der <a href=\"https:\/\/www.senatspressestelle.bremen.de\/pressemitteilungen\/bildungsbehoerde-fuehrt-handyverbot-an-schulen-ein-468572\">Bremer Bildungsbeh\u00f6rde<\/a> zufolge intensive Diskussionen in medizinischen, p\u00e4dagogischen und bildungspolitischen Fachkreisen vorausgegangen. Der Beschluss st\u00fctze sich insbesondere auf wissenschaftliche Erkenntnisse, die vor negativen Auswirkungen exzessiver Smartphone-Nutzung im Schulalltag warnen.<\/p>\n<p>Bislang hatten die Schulen in Bremen eigene Regeln zur Nutzung von Smartphones und \u00e4hnlichen Ger\u00e4ten festgelegt, die teils stark voneinander abwichen. Mit dem neuen Erlass soll nun ein verbindlicher Rahmen f\u00fcr alle \u00f6ffentlichen Schulen geschaffen werden. Der Gebrauch privater Mobiltelefone im Schulalltag ist k\u00fcnftig grunds\u00e4tzlich untersagt. Sch\u00fclerinnen und Sch\u00fcler d\u00fcrfen ihre Ger\u00e4te zwar mitbringen, diese m\u00fcssen aber w\u00e4hrend des gesamten Schultages ausgeschaltet in der Tasche bleiben.<\/p>\n<p><a href=\"https:\/\/images.iphone-ticker.de\/wp-content\/uploads\/2025\/05\/handyverbot-an-schulen.jpg\"><img loading=\"lazy\" decoding=\"async\" src=\"https:\/\/images.iphone-ticker.de\/wp-content\/uploads\/2025\/05\/handyverbot-an-schulen-700x511.jpg\" alt=\"Handyverbot An Schulen\" width=\"700\" height=\"511\" class=\"alignnone size-large wp-image-256663\" srcset=\"https:\/\/images.iphone-ticker.de\/wp-content\/uploads\/2025\/05\/handyverbot-an-schulen-700x511.jpg 700w, https:\/\/images.iphone-ticker.de\/wp-content\/uploads\/2025\/05\/handyverbot-an-schulen-500x365.jpg 500w, https:\/\/images.iphone-ticker.de\/wp-content\/uploads\/2025\/05\/handyverbot-an-schulen.jpg 1400w\" sizes=\"auto, (max-width: 700px) 100vw, 700px\" \/><\/a><\/p>\n<p>Ausnahmen sieht die Regelung nur in wenigen F\u00e4llen vor, etwa wenn die Nutzung des Ger\u00e4ts aus medizinischen Gr\u00fcnden erforderlich ist. Ziel ist es laut Bildungsbeh\u00f6rde, Ablenkungen zu reduzieren und die Konzentration im Unterricht zu f\u00f6rdern.<\/p>\n<h2>Gesundheitliche und soziale Aspekte im Fokus<\/h2>\n<p>Die Entscheidung beruht der Bildungsbeh\u00f6rde zufolge auf verschiedenen Studien und Einsch\u00e4tzungen, laut denen die Nutzung mobiler Endger\u00e4te w\u00e4hrend des Schultags sowohl die schulische Leistung als auch das soziale Verhalten negativ beeinflussen k\u00f6nne. Kinder\u00e4rzte weisen in diesem Zusammenhang schon l\u00e4nger auf gesundheitliche Risiken wie Schlafmangel, Bewegungsdefizite und eine m\u00f6gliche Suchtentwicklung hin.<\/p>\n<p>Die Bildungsbeh\u00f6rde verweist in diesem Zusammenhang auf die Verantwortung der Schule, Kindern gesunde Alltagsgewohnheiten zu vermitteln. Dazu z\u00e4hle auch, in den Pausen soziale Interaktionen zu f\u00f6rdern und k\u00f6rperliche Aktivit\u00e4t auf dem Schulhof zu erm\u00f6glichen.<\/p>\n<p>Bremen steht mit dieser Entscheidung nicht allein. Auch andere Bundesl\u00e4nder wie <a href=\"https:\/\/www.iphone-ticker.de\/hessen-plant-flaechendeckendes-handyverbot-an-schulen-252973\/\" title=\"Hessen plant fl\u00e4chendeckendes Handyverbot an Schulen\">Hessen<\/a>, <a href=\"https:\/\/www.iphone-ticker.de\/baden-wuerttemberg-handynutzung-an-schulen-soll-eingeschraenkt-werden-252714\/\" title=\"Baden-W\u00fcrttemberg: Handynutzung an Schulen soll eingeschr\u00e4nkt werden\">Baden-W\u00fcrttemberg<\/a> und <a href=\"https:\/\/www.iphone-ticker.de\/baden-wuerttemberg-handynutzung-an-schulen-soll-eingeschraenkt-werden-252714\/\" title=\"Baden-W\u00fcrttemberg: Handynutzung an Schulen soll eingeschr\u00e4nkt werden\">Berlin<\/a> setzen hier auf einheitliche Vorgaben.<img loading=\"lazy\" decoding=\"async\" src=\"https:\/\/vg07.met.vgwort.de\/na\/ca4b4de93d124424b8baba5507afaa3c\" width=\"1\" height=\"1\" no-lazy class=\"tracking\"><\/p>\n","protected":false},"excerpt":{"rendered":"<a href=\"https:\/\/www.iphone-ticker.de\/bremen-fuehrt-generelles-handyverbot-an-schulen-ein-256661\/\"><img width=\"150\" height=\"150\" src=\"https:\/\/images.iphone-ticker.de\/wp-content\/uploads\/2025\/05\/handyverbot-feature-150x150.jpg\" class=\"alignright tfe wp-post-image\" alt=\"Handyverbot Feature\" decoding=\"async\" loading=\"lazy\" \/><\/a><p>Ab dem 1. Juni gilt in Bremen an allen Grundschulen sowie an allen weiterf\u00fchrenden \u00f6ffentlichen Schulen bis zur 10. Klasse ein einheitliches Handyverbot. Dieser Entscheidung sind der Bremer Bildungsbeh\u00f6rde zufolge intensive Diskussionen in medizinischen, p\u00e4dagogischen und bildungspolitischen Fachkreisen vorausgegangen. Der Beschluss st\u00fctze sich insbesondere auf wissenschaftliche Erkenntnisse, die vor negativen Auswirkungen exzessiver Smartphone-Nutzung im Schulalltag [&hellip;]<\/p>\n","protected":false},"author":2,"featured_media":256664,"comment_status":"open","ping_status":"closed","sticky":false,"template":"","format":"standard","meta":{"footnotes":""},"categories":[1,1975],"tags":[485,7112,7113],"class_list":["post-256661","post","type-post","status-publish","format-standard","has-post-thumbnail","hentry","category-news","category-feature","tag-bildung","tag-handyverbot","tag-schulen"],"aioseo_notices":[],"subheadline":["Ab n\u00e4chstem Monat","Ab n\u00e4chstem Monat"],"featured_image":["https:\/\/images.iphone-ticker.de\/wp-content\/uploads\/2025\/05\/handyverbot-feature.jpg"],"rest_api_enabler":{"subheadline":["Ab n\u00e4chstem Monat","Ab n\u00e4chstem Monat"],"featured_image":"https:\/\/images.iphone-ticker.de\/wp-content\/uploads\/2025\/05\/handyverbot-feature.jpg"},"_links":{"self":[{"href":"https:\/\/www.iphone-ticker.de\/apiv2\/wp\/v2\/posts\/256661","targetHints":{"allow":["GET"]}}],"collection":[{"href":"https:\/\/www.iphone-ticker.de\/apiv2\/wp\/v2\/posts"}],"about":[{"href":"https:\/\/www.iphone-ticker.de\/apiv2\/wp\/v2\/types\/post"}],"author":[{"embeddable":true,"href":"https:\/\/www.iphone-ticker.de\/apiv2\/wp\/v2\/users\/2"}],"replies":[{"embeddable":true,"href":"https:\/\/www.iphone-ticker.de\/apiv2\/wp\/v2\/comments?post=256661"}],"version-history":[{"count":5,"href":"https:\/\/www.iphone-ticker.de\/apiv2\/wp\/v2\/posts\/256661\/revisions"}],"predecessor-version":[{"id":256669,"href":"https:\/\/www.iphone-ticker.de\/apiv2\/wp\/v2\/posts\/256661\/revisions\/256669"}],"wp:featuredmedia":[{"embeddable":true,"href":"https:\/\/www.iphone-ticker.de\/apiv2\/wp\/v2\/media\/256664"}],"wp:attachment":[{"href":"https:\/\/www.iphone-ticker.de\/apiv2\/wp\/v2\/media?parent=256661"}],"wp:term":[{"taxonomy":"category","embeddable":true,"href":"https:\/\/www.iphone-ticker.de\/apiv2\/wp\/v2\/categories?post=256661"},{"taxonomy":"post_tag","embeddable":true,"href":"https:\/\/www.iphone-ticker.de\/apiv2\/wp\/v2\/tags?post=256661"}],"curies":[{"name":"wp","href":"https:\/\/api.w.org\/{rel}","templated":true}]}}