{"id":256024,"date":"2025-05-07T16:07:11","date_gmt":"2025-05-07T14:07:11","guid":{"rendered":"https:\/\/www.iphone-ticker.de\/?p=256024"},"modified":"2025-05-07T16:07:11","modified_gmt":"2025-05-07T14:07:11","slug":"post-synchronisiert-meine-marken-netzagentur-bereitet-mobilfunk-messwoche-vor","status":"publish","type":"post","link":"https:\/\/www.iphone-ticker.de\/post-synchronisiert-meine-marken-netzagentur-bereitet-mobilfunk-messwoche-vor-256024\/","title":{"rendered":"Post synchronisiert &#8222;Meine Marken&#8220;, Netzagentur bereitet Mobilfunk-Messwoche vor"},"content":{"rendered":"<p>Die Post hat ihre App <a href=\"https:\/\/apps.apple.com\/de\/app\/post-dhl\/id329315203\" title=\"Post &amp; DHL\">Post &amp; DHL<\/a> auf Version 9.13 angehoben und mit dem Update den Leistungsumfang der Funktion \u201eMeine Marken\u201c erweitert. Wenn man die Anwendung auf unterschiedlichen Ger\u00e4ten benutzt, werden die Inhalte in diesem Bereich fortan automatisch zwischen diesen synchronisiert.<\/p>\n<p>F\u00fcr diese Funktion wird vorausgesetzt, dass man \u00fcber ein Benutzerkonto bei DHL verf\u00fcgt und damit in der App angemeldet ist. Die neue Synchronisierungsfunktion soll daf\u00fcr sorgen, dass s\u00e4mtliche Versandmarken und Retouren automatisch auf allen Ger\u00e4ten des Nutzers verf\u00fcgbar sind. Zudem werden Marken, die man als angemeldeter Nutzer auf der Post-Webseite dhl.de erwirbt, ebenfalls automatisch auf allen Ger\u00e4ten zu \u201eMeine Marken\u201c hinzugef\u00fcgt.<\/p>\n<p><a href=\"https:\/\/images.iphone-ticker.de\/wp-content\/uploads\/2024\/09\/post-app-screenshots-versandmarken.png\"><img loading=\"lazy\" decoding=\"async\" src=\"https:\/\/images.iphone-ticker.de\/wp-content\/uploads\/2024\/09\/post-app-screenshots-versandmarken-700x633.png\" alt=\"Post App Screenshots Versandmarken\" width=\"700\" height=\"633\" class=\"alignnone size-large wp-image-242681\" srcset=\"https:\/\/images.iphone-ticker.de\/wp-content\/uploads\/2024\/09\/post-app-screenshots-versandmarken-700x633.png 700w, https:\/\/images.iphone-ticker.de\/wp-content\/uploads\/2024\/09\/post-app-screenshots-versandmarken-500x452.png 500w, https:\/\/images.iphone-ticker.de\/wp-content\/uploads\/2024\/09\/post-app-screenshots-versandmarken.png 1400w\" sizes=\"auto, (max-width: 700px) 100vw, 700px\" \/><\/a><\/p>\n<p>Der Bereich \u201eMeine Marken\u201c wurde vor einem halben Jahr in die App der Post integriert, damit man die pers\u00f6nlichen Versand- und Retourenmarken stets zum schnellen Zugriff bereit hat.<\/p>\n<!-- WP-Appbox (Version: 4.5.9 \/\/ Store: appstore \/\/ ID: 329315203) -->\t<!-- app-link -->\n\t<div id=\"article-single-app-preview\">\n\t\t<div id=\"article-single-app-preview-header\">\n\t\t\t<span class=\"title\">Laden im App Store<\/span>\n\t\t<\/div>\n\t\t<div id=\"article-single-app-preview-content\">\n\t\t\t<div id=\"article-single-app-preview-img\"><img loading=\"lazy\" decoding=\"async\" src=\"\/\/www.iphone-ticker.de\/wp-content\/cache\/wp-appbox\/6970f695afa33475b309cb27c92182df\/ai-cdc3691fb7d04ea16514409f7a1d1bb3\" alt=\"Post & DHL\"  height=\"72\" width=\"72\" class=\"asl-icon-img\" \/><\/div>\n\t\t\t<div id=\"article-single-app-preview-desc\">\n\t\t\t\t<span class=\"name\">Post & DHL<\/span><br \/>\n\t\t\t\t<span class=\"seller\">Entwickler: <a target=\"_blank\" rel=\"nofollow\" href=\"https:\/\/apps.apple.com\/de\/developer\/deutsche-post-ag\/id318784360\">Deutsche Post AG<\/a><\/span>\n\t\t\t<\/div>\n\t\t\t<a target=\"_blank\" rel=\"nofollow\" href=\"https:\/\/apps.apple.com\/de\/app\/post-dhl\/id329315203\"><div id=\"article-single-app-preview-download\">Preis: Kostenlos<br \/>\n\t\t\t<span class=\"size\">Laden<\/span><\/div><\/a>\n\t\t<\/div>\n\t\t<!-- <div id=\"article-single-app-preview-footer\"><\/div>\t-->\n\t<\/div>\n\t<!-- app-link\/ende --><!-- \/WP-Appbox -->\n<h2>Mobilfunk-Messwoche gegen Funkl\u00f6cher<\/h2>\n<p>Auch die von der Bundesnetzagentur bereitgestellte App <a href=\"https:\/\/apps.apple.com\/de\/app\/breitbandmessung\/id1037354483\">Breitbandmessung<\/a> wurde aktualisiert. Hier sind wir bei Version 2.7.0 angelangt und mit dem aktuellen Update wurde die Anwendung f\u00fcr die in diesem Jahr zum ersten Mal stattfindende bundesweite Mobilfunk-Messwoche vorbereitet.<\/p>\n<p><a href=\"https:\/\/images.iphone-ticker.de\/wp-content\/uploads\/2025\/05\/deutschland-checkt-sein-netz.png\"><img loading=\"lazy\" decoding=\"async\" src=\"https:\/\/images.iphone-ticker.de\/wp-content\/uploads\/2025\/05\/deutschland-checkt-sein-netz-700x286.png\" alt=\"Deutschland Checkt Sein Netz\" width=\"700\" height=\"286\" class=\"alignnone size-large wp-image-256026\" srcset=\"https:\/\/images.iphone-ticker.de\/wp-content\/uploads\/2025\/05\/deutschland-checkt-sein-netz-700x286.png 700w, https:\/\/images.iphone-ticker.de\/wp-content\/uploads\/2025\/05\/deutschland-checkt-sein-netz-500x204.png 500w, https:\/\/images.iphone-ticker.de\/wp-content\/uploads\/2025\/05\/deutschland-checkt-sein-netz.png 1400w\" sizes=\"auto, (max-width: 700px) 100vw, 700px\" \/><\/a><\/p>\n<p>Falls ihr euch jetzt fragt, was das ist: Bei der Mobilfunk-Messwoche geht es der Bundesnetzagentur darum, ein realistischeres Bild davon zu bekommen, wie gut der Mobilfunk aus Sicht der Nutzer tats\u00e4chlich funktioniert. Zwar gibt es bereits solche Daten, diese decken jedoch nicht alle Regionen ab und spiegeln die tats\u00e4chliche Empfangsqualit\u00e4t nicht immer verl\u00e4sslich wider. Mit Hilfe zus\u00e4tzlicher und m\u00f6glichst fl\u00e4chendeckender Messungen will die Netzagentur die Datenlage verbessern, L\u00fccken schlie\u00dfen und besser erkennen, wo es gut l\u00e4uft und wo es noch Nachholbedarf gibt.<\/p>\n<p>Um hier mitzumachen, ist kein Benutzerkonto erforderlich. Es wird lediglich ein Mobiltelefon mit aktueller Software und die Breitbandmessung-App vorausgesetzt. Die Messungen finden ausschlie\u00dflich im Mobilfunknetz statt. Ihr k\u00f6nnt auch den Empfang zuhause erfassen und melden, achtet hierf\u00fcr aber darauf, dass die WLAN-Verbindung deaktiviert ist.<\/p>\n<p>Die Mobilfunk-Messwoche findet vom 26. Mai bis zum 1. Juni 2025 statt.<img loading=\"lazy\" decoding=\"async\" src=\"https:\/\/vg04.met.vgwort.de\/na\/22c35ba9cec340bb88ce7471fbf656f6\" width=\"1\" height=\"1\" no-lazy class=\"tracking\"><\/p>\n<!-- WP-Appbox (Version: 4.5.9 \/\/ Store: appstore \/\/ ID: 1037354483) -->\t<!-- app-link -->\n\t<div id=\"article-single-app-preview\">\n\t\t<div id=\"article-single-app-preview-header\">\n\t\t\t<span class=\"title\">Laden im App Store<\/span>\n\t\t<\/div>\n\t\t<div id=\"article-single-app-preview-content\">\n\t\t\t<div id=\"article-single-app-preview-img\"><img loading=\"lazy\" decoding=\"async\" src=\"\/\/www.iphone-ticker.de\/wp-content\/cache\/wp-appbox\/69a504f2b70a157ca9414659b5735a4d\/ai-5493b8bad2fad002e23b641ffaf035e3\" alt=\"Breitbandmessung\"  height=\"72\" width=\"72\" class=\"asl-icon-img\" \/><\/div>\n\t\t\t<div id=\"article-single-app-preview-desc\">\n\t\t\t\t<span class=\"name\">Breitbandmessung<\/span><br \/>\n\t\t\t\t<span class=\"seller\">Entwickler: <a target=\"_blank\" rel=\"nofollow\" href=\"https:\/\/apps.apple.com\/de\/developer\/zafaco\/id739660149\">zafaco<\/a><\/span>\n\t\t\t<\/div>\n\t\t\t<a target=\"_blank\" rel=\"nofollow\" href=\"https:\/\/apps.apple.com\/de\/app\/breitbandmessung\/id1037354483\"><div id=\"article-single-app-preview-download\">Preis: Kostenlos<br \/>\n\t\t\t<span class=\"size\">Laden<\/span><\/div><\/a>\n\t\t<\/div>\n\t\t<!-- <div id=\"article-single-app-preview-footer\"><\/div>\t-->\n\t<\/div>\n\t<!-- app-link\/ende --><!-- \/WP-Appbox -->\n","protected":false},"excerpt":{"rendered":"<a href=\"https:\/\/www.iphone-ticker.de\/post-synchronisiert-meine-marken-netzagentur-bereitet-mobilfunk-messwoche-vor-256024\/\"><img width=\"150\" height=\"150\" src=\"https:\/\/images.iphone-ticker.de\/wp-content\/uploads\/2025\/05\/post-breitbandmessung-feature-150x150.jpg\" class=\"alignright tfe wp-post-image\" alt=\"Post Breitbandmessung Feature\" decoding=\"async\" loading=\"lazy\" \/><\/a><p>Die Post hat ihre App Post &amp; DHL auf Version 9.13 angehoben und mit dem Update den Leistungsumfang der Funktion \u201eMeine Marken\u201c erweitert. Wenn man die Anwendung auf unterschiedlichen Ger\u00e4ten benutzt, werden die Inhalte in diesem Bereich fortan automatisch zwischen diesen synchronisiert. F\u00fcr diese Funktion wird vorausgesetzt, dass man \u00fcber ein Benutzerkonto bei DHL verf\u00fcgt [&hellip;]<\/p>\n","protected":false},"author":2,"featured_media":256029,"comment_status":"open","ping_status":"closed","sticky":false,"template":"","format":"standard","meta":{"footnotes":""},"categories":[39],"tags":[3914,4639,5552],"class_list":["post-256024","post","type-post","status-publish","format-standard","has-post-thumbnail","hentry","category-apps","tag-apps","tag-breitbandmessung","tag-post-dhl"],"aioseo_notices":[],"subheadline":["Apps um neue Funktionen erweitert"],"featured_image":["https:\/\/images.iphone-ticker.de\/wp-content\/uploads\/2025\/05\/post-breitbandmessung-feature.jpg"],"rest_api_enabler":{"subheadline":"Apps um neue Funktionen erweitert","featured_image":"https:\/\/images.iphone-ticker.de\/wp-content\/uploads\/2025\/05\/post-breitbandmessung-feature.jpg"},"_links":{"self":[{"href":"https:\/\/www.iphone-ticker.de\/apiv2\/wp\/v2\/posts\/256024","targetHints":{"allow":["GET"]}}],"collection":[{"href":"https:\/\/www.iphone-ticker.de\/apiv2\/wp\/v2\/posts"}],"about":[{"href":"https:\/\/www.iphone-ticker.de\/apiv2\/wp\/v2\/types\/post"}],"author":[{"embeddable":true,"href":"https:\/\/www.iphone-ticker.de\/apiv2\/wp\/v2\/users\/2"}],"replies":[{"embeddable":true,"href":"https:\/\/www.iphone-ticker.de\/apiv2\/wp\/v2\/comments?post=256024"}],"version-history":[{"count":3,"href":"https:\/\/www.iphone-ticker.de\/apiv2\/wp\/v2\/posts\/256024\/revisions"}],"predecessor-version":[{"id":256028,"href":"https:\/\/www.iphone-ticker.de\/apiv2\/wp\/v2\/posts\/256024\/revisions\/256028"}],"wp:featuredmedia":[{"embeddable":true,"href":"https:\/\/www.iphone-ticker.de\/apiv2\/wp\/v2\/media\/256029"}],"wp:attachment":[{"href":"https:\/\/www.iphone-ticker.de\/apiv2\/wp\/v2\/media?parent=256024"}],"wp:term":[{"taxonomy":"category","embeddable":true,"href":"https:\/\/www.iphone-ticker.de\/apiv2\/wp\/v2\/categories?post=256024"},{"taxonomy":"post_tag","embeddable":true,"href":"https:\/\/www.iphone-ticker.de\/apiv2\/wp\/v2\/tags?post=256024"}],"curies":[{"name":"wp","href":"https:\/\/api.w.org\/{rel}","templated":true}]}}