{"id":255291,"date":"2025-05-02T15:25:31","date_gmt":"2025-05-02T13:25:31","guid":{"rendered":"https:\/\/www.iphone-ticker.de\/?p=255291"},"modified":"2025-05-02T15:25:31","modified_gmt":"2025-05-02T13:25:31","slug":"tim-cook-zu-siri-verschiebung-wir-machen-fortschritte","status":"publish","type":"post","link":"https:\/\/www.iphone-ticker.de\/tim-cook-zu-siri-verschiebung-wir-machen-fortschritte-255291\/","title":{"rendered":"Tim Cook zu Siri-Verschiebung: Wir machen Fortschritte"},"content":{"rendered":"<p>\u00dcber die von Apple ver\u00f6ffentlichten Finanzergebnisse aus dem zweiten Quartal im aktuellen Gesch\u00e4ftsjahr des Unternehmens haben wir bereits <a href=\"https:\/\/www.ifun.de\/apple-quartalszahlen-services-kategorie-erneut-mit-allzeithoch-253701\/\" title=\"Apple-Quartalszahlen: Services-Kategorie erneut mit Allzeithoch\">berichtet<\/a>. Im Anschluss an die Pr\u00e4sentation hat sich der Apple-Chef wie gewohnt den Fragen von Journalisten und Analysten gestellt. Wie zu erwarten war, kam hier auch die verz\u00f6gerte Einf\u00fchrung von \u201eApple Intelligence\u201c zur Sprache.<\/p>\n<p>Apple hat den grundlegenden Funktionsumfang von \u201eApple Intelligence\u201c bereits im Juni vergangenen Jahres angek\u00fcndigt. Die dabei ebenfalls vorgestellten KI-gest\u00fctzten Siri-Funktionen sollten eigentlich im M\u00e4rz mit iOS 18.4 aufs iPhone kommen, wurden jedoch kurz zuvor auf unbestimmte Zeit <a href=\"https:\/\/www.ifun.de\/apple-verschiebt-neue-siri-funktionen-auf-das-kommende-jahr-250196\/\" title=\"auf unbestimmte Zeit verschoben\">verschoben<\/a>.<\/p>\n<p><a href=\"https:\/\/images.iphone-ticker.de\/wp-content\/uploads\/2022\/03\/tim-cook-iphone.jpg\"><img loading=\"lazy\" decoding=\"async\" src=\"https:\/\/images.iphone-ticker.de\/wp-content\/uploads\/2022\/03\/tim-cook-iphone-700x491.jpg\" alt=\"Tim Cook Iphone\" width=\"700\" height=\"491\" class=\"alignnone size-large wp-image-187451\" srcset=\"https:\/\/images.iphone-ticker.de\/wp-content\/uploads\/2022\/03\/tim-cook-iphone-700x491.jpg 700w, https:\/\/images.iphone-ticker.de\/wp-content\/uploads\/2022\/03\/tim-cook-iphone-500x351.jpg 500w, https:\/\/images.iphone-ticker.de\/wp-content\/uploads\/2022\/03\/tim-cook-iphone.jpg 1400w\" sizes=\"auto, (max-width: 700px) 100vw, 700px\" \/><\/a><\/p>\n<h2>Hohe Qualit\u00e4tsstandards als Bremse<\/h2>\n<p>Zu konkreten Gr\u00fcnden f\u00fcr die Verz\u00f6gerung hat sich Apple bislang nicht ge\u00e4u\u00dfert. Der Apple-Chef blieb dieser Linie auch im Rahmen der Fragestunde zu den Quartalszahlen treu. Cook betonte lediglich, dass man mehr Zeit als erwartet ben\u00f6tige, um die hohen Qualit\u00e4tsstandards des Unternehmens zu erf\u00fcllen.<\/p>\n<p>Diese Erkl\u00e4rung l\u00e4sst Spielraum f\u00fcr Spekulationen. So hat schon kurz nach der Ank\u00fcndigung der Verschiebung <a href=\"https:\/\/www.iphone-ticker.de\/apples-siri-krise-verzoegerung-wegen-sicherheitsbedenken-251852\/\">die Theorie<\/a> die Runde gemacht, dass Sicherheitsbedenken Einfluss auf diese Entscheidung hatten. M\u00f6glicherweise hat Apple die Risiken untersch\u00e4tzt, die sich im Zusammenhang mit der Verarbeitung von pers\u00f6nlichen Daten mithilfe von k\u00fcnstlicher Intelligenz ergeben.<\/p>\n<h2>Cook lobt Fortschritte in der Entwicklung<\/h2>\n<p>Bedenken, die Verz\u00f6gerungen k\u00f6nnten sich im Wettbewerb mit anderen Anbietern negativ auswirken, wies Cook ausnahmslos zur\u00fcck. Der Apple-Chef hob dagegen die bereits verf\u00fcgbaren Funktionen von \u201eApple Intelligence\u201c und die Erweiterung des Angebots auf zahlreiche neue L\u00e4nder hervor. Cook hob dabei insbesondere Funktionen wie die Schreibwerkzeuge und Genmoji hervor. Er versicherte, dass man bei der Weiterentwicklung Fortschritte gemacht habe und man sich darauf freue, die neuen Funktionen bald allen Nutzern bereitzustellen. Konkreter wollte sich der Apple-Chef jedoch nicht \u00e4u\u00dfern, und momentan will kaum jemand daran glauben, dass Apple die zur\u00fcckgestellten Siri-Funktionen noch vor iOS 19 ausliefert.<\/p>\n","protected":false},"excerpt":{"rendered":"<a href=\"https:\/\/www.iphone-ticker.de\/tim-cook-zu-siri-verschiebung-wir-machen-fortschritte-255291\/\"><img decoding=\"async\" width=\"150\" src=\"https:\/\/images.iphone-ticker.de\/wp-content\/uploads\/2022\/03\/tim-cook-iphone-700x491.jpg\" class=\"alignright wp-post-image tfe\" alt=\"Tim Cook Iphone\" title=\"\" \/><\/a><p>\u00dcber die von Apple ver\u00f6ffentlichten Finanzergebnisse aus dem zweiten Quartal im aktuellen Gesch\u00e4ftsjahr des Unternehmens haben wir bereits berichtet. Im Anschluss an die Pr\u00e4sentation hat sich der Apple-Chef wie gewohnt den Fragen von Journalisten und Analysten gestellt. Wie zu erwarten war, kam hier auch die verz\u00f6gerte Einf\u00fchrung von \u201eApple Intelligence\u201c zur Sprache. Apple hat den [&hellip;]<\/p>\n","protected":false},"author":2,"featured_media":0,"comment_status":"open","ping_status":"closed","sticky":false,"template":"","format":"standard","meta":{"footnotes":""},"categories":[14],"tags":[3912,6817,962],"class_list":["post-255291","post","type-post","status-publish","format-standard","hentry","category-apple","tag-apple","tag-apple-intelligence","tag-siri"],"aioseo_notices":[],"subheadline":["Weiterhin kein konkreter Zeitplan"],"featured_image":["https:\/\/images.ifun.de\/wp-content\/uploads\/2025\/03\/siri-und-apple-intelligence-feature.jpg"],"rest_api_enabler":{"subheadline":"Weiterhin kein konkreter Zeitplan","featured_image":"https:\/\/images.ifun.de\/wp-content\/uploads\/2025\/03\/siri-und-apple-intelligence-feature.jpg"},"_links":{"self":[{"href":"https:\/\/www.iphone-ticker.de\/apiv2\/wp\/v2\/posts\/255291","targetHints":{"allow":["GET"]}}],"collection":[{"href":"https:\/\/www.iphone-ticker.de\/apiv2\/wp\/v2\/posts"}],"about":[{"href":"https:\/\/www.iphone-ticker.de\/apiv2\/wp\/v2\/types\/post"}],"author":[{"embeddable":true,"href":"https:\/\/www.iphone-ticker.de\/apiv2\/wp\/v2\/users\/2"}],"replies":[{"embeddable":true,"href":"https:\/\/www.iphone-ticker.de\/apiv2\/wp\/v2\/comments?post=255291"}],"version-history":[{"count":2,"href":"https:\/\/www.iphone-ticker.de\/apiv2\/wp\/v2\/posts\/255291\/revisions"}],"predecessor-version":[{"id":255293,"href":"https:\/\/www.iphone-ticker.de\/apiv2\/wp\/v2\/posts\/255291\/revisions\/255293"}],"wp:attachment":[{"href":"https:\/\/www.iphone-ticker.de\/apiv2\/wp\/v2\/media?parent=255291"}],"wp:term":[{"taxonomy":"category","embeddable":true,"href":"https:\/\/www.iphone-ticker.de\/apiv2\/wp\/v2\/categories?post=255291"},{"taxonomy":"post_tag","embeddable":true,"href":"https:\/\/www.iphone-ticker.de\/apiv2\/wp\/v2\/tags?post=255291"}],"curies":[{"name":"wp","href":"https:\/\/api.w.org\/{rel}","templated":true}]}}