{"id":254985,"date":"2025-04-29T13:01:22","date_gmt":"2025-04-29T11:01:22","guid":{"rendered":"https:\/\/www.iphone-ticker.de\/?p=254985"},"modified":"2025-05-07T06:56:47","modified_gmt":"2025-05-07T04:56:47","slug":"doku-tipp-smartphone-verbot-fuer-spaniens-kinder","status":"publish","type":"post","link":"https:\/\/www.iphone-ticker.de\/doku-tipp-smartphone-verbot-fuer-spaniens-kinder-254985\/","title":{"rendered":"Doku-Tipp: &#8222;Smartphone-Verbot f\u00fcr Spaniens Kinder&#8220;"},"content":{"rendered":"<p class=\"p3\">In Barcelona begann im Herbst 2023 eine Elterninitiative, die <a href=\"https:\/\/apnews.com\/article\/kids-smartphones-ban-parents-pledge-safety-europe-a96775a16ba131d2cc50b27b5096fe8b\">mittlerweile landesweit<\/a> f\u00fcr Aufmerksamkeit sorgt: Die Bewegung &#8222;<a href=\"https:\/\/adolescencialibredemoviles.es\/\">Teenager ohne Handy<\/a>&#8220; setzt sich daf\u00fcr ein, Kindern und Jugendlichen bis zum Alter von 16 Jahren die Nutzung von Smartphones zu verbieten \u2013 sowohl in der Schule als auch im \u00f6ffentlichen Raum.<\/p>\n<p><a href=\"https:\/\/images.iphone-ticker.de\/wp-content\/uploads\/2025\/04\/iphone-kinder-symbolbild.jpg\"><img decoding=\"async\" src=\"https:\/\/images.iphone-ticker.de\/wp-content\/uploads\/2025\/04\/iphone-kinder-symbolbild-700x525.jpg\" alt=\"Iphone Kinder Symbolbild\" width=\"500\" class=\"aligncenter size-large wp-image-254986\" srcset=\"https:\/\/images.iphone-ticker.de\/wp-content\/uploads\/2025\/04\/iphone-kinder-symbolbild-700x525.jpg 700w, https:\/\/images.iphone-ticker.de\/wp-content\/uploads\/2025\/04\/iphone-kinder-symbolbild-500x375.jpg 500w, https:\/\/images.iphone-ticker.de\/wp-content\/uploads\/2025\/04\/iphone-kinder-symbolbild.jpg 961w\" sizes=\"(max-width: 700px) 100vw, 700px\" \/><\/a><\/p>\n<p class=\"p3\">Ausgangspunkt waren die Sorgen einiger weniger Eltern \u00fcber die Auswirkungen exzessiver Smartphone-Nutzung auf die Entwicklung ihrer Kinder. Inzwischen z\u00e4hlt die Bewegung \u00fcber 60.000 Mitglieder, die sich in rund 140 Gruppen auf WhatsApp und Telegram organisieren.<\/p>\n<p class=\"p3\">Ausschlaggebend f\u00fcr das starke Wachstum waren mehrere F\u00e4lle von sogenannten \u201eRachepornos\u201c unter Minderj\u00e4hrigen, die Ende 2023 in Spanien f\u00fcr gro\u00dfes \u00f6ffentliches Aufsehen sorgten. Eltern und Fachleute aus den Bereichen P\u00e4diatrie, Psychologie und Bildungswesen sehen die intensive Nutzung von Smartphones zunehmend kritisch. Sie warnen vor einer Beeintr\u00e4chtigung der emotionalen und sozialen Entwicklung, der Sprachf\u00e4higkeit und der Konzentrationsf\u00e4higkeit junger Menschen.<\/p>\n<p class=\"p3\">Ein Themenkomplex, dem sich die ARTE-Dokumentation <a href=\"https:\/\/www.arte.tv\/de\/videos\/117912-010-A\/re-smartphone-verbot-fuer-spaniens-kinder\/\">\u201eSmartphone-Verbot f\u00fcr Spaniens Kinder\u201c<\/a> jetzt widmet und Einblicke in die Entstehung und Ziele der Bewegung bietet.<\/p>\n<p><video poster=\"\" preload=\"auto\" controls=\"controls\" width=\"100%\"><source src=\"https:\/\/arteptweb-a.akamaihd.net\/am\/ptweb\/117000\/117900\/117912-010-A_EQ_0_VA-STA_09890259_MP4-1500_AMM-PTWEB-101165250558693_2YP8iSQdDj.mp4#t=1.01\" \/><\/video><\/p>\n<h2>Wissenschaftliche Erkenntnisse st\u00fctzen die Forderungen<\/h2>\n<p class=\"p3\">Dabei Berufen sich die Smartphone-Kritiker immer wieder auch auf wissenschaftliche Erkenntnisse  und verweisen auf Studien, aus denen hervorgeht, dass die Nutzung sozialer Netzwerke suchterzeugende Mechanismen ausl\u00f6st.<\/p>\n<p class=\"p3\">Das Gehirn junger Nutzer reagiert auf das schnelle Scrollen durch Inhalte mit verminderter Aktivit\u00e4t in den Bereichen, die f\u00fcr kritisches Denken und Ged\u00e4chtnisbildung zust\u00e4ndig sind. Besonders betroffen ist eine Region, die eine zentrale Rolle in den Bereichen Planung und Impulskontrolle spielt.<\/p>\n<p class=\"p3\">Kinder\u00e4rzte beobachten zudem einen Anstieg von Schlafst\u00f6rungen, Angstzust\u00e4nden und Problemen im Sozialverhalten. Diese Befunde veranlassten den spanischen Kinder\u00e4rzteverband dazu, neue Empfehlungen zu ver\u00f6ffentlichen, die den Verzicht auf Smartphones im Kindesalter fordern und einen m\u00f6glichst sp\u00e4ten Erwerb solcher Ger\u00e4te anregen.<\/p>\n<p class=\"p3\"><a href=\"https:\/\/www.theguardian.com\/technology\/2024\/dec\/03\/smartphones-should-carry-health-warning-spanish-government-told\">Im vergangenen Dezember<\/a> die spanische Regierung erstmals auf den Druck der Bewegung: Seither sind Smartphones an Grund- und weiterf\u00fchrenden Schulen im Unterricht und auf dem Schulhof verboten. In Frankreich wurden \u00e4hnliche <a href=\"https:\/\/www.iphone-ticker.de\/frankreich-kein-smartphone-bis-zum-13-lebensjahr-234086\/\">Gesetze auf den Weg gebracht<\/a>. Und auch auf europ\u00e4ischer Ebene formieren sich erste l\u00e4nder\u00fcbergreifende Initiativen, um einheitliche Regelungen f\u00fcr den Schutz von Kindern vor den Risiken digitaler Mediennutzung zu fordern.<\/p>\n<h2>Zum Nachlesen:<\/h2>\n<ul>\n<li><strong>Australien<\/strong>: <a title=\"Australien plant Social-Media-Verbot f\u00fcr unter 16-J\u00e4hrige\" href=\"https:\/\/www.iphone-ticker.de\/australien-plant-social-media-verbot-fuer-unter-16-jaehrige-245100\/\">Social-Media-Verbot f\u00fcr unter 16-J\u00e4hrige<\/a><\/li>\n<li><strong>Norwegen<\/strong>: <a title=\"Social Media erst ab 15: Norwegische Regierung setzt neue Altersgrenze\" href=\"https:\/\/www.iphone-ticker.de\/social-media-erst-ab-15-norwegische-regierung-setzt-neue-altersgrenze-244337\/\">Social Media erst ab 15 &#8211; neue Altersgrenze<\/a><\/li>\n<li><strong>Frankreich:<\/strong> <a title=\"Frankreich: Kein Smartphone bis zum 13. Lebensjahr\" href=\"https:\/\/www.iphone-ticker.de\/frankreich-kein-smartphone-bis-zum-13-lebensjahr-234086\/\">Kein Smartphone bis zum 13. Lebensjahr<\/a><\/li>\n<li><strong>Gro\u00dfbritannien:<\/strong> <a title=\"Smartphone-Verbot f\u00fcr Jugendliche: Gro\u00dfbritannien w\u00e4gt ab\" href=\"https:\/\/www.iphone-ticker.de\/smartphone-verbot-fuer-jugendliche-grossbritannien-waegt-ab-233143\/\">Smartphone-Verbot f\u00fcr Jugendliche<\/a><\/li>\n<\/ul>\n<p><img loading=\"lazy\" decoding=\"async\" src=\"https:\/\/vg08.met.vgwort.de\/na\/6b67ef90ba6d4fc7b8648a7742fda304\" width=\"1\" height=\"1\" no-lazy class=\"tracking\"><\/p>\n","protected":false},"excerpt":{"rendered":"<a href=\"https:\/\/www.iphone-ticker.de\/doku-tipp-smartphone-verbot-fuer-spaniens-kinder-254985\/\"><img width=\"150\" height=\"150\" src=\"https:\/\/images.iphone-ticker.de\/wp-content\/uploads\/2025\/04\/iphone-kinder-symbolbild-150x150.jpg\" class=\"alignright tfe wp-post-image\" alt=\"Iphone Kinder Symbolbild\" decoding=\"async\" loading=\"lazy\" \/><\/a><p>In Barcelona begann im Herbst 2023 eine Elterninitiative, die mittlerweile landesweit f\u00fcr Aufmerksamkeit sorgt: Die Bewegung &#8222;Teenager ohne Handy&#8220; setzt sich daf\u00fcr ein, Kindern und Jugendlichen bis zum Alter von 16 Jahren die Nutzung von Smartphones zu verbieten \u2013 sowohl in der Schule als auch im \u00f6ffentlichen Raum. Ausgangspunkt waren die Sorgen einiger weniger Eltern [&hellip;]<\/p>\n","protected":false},"author":1,"featured_media":254986,"comment_status":"open","ping_status":"closed","sticky":false,"template":"","format":"standard","meta":{"footnotes":""},"categories":[1,1975],"tags":[989,61,450,3276,171],"class_list":["post-254985","post","type-post","status-publish","format-standard","has-post-thumbnail","hentry","category-news","category-feature","tag-doku","tag-kinder","tag-streaming","tag-sucht","tag-tv"],"aioseo_notices":[],"subheadline":["Elternbewegung fordert Handyverbot"],"featured_image":["https:\/\/images.iphone-ticker.de\/wp-content\/uploads\/2025\/03\/symbolbild-kinder-schule-handy.jpg"],"rest_api_enabler":{"subheadline":"Elternbewegung fordert Handyverbot","featured_image":"https:\/\/images.iphone-ticker.de\/wp-content\/uploads\/2025\/03\/symbolbild-kinder-schule-handy.jpg"},"_links":{"self":[{"href":"https:\/\/www.iphone-ticker.de\/apiv2\/wp\/v2\/posts\/254985","targetHints":{"allow":["GET"]}}],"collection":[{"href":"https:\/\/www.iphone-ticker.de\/apiv2\/wp\/v2\/posts"}],"about":[{"href":"https:\/\/www.iphone-ticker.de\/apiv2\/wp\/v2\/types\/post"}],"author":[{"embeddable":true,"href":"https:\/\/www.iphone-ticker.de\/apiv2\/wp\/v2\/users\/1"}],"replies":[{"embeddable":true,"href":"https:\/\/www.iphone-ticker.de\/apiv2\/wp\/v2\/comments?post=254985"}],"version-history":[{"count":3,"href":"https:\/\/www.iphone-ticker.de\/apiv2\/wp\/v2\/posts\/254985\/revisions"}],"predecessor-version":[{"id":254992,"href":"https:\/\/www.iphone-ticker.de\/apiv2\/wp\/v2\/posts\/254985\/revisions\/254992"}],"wp:featuredmedia":[{"embeddable":true,"href":"https:\/\/www.iphone-ticker.de\/apiv2\/wp\/v2\/media\/254986"}],"wp:attachment":[{"href":"https:\/\/www.iphone-ticker.de\/apiv2\/wp\/v2\/media?parent=254985"}],"wp:term":[{"taxonomy":"category","embeddable":true,"href":"https:\/\/www.iphone-ticker.de\/apiv2\/wp\/v2\/categories?post=254985"},{"taxonomy":"post_tag","embeddable":true,"href":"https:\/\/www.iphone-ticker.de\/apiv2\/wp\/v2\/tags?post=254985"}],"curies":[{"name":"wp","href":"https:\/\/api.w.org\/{rel}","templated":true}]}}