{"id":254644,"date":"2025-04-23T09:00:27","date_gmt":"2025-04-23T07:00:27","guid":{"rendered":"https:\/\/www.iphone-ticker.de\/?p=254644"},"modified":"2025-04-29T20:23:28","modified_gmt":"2025-04-29T18:23:28","slug":"iphone-17-air-neues-video-liefert-ersten-groessenvergleich","status":"publish","type":"post","link":"https:\/\/www.iphone-ticker.de\/iphone-17-air-neues-video-liefert-ersten-groessenvergleich-254644\/","title":{"rendered":"iPhone 17 Air: Neues Video liefert ersten Gr\u00f6\u00dfenvergleich"},"content":{"rendered":"<p>Dass Apple an einem besonders schlanken iPhone-Modell f\u00fcr die kommende Ger\u00e4te-Generation arbeitet, gilt inzwischen als gesichert. Unter dem Namen &#8222;iPhone 17 Air&#8220; soll das ultrad\u00fcnne Modell im Herbst gemeinsam mit den \u00fcbrigen Varianten der Serie vorgestellt werden.<\/p>\n<p><a href=\"https:\/\/images.iphone-ticker.de\/wp-content\/uploads\/2025\/04\/himmelblau-scaled.jpg\"><img loading=\"lazy\" decoding=\"async\" class=\"aligncenter size-medium wp-image-254647\" src=\"https:\/\/images.iphone-ticker.de\/wp-content\/uploads\/2025\/04\/himmelblau-500x500.jpg\" alt=\"Himmelblau\" width=\"500\" height=\"500\" srcset=\"https:\/\/images.iphone-ticker.de\/wp-content\/uploads\/2025\/04\/himmelblau-500x500.jpg 500w, https:\/\/images.iphone-ticker.de\/wp-content\/uploads\/2025\/04\/himmelblau-700x700.jpg 700w, https:\/\/images.iphone-ticker.de\/wp-content\/uploads\/2025\/04\/himmelblau-150x150.jpg 150w, https:\/\/images.iphone-ticker.de\/wp-content\/uploads\/2025\/04\/himmelblau-1536x1536.jpg 1536w, https:\/\/images.iphone-ticker.de\/wp-content\/uploads\/2025\/04\/himmelblau-2048x2048.jpg 2048w\" sizes=\"auto, (max-width: 500px) 100vw, 500px\" \/><\/a><\/p>\n<h6>Himmelblau: Apple neue Farbe soll auch das iPhone 17 erreichen<\/h6>\n<p>Spannender als technische Spezifikationen sind derzeit jedoch erste reale Eindr\u00fccke: In einem neuen Video wird ein Dummy-Modell des iPhone 17 Air gezeigt \u2013 und damit erstmals veranschaulicht, wie sich das extrem d\u00fcnne Design im Alltag auswirken k\u00f6nnte.<\/p>\n<h2>Trotz 6,6 Zoll nur 5,6 Millimetern d\u00fcnn<\/h2>\n<p>Das von Lewis Hilsenteger in seinem YouTube-Kanal &#8222;Unbox Therapy&#8220; <a href=\"https:\/\/www.youtube.com\/watch?v=84fbgEhayoQ\">pr\u00e4sentierte Dummy-Modell<\/a> macht deutlich, wie stark sich das Air-Modell in der Hand von den \u00fcbrigen iPhones unterscheiden d\u00fcrfte. Bei einer angenommenen Dicke von rund 5,6 Millimetern liegt es deutlich unter den Pro-Varianten, die bei etwa 8,7 Millimetern erwartet werden. Die R\u00fcckseite ist flach, lediglich der Kamerabereich steht leicht hervor. Die Materialkombination aus Aluminium und Titan soll f\u00fcr ausreichende Stabilit\u00e4t sorgen.<\/p>\n<p><a href=\"https:\/\/images.iphone-ticker.de\/wp-content\/uploads\/2025\/04\/geraetegroessen-iphone-17.jpg\"><img loading=\"lazy\" decoding=\"async\" class=\"aligncenter size-large wp-image-254646\" src=\"https:\/\/images.iphone-ticker.de\/wp-content\/uploads\/2025\/04\/geraetegroessen-iphone-17-700x389.jpg\" alt=\"Geraetegroessen Iphone 17\" width=\"700\" height=\"389\" srcset=\"https:\/\/images.iphone-ticker.de\/wp-content\/uploads\/2025\/04\/geraetegroessen-iphone-17-700x389.jpg 700w, https:\/\/images.iphone-ticker.de\/wp-content\/uploads\/2025\/04\/geraetegroessen-iphone-17-500x278.jpg 500w, https:\/\/images.iphone-ticker.de\/wp-content\/uploads\/2025\/04\/geraetegroessen-iphone-17.jpg 1530w\" sizes=\"auto, (max-width: 700px) 100vw, 700px\" \/><\/a><\/p>\n<p>Die Bauweise des 6,6 Zoll gro\u00dfen iPhone 17 Air erfordert offenbar einige technische Kompromisse. So d\u00fcrfte Apple auf zus\u00e4tzliche Kameraobjektive verzichten, um Platz f\u00fcr einen ausreichend gro\u00dfen Akku zu schaffen. Die Akkulaufzeit soll dennoch auf dem Niveau aktueller Modelle liegen.<\/p>\n<p>In dem Video zeigt sich auch, wie das Ger\u00e4t im Gr\u00f6\u00dfenvergleich zu bisherigen iPhones wirkt \u2013 ein Aspekt, der f\u00fcr viele Nutzer entscheidend sein d\u00fcrfte. Die schlanke Silhouette k\u00f6nnte das Air-Modell nicht nur leichter, sondern auch sp\u00fcrbar angenehmer in der Hosentasche oder beim einh\u00e4ndigen Einsatz machen.<\/p>\n<p><div class=\"responsive-video\"><iframe loading=\"lazy\" title=\"iPhone 17 Air Early Hands On\" width=\"500\" height=\"281\" src=\"https:\/\/www.youtube-nocookie.com\/embed\/84fbgEhayoQ?feature=oembed\" frameborder=\"0\" allow=\"accelerometer; autoplay; clipboard-write; encrypted-media; gyroscope; picture-in-picture; web-share\" referrerpolicy=\"strict-origin-when-cross-origin\" allowfullscreen><\/iframe><\/div><\/p>\n<h2>Wohl auch in &#8222;Himmelblau&#8220; erh\u00e4ltlich<\/h2>\n<p>Neben technischen Details r\u00fccken aktuell auch Designentscheidungen in den Fokus: F\u00fcr das iPhone 17 Pro <a href=\"https:\/\/majinbuofficial.com\/the-new-iphone-17-pro-color\/\">testet Apple laut Berichten<\/a> eine neue Farbvariante namens &#8222;Himmelblau&#8220;. Dieser helle Blauton kommt bereits beim MacBook Air zum Einsatz und k\u00f6nnte k\u00fcnftig f\u00fcr eine einheitlichere Designsprache im Apple-Portfolio sorgen.<\/p>\n<p>Mit einer offiziellen Vorstellung der neuen iPhone-Generation wird \u2013 wie gewohnt \u2013 im September gerechnet.<\/p>\n<p><img loading=\"lazy\" decoding=\"async\" src=\"https:\/\/vg08.met.vgwort.de\/na\/e57d58288a684d48a692f90df747e755\" width=\"1\" height=\"1\" no-lazy class=\"tracking\"><\/p>\n","protected":false},"excerpt":{"rendered":"<a href=\"https:\/\/www.iphone-ticker.de\/iphone-17-air-neues-video-liefert-ersten-groessenvergleich-254644\/\"><img width=\"150\" height=\"150\" src=\"https:\/\/images.iphone-ticker.de\/wp-content\/uploads\/2025\/04\/iphone-17-air-feature-150x150.jpg\" class=\"alignright tfe wp-post-image\" alt=\"Iphone 17 Air Feature\" decoding=\"async\" loading=\"lazy\" \/><\/a><p>Dass Apple an einem besonders schlanken iPhone-Modell f\u00fcr die kommende Ger\u00e4te-Generation arbeitet, gilt inzwischen als gesichert. Unter dem Namen &#8222;iPhone 17 Air&#8220; soll das ultrad\u00fcnne Modell im Herbst gemeinsam mit den \u00fcbrigen Varianten der Serie vorgestellt werden. Himmelblau: Apple neue Farbe soll auch das iPhone 17 erreichen Spannender als technische Spezifikationen sind derzeit jedoch erste [&hellip;]<\/p>\n","protected":false},"author":1,"featured_media":254649,"comment_status":"open","ping_status":"closed","sticky":false,"template":"","format":"standard","meta":{"footnotes":""},"categories":[1,1975],"tags":[2064,6741,7009,3910,8],"class_list":["post-254644","post","type-post","status-publish","format-standard","has-post-thumbnail","hentry","category-news","category-feature","tag-geruechte","tag-iphone-17","tag-iphone-17-air","tag-rumors","tag-video"],"aioseo_notices":[],"subheadline":["Wohl auch in \"Himmelblau\" erh\u00e4ltlich"],"featured_image":["https:\/\/images.iphone-ticker.de\/wp-content\/uploads\/2025\/04\/iphone-17-air-feature.jpg"],"rest_api_enabler":{"subheadline":"Wohl auch in \"Himmelblau\" erh\u00e4ltlich","featured_image":"https:\/\/images.iphone-ticker.de\/wp-content\/uploads\/2025\/04\/iphone-17-air-feature.jpg"},"_links":{"self":[{"href":"https:\/\/www.iphone-ticker.de\/apiv2\/wp\/v2\/posts\/254644","targetHints":{"allow":["GET"]}}],"collection":[{"href":"https:\/\/www.iphone-ticker.de\/apiv2\/wp\/v2\/posts"}],"about":[{"href":"https:\/\/www.iphone-ticker.de\/apiv2\/wp\/v2\/types\/post"}],"author":[{"embeddable":true,"href":"https:\/\/www.iphone-ticker.de\/apiv2\/wp\/v2\/users\/1"}],"replies":[{"embeddable":true,"href":"https:\/\/www.iphone-ticker.de\/apiv2\/wp\/v2\/comments?post=254644"}],"version-history":[{"count":2,"href":"https:\/\/www.iphone-ticker.de\/apiv2\/wp\/v2\/posts\/254644\/revisions"}],"predecessor-version":[{"id":254653,"href":"https:\/\/www.iphone-ticker.de\/apiv2\/wp\/v2\/posts\/254644\/revisions\/254653"}],"wp:featuredmedia":[{"embeddable":true,"href":"https:\/\/www.iphone-ticker.de\/apiv2\/wp\/v2\/media\/254649"}],"wp:attachment":[{"href":"https:\/\/www.iphone-ticker.de\/apiv2\/wp\/v2\/media?parent=254644"}],"wp:term":[{"taxonomy":"category","embeddable":true,"href":"https:\/\/www.iphone-ticker.de\/apiv2\/wp\/v2\/categories?post=254644"},{"taxonomy":"post_tag","embeddable":true,"href":"https:\/\/www.iphone-ticker.de\/apiv2\/wp\/v2\/tags?post=254644"}],"curies":[{"name":"wp","href":"https:\/\/api.w.org\/{rel}","templated":true}]}}