{"id":254613,"date":"2025-04-22T18:55:02","date_gmt":"2025-04-22T16:55:02","guid":{"rendered":"https:\/\/www.iphone-ticker.de\/?p=254613"},"modified":"2025-04-22T18:58:16","modified_gmt":"2025-04-22T16:58:16","slug":"apples-sprachassistenz-vision-pro-team-soll-siri-neu-aufstellen","status":"publish","type":"post","link":"https:\/\/www.iphone-ticker.de\/apples-sprachassistenz-vision-pro-team-soll-siri-neu-aufstellen-254613\/","title":{"rendered":"Apples Sprachassistenz: Vision-Pro-Team soll Siri neu aufstellen"},"content":{"rendered":"<p>Apple nimmt derzeit umfassende \u00c4nderungen an der Entwicklung der Sprachassistenz Siri vor. <a href=\"https:\/\/www.iphone-ticker.de\/notfallplan-vision-pro-chef-uebernimmt-siri-und-apple-intelligence-252809\/\">Seit M\u00e4rz verantwortet<\/a> bekanntlich Mike Rockwell, der zuvor f\u00fcr die Datenbrille Apple Vision Pro zust\u00e4ndig war, die Weiterentwicklung der seit Jahren auf der Stelle tretenden Sprachassistenz. Nun soll Rockwell die Zust\u00e4ndigkeiten neu geordnet und mehrere F\u00fchrungskr\u00e4fte aus seinem bisherigen Vision-Pro-Team in die Siri-Abteilung geholt haben.<\/p>\n<p><a href=\"https:\/\/images.iphone-ticker.de\/wp-content\/uploads\/2025\/03\/siri-persoenliches-wissen.jpg\"><img loading=\"lazy\" decoding=\"async\" class=\"aligncenter size-medium wp-image-251286\" src=\"https:\/\/images.iphone-ticker.de\/wp-content\/uploads\/2025\/03\/siri-persoenliches-wissen-500x279.jpg\" alt=\"Siri Persoenliches Wissen\" width=\"500\" height=\"279\" srcset=\"https:\/\/images.iphone-ticker.de\/wp-content\/uploads\/2025\/03\/siri-persoenliches-wissen-500x279.jpg 500w, https:\/\/images.iphone-ticker.de\/wp-content\/uploads\/2025\/03\/siri-persoenliches-wissen-700x390.jpg 700w, https:\/\/images.iphone-ticker.de\/wp-content\/uploads\/2025\/03\/siri-persoenliches-wissen.jpg 1342w\" sizes=\"auto, (max-width: 500px) 100vw, 500px\" \/><\/a><\/p>\n<h6>Sollte eigentlich mit iOS 18 starten: Siri und pers\u00f6nliches Wissen<\/h6>\n<p><a href=\"https:\/\/www.bloomberg.com\/news\/articles\/2025-04-22\/apple-s-new-siri-chief-mike-rockwell-overhauls-management-to-start-turnaround\">Nach Angaben<\/a> von mit den Vorg\u00e4ngen vertrauten Personen hat Rockwell zentrale Aufgaben an Mitarbeiter \u00fcbertragen, die zuvor an der Software der Vision-Pro-Ger\u00e4te gearbeitet haben.<\/p>\n<p>Darunter etwa an <a href=\"https:\/\/www.linkedin.com\/in\/ranjitpdesai\">Ranjit Desai<\/a>, der k\u00fcnftig f\u00fcr technische Grundfunktionen von Siri verantwortlich sein soll. Desai soll hier von seinen Erfahrungen mit Systemen profitieren k\u00f6nnen, die auf schnelle Reaktionszeiten und hohe Effizienz ausgelegt sind. Auch der Vision-Pro-Entwickler <a href=\"https:\/\/www.linkedin.com\/in\/oliviergutknecht\">Olivier Gutknecht<\/a> \u00fcbernimmt neue Aufgaben und leitet fortan das Team, das sich mit der Gestaltung der Siri-Benutzeroberfl\u00e4che besch\u00e4ftigt. Rockwell selbst bleibt \u00fcberdies weiterhin f\u00fcr das visionOS-Betriebssystem verantwortlich, das auf Apples Vision-Ger\u00e4ten l\u00e4uft.<\/p>\n<h2>Umbau der technischen Grundlage geplant<\/h2>\n<p>Die Weiterentwicklung von Siri gilt als eines der anspruchsvollsten Softwareprojekte innerhalb Apples. Aufgrund der mangelhaften Zuverl\u00e4ssigkeit und Reaktionsf\u00e4higkeit der Sprachassistenz wurden geplante Verbesserungen zuletzt mehrfach verschoben. Nun soll die zugrunde liegende Architektur grundlegend \u00fcberarbeitet werden.<\/p>\n<p>Derzeit basiert Siri auf zwei getrennten Komponenten: eine f\u00fcr einfache Funktionen wie Timer oder Erinnerungen, eine zweite die auf KI-Sprachmodelle setzt, um komplexere Anfragen bearbeiten zu k\u00f6nnen. In Zukunft will Apple diese Systeme in einer gemeinsamen technischen Plattform zusammenf\u00fchren. Dadurch soll eine fl\u00fcssigere, dialogbasierte Bedienung m\u00f6glich werden. Der Umbau d\u00fcrfte sich jedoch \u00fcber einen l\u00e4ngeren Zeitraum erstrecken.<\/p>\n<p><div class=\"responsive-video\"><iframe loading=\"lazy\" title=\"Apple Intelligence | More personal Siri | iPhone 16 Pro\" width=\"500\" height=\"281\" src=\"https:\/\/www.youtube-nocookie.com\/embed\/X3c916Mb02E?feature=oembed\" frameborder=\"0\" allow=\"accelerometer; autoplay; clipboard-write; encrypted-media; gyroscope; picture-in-picture; web-share\" referrerpolicy=\"strict-origin-when-cross-origin\" allowfullscreen><\/iframe><\/div><\/p>\n<h2>Engere Verzahnung mit Apps und Entwicklern<\/h2>\n<p>Weiterhin in Apples Fokus liegt auch die Weiterentwicklung <a href=\"https:\/\/developer.apple.com\/documentation\/appintents\/\">sogenannter App-Intents<\/a>. Diese sollen es erm\u00f6glichen, mehrere Aktionen durch Sprachbefehle miteinander zu kombinieren \u2013 etwa eine Datei zu finden, zu bearbeiten und anschlie\u00dfend zu versenden. Apple plant, hierbei enger mit externen App-Anbietern zu kooperieren, um die Integration zu verbessern.<\/p>\n<p>Damit darf festgehalten werden: In Cupertino arbeitet man offenbar mit Hochdruck an einem Ausbau der hauseigenen Sprachassistenz. Wann jedoch mit ersten sichtbaren Fortschritten bei Siri zu rechnen ist, bleibt vollkommen unklar.<\/p>\n<p>Die New York Times <a href=\"https:\/\/www.iphone-ticker.de\/apple-intelligence-erweiterte-siri-funktionen-sollen-noch-2025-landen-254189\/\">hatte zuletzt berichtet<\/a>, dass erste substanzielle Siri-Verbesserungen noch im Laufe des Jahres eingef\u00fchrt werden sollen.<\/p>\n<p><img loading=\"lazy\" decoding=\"async\" src=\"https:\/\/vg08.met.vgwort.de\/na\/19d58201305d42d7b835f4acf6d426d2\" width=\"1\" height=\"1\" no-lazy class=\"tracking\"><\/p>\n","protected":false},"excerpt":{"rendered":"<a href=\"https:\/\/www.iphone-ticker.de\/apples-sprachassistenz-vision-pro-team-soll-siri-neu-aufstellen-254613\/\"><img decoding=\"async\" width=\"150\" src=\"https:\/\/images.iphone-ticker.de\/wp-content\/uploads\/2025\/03\/siri-persoenliches-wissen-500x279.jpg\" class=\"alignright wp-post-image tfe\" alt=\"Siri Persoenliches Wissen\" title=\"\" \/><\/a><p>Apple nimmt derzeit umfassende \u00c4nderungen an der Entwicklung der Sprachassistenz Siri vor. Seit M\u00e4rz verantwortet bekanntlich Mike Rockwell, der zuvor f\u00fcr die Datenbrille Apple Vision Pro zust\u00e4ndig war, die Weiterentwicklung der seit Jahren auf der Stelle tretenden Sprachassistenz. Nun soll Rockwell die Zust\u00e4ndigkeiten neu geordnet und mehrere F\u00fchrungskr\u00e4fte aus seinem bisherigen Vision-Pro-Team in die Siri-Abteilung [&hellip;]<\/p>\n","protected":false},"author":1,"featured_media":0,"comment_status":"open","ping_status":"closed","sticky":false,"template":"","format":"standard","meta":{"footnotes":""},"categories":[1],"tags":[3912,2064,3910,962],"class_list":["post-254613","post","type-post","status-publish","format-standard","hentry","category-news","tag-apple","tag-geruechte","tag-rumors","tag-siri"],"aioseo_notices":[],"subheadline":["F\u00fchrungswechsel beim Siri-Umbau"],"featured_image":["https:\/\/images.iphone-ticker.de\/wp-content\/uploads\/2025\/04\/wann-schlaue-siri.jpg"],"rest_api_enabler":{"subheadline":"F\u00fchrungswechsel beim Siri-Umbau","featured_image":"https:\/\/images.iphone-ticker.de\/wp-content\/uploads\/2025\/04\/wann-schlaue-siri.jpg"},"_links":{"self":[{"href":"https:\/\/www.iphone-ticker.de\/apiv2\/wp\/v2\/posts\/254613","targetHints":{"allow":["GET"]}}],"collection":[{"href":"https:\/\/www.iphone-ticker.de\/apiv2\/wp\/v2\/posts"}],"about":[{"href":"https:\/\/www.iphone-ticker.de\/apiv2\/wp\/v2\/types\/post"}],"author":[{"embeddable":true,"href":"https:\/\/www.iphone-ticker.de\/apiv2\/wp\/v2\/users\/1"}],"replies":[{"embeddable":true,"href":"https:\/\/www.iphone-ticker.de\/apiv2\/wp\/v2\/comments?post=254613"}],"version-history":[{"count":4,"href":"https:\/\/www.iphone-ticker.de\/apiv2\/wp\/v2\/posts\/254613\/revisions"}],"predecessor-version":[{"id":254623,"href":"https:\/\/www.iphone-ticker.de\/apiv2\/wp\/v2\/posts\/254613\/revisions\/254623"}],"wp:attachment":[{"href":"https:\/\/www.iphone-ticker.de\/apiv2\/wp\/v2\/media?parent=254613"}],"wp:term":[{"taxonomy":"category","embeddable":true,"href":"https:\/\/www.iphone-ticker.de\/apiv2\/wp\/v2\/categories?post=254613"},{"taxonomy":"post_tag","embeddable":true,"href":"https:\/\/www.iphone-ticker.de\/apiv2\/wp\/v2\/tags?post=254613"}],"curies":[{"name":"wp","href":"https:\/\/api.w.org\/{rel}","templated":true}]}}