{"id":253124,"date":"2025-03-26T08:30:49","date_gmt":"2025-03-26T07:30:49","guid":{"rendered":"https:\/\/www.iphone-ticker.de\/?p=253124"},"modified":"2025-04-02T06:08:10","modified_gmt":"2025-04-02T04:08:10","slug":"ios-19-neue-einblicke-in-das-ueberarbeitete-design","status":"publish","type":"post","link":"https:\/\/www.iphone-ticker.de\/ios-19-neue-einblicke-in-das-ueberarbeitete-design-253124\/","title":{"rendered":"iOS 19: Neue Einblicke in das \u00fcberarbeitete Design"},"content":{"rendered":"<p><a href=\"https:\/\/www.youtube.com\/watch?v=2RKrbTkP53M\">Ein neues Video<\/a> des in der Vergangenheit teils gut unterrichteten Filmemachers Jon Prosser zeigt weitere Details zur optischen Neugestaltung von iOS 19.<\/p>\n<p><a href=\"https:\/\/images.iphone-ticker.de\/wp-content\/uploads\/2025\/03\/nachrichten-app-ios-19.png\"><img loading=\"lazy\" decoding=\"async\" class=\"aligncenter size-medium wp-image-253125\" src=\"https:\/\/images.iphone-ticker.de\/wp-content\/uploads\/2025\/03\/nachrichten-app-ios-19-500x500.png\" alt=\"Nachrichten App Ios 19\" width=\"500\" height=\"500\" srcset=\"https:\/\/images.iphone-ticker.de\/wp-content\/uploads\/2025\/03\/nachrichten-app-ios-19-500x500.png 500w, https:\/\/images.iphone-ticker.de\/wp-content\/uploads\/2025\/03\/nachrichten-app-ios-19-150x150.png 150w, https:\/\/images.iphone-ticker.de\/wp-content\/uploads\/2025\/03\/nachrichten-app-ios-19.png 675w\" sizes=\"auto, (max-width: 500px) 100vw, 500px\" \/><\/a><\/p>\n<p>Apple selbst hat die j\u00e4hrliche WWDC-Entwicklerkonferenz gestern f\u00fcr den 9. Juni angek\u00fcndigt, auf der iOS 19 offiziell vorgestellt werden soll. Bereits im Vorfeld pr\u00e4sentiert Prosser nun aufbereitete Darstellungen einer Testversion, die demnach unter anderem ein umfassend \u00fcberarbeitetes Design im Stil von visionOS aufgreifen soll \u2013 inklusive transparenter Elemente, abgerundeter Fl\u00e4chen und neu gestalteter Systemgrafiken.<\/p>\n<h2>&#8222;Informationen aus internen Quellen&#8220;<\/h2>\n<p>Laut Prosser stammen seine Informationen aus internen Quellen. Um die Vertraulichkeit zu wahren, habe man auf reale Screenshots verzichtet und stattdessen nachgebaute Oberfl\u00e4chen pr\u00e4sentiert. Schon vor einigen Wochen hatte er auf \u00e4hnliche Weise <a href=\"https:\/\/www.iphone-ticker.de\/so-in-etwa-apples-neue-kamera-app-in-ios-19-248755\/\">eine neue Kamera-App<\/a> gezeigt. Inzwischen wurde das Layout weiterer Systembereiche, darunter Benachrichtigungen, Pop-up-Men\u00fcs, die Tastatur sowie zahlreiche Standard-Apps wie Musik, Kalender und Nachrichten rekonstruiert.<\/p>\n<ul>\n<li><strong>So in etwa:<\/strong> <a title=\"So in etwa: Apples neue Kamera-App in iOS 19\" href=\"https:\/\/www.iphone-ticker.de\/so-in-etwa-apples-neue-kamera-app-in-ios-19-248755\/\">Apples neue Kamera-App in iOS 19<\/a><\/li>\n<\/ul>\n<p>Funktionale \u00c4nderungen seien bislang kaum zu erkennen. Die Umgestaltung betreffe in erster Linie die optische Pr\u00e4sentation. Einstellungen, Navigation und App-Strukturen blieben weitgehend unver\u00e4ndert. Auch von neuen KI-Funktionen sei in der aktuellen Testversion nichts zu sehen. Die dargestellten Grafiken erscheinen ausschlie\u00dflich im Dunkelmodus, laut Prosser sei aber wie bisher auch eine helle Darstellung vorgesehen.<\/p>\n<p><div class=\"responsive-video\"><iframe loading=\"lazy\" title=\"Introducing iOS 19 | Exclusive First Look\" width=\"500\" height=\"281\" src=\"https:\/\/www.youtube-nocookie.com\/embed\/2RKrbTkP53M?feature=oembed\" frameborder=\"0\" allow=\"accelerometer; autoplay; clipboard-write; encrypted-media; gyroscope; picture-in-picture; web-share\" referrerpolicy=\"strict-origin-when-cross-origin\" allowfullscreen><\/iframe><\/div><\/p>\n<h2>Verz\u00f6gerter Start durch Apples KI-Fokus<\/h2>\n<p>Die Design\u00e4nderungen h\u00e4tten urspr\u00fcnglich schon 2024 erscheinen sollen, seien aber intern verschoben worden, weil Apple kurzfristig Ressourcen f\u00fcr die Integration der neuen KI-Offensive &#8222;Apple Intelligence&#8220; ben\u00f6tigt habe. Das Redesign sei daher auf das Folgejahr vertagt worden. Nun sollen iOS 19, iPadOS 19 und macOS Sequoia 16 in weiten Teilen ein gemeinsames Erscheinungsbild erhalten.<\/p>\n<p>Die gezeigten Grafiken lassen erkennen, dass Apple auf konsistente Designprinzipien setzt. Elemente wirken gl\u00e4nzender, st\u00e4rker abgehoben und glas\u00e4hnlich. Laut Prosser k\u00f6nne man einzelne Bestandteile des neuen Stils bereits heute in neuen Apple-Apps wie <a href=\"https:\/\/www.apple.com\/newsroom\/2024\/02\/introducing-apple-sports-a-new-app-for-sports-fans\/\">Apples Sports<\/a> oder <a rel=\"noindex, nofollow\" href=\"http:\/\/www.ifun.de\/app\/6472498645\">Apple Einladungen<\/a> erkennen.<\/p>\n<p><center><\/p>\n<blockquote class=\"twitter-tweet\">\n<p lang=\"en\" dir=\"ltr\">iOS 19 images floating around aren&#39;t representative of what we&#39;ll see at WWDC. They look to be based on either very old builds or vague descriptions, missing key features. Expect more from Apple in June. Regardless, mockups &#8211; real or not &#8211; are always exciting for Apple watchers.<\/p>\n<p>&mdash; Mark Gurman (@markgurman) <a href=\"https:\/\/twitter.com\/markgurman\/status\/1904676788669690087?ref_src=twsrc%5Etfw\">March 25, 2025<\/a><\/p><\/blockquote>\n<p><\/center> <script async src=\"https:\/\/platform.twitter.com\/widgets.js\" charset=\"utf-8\"><\/script><\/p>\n<p>Prossers Design-Studien erfahren allerdings <a href=\"https:\/\/twitter.com\/markgurman\/status\/1904676788669690087\">nicht nur Zuspruch<\/a>. Ob das gesamte System tats\u00e4chlich <a href=\"https:\/\/www.iphone-ticker.de\/ios-19-die-groesste-iphone-ueberarbeitung-seit-ios-7-252584\/\">eine der gr\u00f6\u00dften Umgestaltungen<\/a> in der Geschichte von iOS erfahren wird, bleibt offen.<\/p>\n<p><img loading=\"lazy\" decoding=\"async\" src=\"https:\/\/vg09.met.vgwort.de\/na\/784de17b11af41d284f2c7cbf75a1c0d\" width=\"1\" height=\"1\" no-lazy class=\"tracking\"><\/p>\n","protected":false},"excerpt":{"rendered":"<a href=\"https:\/\/www.iphone-ticker.de\/ios-19-neue-einblicke-in-das-ueberarbeitete-design-253124\/\"><img width=\"150\" height=\"150\" src=\"https:\/\/images.iphone-ticker.de\/wp-content\/uploads\/2025\/03\/ios-19-feature-150x150.jpg\" class=\"alignright tfe wp-post-image\" alt=\"Ios 19 Feature\" decoding=\"async\" loading=\"lazy\" \/><\/a><p>Ein neues Video des in der Vergangenheit teils gut unterrichteten Filmemachers Jon Prosser zeigt weitere Details zur optischen Neugestaltung von iOS 19. Apple selbst hat die j\u00e4hrliche WWDC-Entwicklerkonferenz gestern f\u00fcr den 9. Juni angek\u00fcndigt, auf der iOS 19 offiziell vorgestellt werden soll. Bereits im Vorfeld pr\u00e4sentiert Prosser nun aufbereitete Darstellungen einer Testversion, die demnach unter [&hellip;]<\/p>\n","protected":false},"author":1,"featured_media":253126,"comment_status":"open","ping_status":"closed","sticky":false,"template":"","format":"standard","meta":{"footnotes":""},"categories":[1,1975],"tags":[78,2064,6986,3910],"class_list":["post-253124","post","type-post","status-publish","format-standard","has-post-thumbnail","hentry","category-news","category-feature","tag-design","tag-geruechte","tag-ios-19","tag-rumors"],"aioseo_notices":[],"subheadline":["VisionOS-Stil pr\u00e4gt Systemoberfl\u00e4che"],"featured_image":["https:\/\/images.iphone-ticker.de\/wp-content\/uploads\/2025\/03\/ios-19-feature.jpg"],"rest_api_enabler":{"subheadline":"VisionOS-Stil pr\u00e4gt Systemoberfl\u00e4che","featured_image":"https:\/\/images.iphone-ticker.de\/wp-content\/uploads\/2025\/03\/ios-19-feature.jpg"},"_links":{"self":[{"href":"https:\/\/www.iphone-ticker.de\/apiv2\/wp\/v2\/posts\/253124","targetHints":{"allow":["GET"]}}],"collection":[{"href":"https:\/\/www.iphone-ticker.de\/apiv2\/wp\/v2\/posts"}],"about":[{"href":"https:\/\/www.iphone-ticker.de\/apiv2\/wp\/v2\/types\/post"}],"author":[{"embeddable":true,"href":"https:\/\/www.iphone-ticker.de\/apiv2\/wp\/v2\/users\/1"}],"replies":[{"embeddable":true,"href":"https:\/\/www.iphone-ticker.de\/apiv2\/wp\/v2\/comments?post=253124"}],"version-history":[{"count":1,"href":"https:\/\/www.iphone-ticker.de\/apiv2\/wp\/v2\/posts\/253124\/revisions"}],"predecessor-version":[{"id":253128,"href":"https:\/\/www.iphone-ticker.de\/apiv2\/wp\/v2\/posts\/253124\/revisions\/253128"}],"wp:featuredmedia":[{"embeddable":true,"href":"https:\/\/www.iphone-ticker.de\/apiv2\/wp\/v2\/media\/253126"}],"wp:attachment":[{"href":"https:\/\/www.iphone-ticker.de\/apiv2\/wp\/v2\/media?parent=253124"}],"wp:term":[{"taxonomy":"category","embeddable":true,"href":"https:\/\/www.iphone-ticker.de\/apiv2\/wp\/v2\/categories?post=253124"},{"taxonomy":"post_tag","embeddable":true,"href":"https:\/\/www.iphone-ticker.de\/apiv2\/wp\/v2\/tags?post=253124"}],"curies":[{"name":"wp","href":"https:\/\/api.w.org\/{rel}","templated":true}]}}