{"id":252809,"date":"2025-03-20T19:43:04","date_gmt":"2025-03-20T18:43:04","guid":{"rendered":"https:\/\/www.iphone-ticker.de\/?p=252809"},"modified":"2025-03-31T19:57:56","modified_gmt":"2025-03-31T17:57:56","slug":"notfallplan-vision-pro-chef-uebernimmt-siri-und-apple-intelligence","status":"publish","type":"post","link":"https:\/\/www.iphone-ticker.de\/notfallplan-vision-pro-chef-uebernimmt-siri-und-apple-intelligence-252809\/","title":{"rendered":"Notfallplan: Vision-Pro-Chef \u00fcbernimmt Siri und &#8222;Apple Intelligence&#8220;"},"content":{"rendered":"<p>Es war absehbar, dass Apple angesichts der massiven <a href=\"https:\/\/www.ifun.de\/apple-verschiebt-neue-siri-funktionen-auf-das-kommende-jahr-250196\/\" title=\"Apple verschiebt neue Siri-Funktionen auf das kommende Jahr\">Probleme mit Siri<\/a> in irgendeiner Form reagieren wird. Mit einem F\u00fchrungswechsel im Siri-Team sollen nun wohl nicht nur die Wogen gegl\u00e4ttet werden, sondern im besten Fall auch die Leistungsf\u00e4higkeit von Apples Sprachassistentin verbessert werden. Apple l\u00e4uft der Konkurrenz derzeit deutlich hinterher.<\/p>\n<p>Mit Mike Rockwell \u00fcbernimmt der bisher f\u00fcr die \u201eVision Products Group\u201c und die Entwicklung der Datenbrille Vision Pro verantwortliche Apple-Manager nun die Leitung der Siri-Entwicklung sowie der \u00fcbergeordneten Abteilung f\u00fcr k\u00fcnstliche Intelligenz.<\/p>\n<p>Apple hat die Umstellung zwar noch nicht offiziell best\u00e4tigt, doch es gibt keinen Grund, an der Glaubw\u00fcrdigkeit des Berichts des Wirtschaftsmagazins <a href=\"https:\/\/www.bloomberg.com\/news\/articles\/2025-03-20\/apple-vision-pro-chief-mike-rockwell-named-siri-head-giannandrea-keeps-ai-role\">Bloomberg<\/a> diesbez\u00fcglich zu zweifeln.<\/p>\n<p><a href=\"https:\/\/images.ifun.de\/wp-content\/uploads\/2025\/03\/gruber-talk-show-2024-wwdc.jpg\"><img loading=\"lazy\" decoding=\"async\" src=\"https:\/\/images.ifun.de\/wp-content\/uploads\/2025\/03\/gruber-talk-show-2024-wwdc-700x415.jpg\" alt=\"Gruber Talk Show 2024 Wwdc\" width=\"700\" height=\"415\" class=\"alignnone size-large wp-image-250471\" \/><\/a><\/p>\n<h6>John Giannandrea (2. vr) neben den Apple-Managern Craig Federighi und Grek Joswiak<\/h6>\n<p>Rockwell wird Apples Softwarechef Craig Federighi direkt unterstehen und l\u00f6st den bisher f\u00fcr diesen Bereich zust\u00e4ndigen John Giannandrea in dieser Rolle ab. Giannandrea soll jedoch weiterhin in der F\u00fchrungsebene von Apple t\u00e4tig sein.<\/p>\n<p>Die Entscheidung sei das Ergebnis interner Diskussionen im Zusammenhang mit den Verz\u00f6gerungen und Herausforderungen bei der Weiterentwicklung von Siri. Berichten zufolge gab es bereits im vergangenen Sommer heftige Kontroversen in der Apple-F\u00fchrungsetage bez\u00fcglich der nun aufgeschobenen neuen Siri-Funktionen.<\/p>\n<h2>Neues \u201eNotfall-Team\u201c f\u00fcr Siri<\/h2>\n<p>Gemeinsam mit Rockwell sei mit Aimee Nugent eine weitere leitende Mitarbeiterin aus dem Vision-Pro-Team ins Siri-Team gewechselt. Auch Nugent wird nachgesagt, komplexe Projekte effizient restrukturieren zu k\u00f6nnen.<\/p>\n<p>Genau dies scheint mit Blick auf die Entwicklung von Siri dringend n\u00f6tig zu sein. Es w\u00e4re jedoch unrealistisch, zeitnah mit bahnbrechenden Neuerungen zu rechnen. Als spannender Termin steht allerdings im Juni Apples Entwicklerkonferenz WWDC auf dem Plan. Von Apple wird nicht nur ein Ausblick auf die kommenden Versionen seiner Betriebssysteme erwartet, sondern auch eine offenere und verl\u00e4sslichere Kommunikation zu den n\u00e4chsten Schritten bei Siri und \u201eApple Intelligence\u201c.<\/p>\n<h2>Die Siri-Probleme im R\u00fcckblick:<\/h2>\n<ul>\n<li><a href=\"https:\/\/www.iphone-ticker.de\/siri-soll-das-niveau-von-chatgpt-erst-in-zwei-jahren-erreichen-251280\/\" title=\"Siri soll das Niveau von ChatGPT erst in zwei Jahren erreichen\">Siri soll das Niveau von ChatGPT erst in zwei Jahren erreichen<\/a><\/li>\n<li><a href=\"https:\/\/www.ifun.de\/apple-verschiebt-neue-siri-funktionen-auf-das-kommende-jahr-250196\/\" title=\"Apple verschiebt neue Siri-Funktionen auf das kommende Jahr\">Apple verschiebt neue Siri-Funktionen auf das kommende Jahr<\/a><\/li>\n<li><a href=\"https:\/\/www.ifun.de\/apples-siri-krise-auch-die-smart-home-plaene-verzoegern-sich-250229\/\" title=\"Apples Siri-Krise: Auch die Smart-Home-Pl\u00e4ne verz\u00f6gern sich\">Apples Siri-Krise: Auch die Smart-Home-Pl\u00e4ne verz\u00f6gern sich<\/a><\/li>\n<li><a href=\"https:\/\/www.iphone-ticker.de\/waren-sicherheitsrisiken-grund-fuer-den-siri-aufschub-251766\/\" title=\"Waren Sicherheitsrisiken Grund f\u00fcr den Siri-Aufschub?\">Waren Sicherheitsrisiken Grund f\u00fcr den Siri-Aufschub?<\/a><\/li>\n<li><a href=\"https:\/\/www.iphone-ticker.de\/apples-siri-krise-cupertino-entfernt-ki-reklame-251720\/\" title=\"Apples Siri-Krise: Cupertino entfernt KI-Reklame\">Apples Siri-Krise: Cupertino entfernt KI-Reklame<\/a><\/li>\n<li><a href=\"https:\/\/www.iphone-ticker.de\/verschobene-siri-funktionen-apple-ueberarbeitet-webseite-251940\/\" title=\"Verschobene Siri-Funktionen: Apple \u00fcberarbeitet Webseite\">Verschobene Siri-Funktionen: Apple \u00fcberarbeitet Webseite<\/a><\/li>\n<li><a href=\"https:\/\/www.ifun.de\/siri-rueckzieher-tim-cook-sieht-seinen-fuehrungsstil-heftig-kritisiert-250468\/\" title=\"Siri-R\u00fcckzieher: Tim Cook sieht seinen F\u00fchrungsstil heftig kritisiert\">Siri-R\u00fcckzieher: Tim Cook sieht seinen F\u00fchrungsstil heftig kritisiert<\/a><img loading=\"lazy\" decoding=\"async\" src=\"https:\/\/vg08.met.vgwort.de\/na\/c34ee9613b464801bf4a18afc9663b1f\" width=\"1\" height=\"1\" no-lazy class=\"tracking\"><\/li>\n<\/ul>\n","protected":false},"excerpt":{"rendered":"<a href=\"https:\/\/www.iphone-ticker.de\/notfallplan-vision-pro-chef-uebernimmt-siri-und-apple-intelligence-252809\/\"><img decoding=\"async\" width=\"150\" src=\"https:\/\/images.ifun.de\/wp-content\/uploads\/2025\/03\/gruber-talk-show-2024-wwdc-700x415.jpg\" class=\"alignright wp-post-image tfe\" alt=\"Gruber Talk Show 2024 Wwdc\" title=\"\" \/><\/a><p>Es war absehbar, dass Apple angesichts der massiven Probleme mit Siri in irgendeiner Form reagieren wird. Mit einem F\u00fchrungswechsel im Siri-Team sollen nun wohl nicht nur die Wogen gegl\u00e4ttet werden, sondern im besten Fall auch die Leistungsf\u00e4higkeit von Apples Sprachassistentin verbessert werden. Apple l\u00e4uft der Konkurrenz derzeit deutlich hinterher. Mit Mike Rockwell \u00fcbernimmt der bisher [&hellip;]<\/p>\n","protected":false},"author":2,"featured_media":0,"comment_status":"open","ping_status":"closed","sticky":false,"template":"","format":"standard","meta":{"footnotes":""},"categories":[14,1975],"tags":[3912,962],"class_list":["post-252809","post","type-post","status-publish","format-standard","hentry","category-apple","category-feature","tag-apple","tag-siri"],"aioseo_notices":[],"subheadline":["Ausweg aus dem Debakel?"],"featured_image":["https:\/\/images.ifun.de\/wp-content\/uploads\/2025\/03\/siri-und-apple-intelligence-feature.jpg"],"rest_api_enabler":{"subheadline":"Ausweg aus dem Debakel?","featured_image":"https:\/\/images.ifun.de\/wp-content\/uploads\/2025\/03\/siri-und-apple-intelligence-feature.jpg"},"_links":{"self":[{"href":"https:\/\/www.iphone-ticker.de\/apiv2\/wp\/v2\/posts\/252809","targetHints":{"allow":["GET"]}}],"collection":[{"href":"https:\/\/www.iphone-ticker.de\/apiv2\/wp\/v2\/posts"}],"about":[{"href":"https:\/\/www.iphone-ticker.de\/apiv2\/wp\/v2\/types\/post"}],"author":[{"embeddable":true,"href":"https:\/\/www.iphone-ticker.de\/apiv2\/wp\/v2\/users\/2"}],"replies":[{"embeddable":true,"href":"https:\/\/www.iphone-ticker.de\/apiv2\/wp\/v2\/comments?post=252809"}],"version-history":[{"count":7,"href":"https:\/\/www.iphone-ticker.de\/apiv2\/wp\/v2\/posts\/252809\/revisions"}],"predecessor-version":[{"id":252818,"href":"https:\/\/www.iphone-ticker.de\/apiv2\/wp\/v2\/posts\/252809\/revisions\/252818"}],"wp:attachment":[{"href":"https:\/\/www.iphone-ticker.de\/apiv2\/wp\/v2\/media?parent=252809"}],"wp:term":[{"taxonomy":"category","embeddable":true,"href":"https:\/\/www.iphone-ticker.de\/apiv2\/wp\/v2\/categories?post=252809"},{"taxonomy":"post_tag","embeddable":true,"href":"https:\/\/www.iphone-ticker.de\/apiv2\/wp\/v2\/tags?post=252809"}],"curies":[{"name":"wp","href":"https:\/\/api.w.org\/{rel}","templated":true}]}}