{"id":252714,"date":"2025-03-19T16:46:29","date_gmt":"2025-03-19T15:46:29","guid":{"rendered":"https:\/\/www.iphone-ticker.de\/?p=252714"},"modified":"2025-03-19T16:46:29","modified_gmt":"2025-03-19T15:46:29","slug":"baden-wuerttemberg-handynutzung-an-schulen-soll-eingeschraenkt-werden","status":"publish","type":"post","link":"https:\/\/www.iphone-ticker.de\/baden-wuerttemberg-handynutzung-an-schulen-soll-eingeschraenkt-werden-252714\/","title":{"rendered":"Baden-W\u00fcrttemberg: Handynutzung an Schulen soll eingeschr\u00e4nkt werden"},"content":{"rendered":"<p>Die baden-w\u00fcrttembergische Kultusministerin <a href=\"https:\/\/km.baden-wuerttemberg.de\/de\/ministerium\/ministerin\">Theresa Schopper<\/a> strebt eine gesetzliche Regelung zur privaten Nutzung von Smartphones an Schulen an. Ihr Ministerium spricht von &#8222;klaren Leitplanken&#8220;, um negative Folgen f\u00fcr Sch\u00fclerinnen und Sch\u00fcler zu minimieren. Konkrete Ma\u00dfnahmen wurden bisher nicht pr\u00e4sentiert, doch Schopper betonte, dass es nicht um ein pauschales Verbot gehe.<\/p>\n<p><a href=\"https:\/\/images.iphone-ticker.de\/wp-content\/uploads\/2025\/03\/Schopper_Schreibtisch_2-2000.jpg\"><img loading=\"lazy\" decoding=\"async\" class=\"aligncenter size-medium wp-image-252715\" src=\"https:\/\/images.iphone-ticker.de\/wp-content\/uploads\/2025\/03\/Schopper_Schreibtisch_2-2000-500x333.jpg\" alt=\"Schopper Schreibtisch 2 2000\" width=\"500\" height=\"333\" srcset=\"https:\/\/images.iphone-ticker.de\/wp-content\/uploads\/2025\/03\/Schopper_Schreibtisch_2-2000-500x333.jpg 500w, https:\/\/images.iphone-ticker.de\/wp-content\/uploads\/2025\/03\/Schopper_Schreibtisch_2-2000-700x466.jpg 700w, https:\/\/images.iphone-ticker.de\/wp-content\/uploads\/2025\/03\/Schopper_Schreibtisch_2-2000-1536x1024.jpg 1536w, https:\/\/images.iphone-ticker.de\/wp-content\/uploads\/2025\/03\/Schopper_Schreibtisch_2-2000-2048x1365.jpg 2048w\" sizes=\"auto, (max-width: 500px) 100vw, 500px\" \/><\/a><\/p>\n<h6>Kultusministerin Theresa Schopper<\/h6>\n<p>Ziel sei es, Kinder und Jugendliche besser vor Ablenkung, Cybermobbing und exzessiver Mediennutzung zu sch\u00fctzen. Studien deuten darauf hin, dass digitale Ger\u00e4te die Konzentrationsf\u00e4higkeit und das Lernverm\u00f6gen beeintr\u00e4chtigen k\u00f6nnen.<\/p>\n<p>Daher k\u00f6nnte die Nutzung von Smartphones w\u00e4hrend des Unterrichts auf gezielte Zwecke wie Internet-Recherchen beschr\u00e4nkt werden, w\u00e4hrend die Ger\u00e4te in anderen Zeiten deaktiviert oder in den Flugmodus versetzt werden.<\/p>\n<h2>Auch Alterskontrollen gefordert<\/h2>\n<p>Dar\u00fcber hinaus pl\u00e4diert Schopper f\u00fcr sch\u00e4rfere Alterskontrollen auf Social-Media-Plattformen, um Kinder und Jugendliche vor ungeeigneten Inhalten zu sch\u00fctzen.<\/p>\n<p>Die Kultusministerin spricht sich daf\u00fcr aus, dass sowohl auf Bundes- als auch auf europ\u00e4ischer Ebene strengere Regelungen geschaffen werden. Bevor konkrete Ma\u00dfnahmen f\u00fcr Baden-W\u00fcrttemberg beschlossen werden, sollen Gespr\u00e4che mit anderen Bundesl\u00e4ndern sowie Elternvertretungen gef\u00fchrt werden. Bis dahin bleibt es weiterhin den Schulen \u00fcberlassen, eigene Vorgaben zur Handynutzung festzulegen.<\/p>\n<h2>Lehrerschaft mit unterschiedlichen Positionen<\/h2>\n<p><a href=\"https:\/\/www.swr.de\/swraktuell\/baden-wuerttemberg\/schopper-private-handynutzung-schule-einschraenken-100.html\">Lehrerverb\u00e4nde reagieren unterschiedlich<\/a> auf den Vorsto\u00df der Ministerin. Der Verband Bildung und Erziehung in Baden-W\u00fcrttemberg bekr\u00e4ftigt die Notwendigkeit einheitlicher Regelungen. Die bisherige Praxis, bei der Schulen eigenst\u00e4ndig \u00fcber Handyverbote entscheiden, sorgt bislang eher f\u00fcr Unstimmigkeiten.<\/p>\n<p>Die Gewerkschaft Erziehung und Wissenschaft h\u00e4lt eine neue gesetzliche Regelung hingegen nicht f\u00fcr erforderlich. Schulen w\u00fcrden bereits \u00fcber eigene Richtlinien zur Smartphone-Nutzung verf\u00fcgen, starre Schulgesetze hingegen seien nicht flexibel genug.<\/p>\n<h2>Zum Nachlesen:<\/h2>\n<ul>\n<li><strong>Berlin:<\/strong> <a title=\"Umfassendes Handyverbot an Berliner Schulen gefordert\" href=\"https:\/\/www.iphone-ticker.de\/umfassendes-handyverbot-an-berliner-schulen-gefordert-248599\/\">Handyverbot an Schulen gefordert<\/a><\/li>\n<li><strong>Australien:<\/strong> <a title=\"Australien plant Social-Media-Verbot f\u00fcr unter 16-J\u00e4hrige\" href=\"https:\/\/www.iphone-ticker.de\/australien-plant-social-media-verbot-fuer-unter-16-jaehrige-245100\/\">Social-Media-Verbot f\u00fcr unter 16-J\u00e4hrige<\/a><\/li>\n<li><strong>Norwegen:<\/strong> <a title=\"Social Media erst ab 15: Norwegische Regierung setzt neue Altersgrenze\" href=\"https:\/\/www.iphone-ticker.de\/social-media-erst-ab-15-norwegische-regierung-setzt-neue-altersgrenze-244337\/\">Social Media zuk\u00fcnftig erst ab 15<\/a><\/li>\n<li><strong>Frankreich:<\/strong> <a title=\"Frankreich: Kein Smartphone bis zum 13. Lebensjahr\" href=\"https:\/\/www.iphone-ticker.de\/frankreich-kein-smartphone-bis-zum-13-lebensjahr-234086\/\">Kein Smartphone bis zum 13. Lebensjahr<\/a><\/li>\n<\/ul>\n<p><img loading=\"lazy\" decoding=\"async\" src=\"https:\/\/vg09.met.vgwort.de\/na\/f67af961492a4169a936037af212633f\" width=\"1\" height=\"1\" no-lazy class=\"tracking\"><\/p>\n","protected":false},"excerpt":{"rendered":"<a href=\"https:\/\/www.iphone-ticker.de\/baden-wuerttemberg-handynutzung-an-schulen-soll-eingeschraenkt-werden-252714\/\"><img width=\"150\" height=\"150\" src=\"https:\/\/images.iphone-ticker.de\/wp-content\/uploads\/2025\/03\/symbolbild-kinder-schule-handy-150x150.jpg\" class=\"alignright tfe wp-post-image\" alt=\"Symbolbild Kinder Schule Handy\" decoding=\"async\" loading=\"lazy\" \/><\/a><p>Die baden-w\u00fcrttembergische Kultusministerin Theresa Schopper strebt eine gesetzliche Regelung zur privaten Nutzung von Smartphones an Schulen an. Ihr Ministerium spricht von &#8222;klaren Leitplanken&#8220;, um negative Folgen f\u00fcr Sch\u00fclerinnen und Sch\u00fcler zu minimieren. Konkrete Ma\u00dfnahmen wurden bisher nicht pr\u00e4sentiert, doch Schopper betonte, dass es nicht um ein pauschales Verbot gehe. Kultusministerin Theresa Schopper Ziel sei es, [&hellip;]<\/p>\n","protected":false},"author":1,"featured_media":252717,"comment_status":"open","ping_status":"closed","sticky":false,"template":"","format":"standard","meta":{"footnotes":""},"categories":[1],"tags":[1674,394,61,456,1131,3276],"class_list":["post-252714","post","type-post","status-publish","format-standard","has-post-thumbnail","hentry","category-news","tag-baden-wurttemberg","tag-gesundheit","tag-kinder","tag-schule","tag-smartphone","tag-sucht"],"aioseo_notices":[],"featured_image":["https:\/\/images.iphone-ticker.de\/wp-content\/uploads\/2025\/03\/symbolbild-kinder-schule-handy.jpg"],"subheadline":["Auch Alterskontrollen gefordert"],"rest_api_enabler":{"featured_image":"https:\/\/images.iphone-ticker.de\/wp-content\/uploads\/2025\/03\/symbolbild-kinder-schule-handy.jpg","subheadline":"Auch Alterskontrollen gefordert"},"_links":{"self":[{"href":"https:\/\/www.iphone-ticker.de\/apiv2\/wp\/v2\/posts\/252714","targetHints":{"allow":["GET"]}}],"collection":[{"href":"https:\/\/www.iphone-ticker.de\/apiv2\/wp\/v2\/posts"}],"about":[{"href":"https:\/\/www.iphone-ticker.de\/apiv2\/wp\/v2\/types\/post"}],"author":[{"embeddable":true,"href":"https:\/\/www.iphone-ticker.de\/apiv2\/wp\/v2\/users\/1"}],"replies":[{"embeddable":true,"href":"https:\/\/www.iphone-ticker.de\/apiv2\/wp\/v2\/comments?post=252714"}],"version-history":[{"count":1,"href":"https:\/\/www.iphone-ticker.de\/apiv2\/wp\/v2\/posts\/252714\/revisions"}],"predecessor-version":[{"id":252719,"href":"https:\/\/www.iphone-ticker.de\/apiv2\/wp\/v2\/posts\/252714\/revisions\/252719"}],"wp:featuredmedia":[{"embeddable":true,"href":"https:\/\/www.iphone-ticker.de\/apiv2\/wp\/v2\/media\/252717"}],"wp:attachment":[{"href":"https:\/\/www.iphone-ticker.de\/apiv2\/wp\/v2\/media?parent=252714"}],"wp:term":[{"taxonomy":"category","embeddable":true,"href":"https:\/\/www.iphone-ticker.de\/apiv2\/wp\/v2\/categories?post=252714"},{"taxonomy":"post_tag","embeddable":true,"href":"https:\/\/www.iphone-ticker.de\/apiv2\/wp\/v2\/tags?post=252714"}],"curies":[{"name":"wp","href":"https:\/\/api.w.org\/{rel}","templated":true}]}}