{"id":25261,"date":"2011-09-27T15:29:45","date_gmt":"2011-09-27T13:29:45","guid":{"rendered":"http:\/\/www.iphone-ticker.de\/?p=25261"},"modified":"2011-09-27T15:40:00","modified_gmt":"2011-09-27T13:40:00","slug":"iphone-5-verkaufsstart","status":"publish","type":"post","link":"https:\/\/www.iphone-ticker.de\/iphone-5-verkaufsstart-25261\/","title":{"rendered":"iPhone 5 angeblich ab 14. Oktober in den USA, Deutschland, Gro\u00dfbritannien, Frankreich und Japan erh\u00e4ltlich"},"content":{"rendered":"<p><img loading=\"lazy\" decoding=\"async\" src=\"http:\/\/www.iphone-ticker.de\/wp-content\/uploads\/2011\/09\/kalender1.jpg\" alt=\"\" title=\"kalender\" width=\"131\" height=\"125\" class=\"alignright size-full wp-image-25267\" \/>Das Puzzle um den Erscheinungstermin der n\u00e4chsten iPhone-Generation nimmt langsam Form an. Neben der f\u00fcr den 4. Oktober erwarteten Vorabpr\u00e4sentation scheint nun auch der Termin f\u00fcr den Verkaufsstart nahezu sicher. Angeblich bringt Apple das iPhone 5 am 14. Oktober in den USA, Deutschland, Gro\u00dfbritannien, Frankreich und Japan auf den Markt.<\/p>\n<p>Eine detaillierte Quelle f\u00fcr diese Angaben nennt die japanische Webseite <a href=\"http:\/\/www.macotakara.jp\/blog\/index.php?ID=14283\">Macotakara<\/a> zwar nicht, aber der Zeitrahmen deckt sich doch ganz gut mit den bisherigen Erwartungen. Zudem erinnern wir uns an die wohl von Apple bereits verh\u00e4ngten <a href=\"http:\/\/www.iphone-ticker.de\/urlaubssperre-apple-25202\/\">Urlaubssperren in KW 41<\/a>. (via <a href=\"http:\/\/www.appleinsider.com\/articles\/11\/09\/27\/apple_rumored_to_launch_iphone_5_oct_14_in_us_uk_france_germanyjapan.html\">AppleInsider<\/a>)<\/p>\n<p>Bleibt es beim Pr\u00e4sentationstermin n\u00e4chste Woche, so sollten allerdings sp\u00e4testens morgen die Presseeinladungen dazu eintrudeln. Bislang hat sich Apple stets bem\u00fcht, diese mit rund einer Woche Vorlauf zu verschicken.<\/p>\n","protected":false},"excerpt":{"rendered":"<a href=\"https:\/\/www.iphone-ticker.de\/iphone-5-verkaufsstart-25261\/\"><img width=\"131\" height=\"125\" src=\"https:\/\/images.iphone-ticker.de\/wp-content\/uploads\/2011\/09\/kalender1.jpg\" class=\"alignright tfe wp-post-image\" alt=\"\" decoding=\"async\" loading=\"lazy\" \/><\/a><p>Das Puzzle um den Erscheinungstermin der n\u00e4chsten iPhone-Generation nimmt langsam Form an. Neben der f\u00fcr den 4. Oktober erwarteten Vorabpr\u00e4sentation scheint nun auch der Termin f\u00fcr den Verkaufsstart nahezu sicher. Angeblich bringt Apple das iPhone 5 am 14. Oktober in den USA, Deutschland, Gro\u00dfbritannien, Frankreich und Japan auf den Markt. Eine detaillierte Quelle f\u00fcr diese [&hellip;]<\/p>\n","protected":false},"author":2,"featured_media":25267,"comment_status":"open","ping_status":"closed","sticky":false,"template":"","format":"standard","meta":{"footnotes":""},"categories":[6],"tags":[64,2064,344,737,947],"class_list":["post-25261","post","type-post","status-publish","format-standard","has-post-thumbnail","hentry","category-rumors","tag-deutschland","tag-geruechte","tag-iphone","tag-iphone-5","tag-verkaufsstart"],"aioseo_notices":[],"rest_api_enabler":[],"_links":{"self":[{"href":"https:\/\/www.iphone-ticker.de\/apiv2\/wp\/v2\/posts\/25261","targetHints":{"allow":["GET"]}}],"collection":[{"href":"https:\/\/www.iphone-ticker.de\/apiv2\/wp\/v2\/posts"}],"about":[{"href":"https:\/\/www.iphone-ticker.de\/apiv2\/wp\/v2\/types\/post"}],"author":[{"embeddable":true,"href":"https:\/\/www.iphone-ticker.de\/apiv2\/wp\/v2\/users\/2"}],"replies":[{"embeddable":true,"href":"https:\/\/www.iphone-ticker.de\/apiv2\/wp\/v2\/comments?post=25261"}],"version-history":[{"count":4,"href":"https:\/\/www.iphone-ticker.de\/apiv2\/wp\/v2\/posts\/25261\/revisions"}],"predecessor-version":[{"id":25268,"href":"https:\/\/www.iphone-ticker.de\/apiv2\/wp\/v2\/posts\/25261\/revisions\/25268"}],"wp:featuredmedia":[{"embeddable":true,"href":"https:\/\/www.iphone-ticker.de\/apiv2\/wp\/v2\/media\/25267"}],"wp:attachment":[{"href":"https:\/\/www.iphone-ticker.de\/apiv2\/wp\/v2\/media?parent=25261"}],"wp:term":[{"taxonomy":"category","embeddable":true,"href":"https:\/\/www.iphone-ticker.de\/apiv2\/wp\/v2\/categories?post=25261"},{"taxonomy":"post_tag","embeddable":true,"href":"https:\/\/www.iphone-ticker.de\/apiv2\/wp\/v2\/tags?post=25261"}],"curies":[{"name":"wp","href":"https:\/\/api.w.org\/{rel}","templated":true}]}}