{"id":25223,"date":"2011-09-26T11:23:21","date_gmt":"2011-09-26T09:23:21","guid":{"rendered":"http:\/\/www.iphone-ticker.de\/?p=25223"},"modified":"2011-09-26T14:10:10","modified_gmt":"2011-09-26T12:10:10","slug":"telekom-premieren-ticket-2","status":"publish","type":"post","link":"https:\/\/www.iphone-ticker.de\/telekom-premieren-ticket-2-25223\/","title":{"rendered":"Premieren-Tickets: Nachfrage bei der Telekom weiter ungebremst [Umfrage]"},"content":{"rendered":"<p>Die Nachfrage nach den seit Anfang September (wir berichteten) von der Telekom ausgegebenen Premieren-Tickets h\u00e4lt unvermindert an. Neben den zuversichtlichen aber wenig enthusiastischen Infos aus den oberen R\u00e4ngen &#8211; &#8222;die Telekom ist sehr zufrieden mit dem Verlauf der Aktion&#8220; hei\u00dft es dort aus Unternehmenskreisen &#8211; deutet auch das hier eingelaufene Feedback aus den T-Shops auf einen wahren Run auf die nummerierten K\u00e4rtchen zur Vorbestellung hin. <\/p>\n<p><img loading=\"lazy\" decoding=\"async\" alt=\"\" src=\"http:\/\/www.iphone-ticker.de\/wp-content\/uploads\/2011\/09\/preticket1.jpg\" title=\"Telekom Premieren Ticket\" class=\"aligncenter\" width=\"464\" height=\"186\" \/><\/p>\n<p>Was \u00fcberrascht: Etwa jeder dritte iPhone 5-Interessent fragt mittlerweile nicht mehr nach dem voraussichtlichen Erscheinungstermin, sondern verlangt konkret nach einem der (unverbindlichen) Premieren-Tickets.<\/p>\n<p>Uns w\u00fcrde die Herangehensweise der hier mitlesenden Telekom-Kunden interessieren. Habt ihr euch eines der Kreditkarten-gro\u00dfen Plastikk\u00e4rtchen gesichert?<\/p>\n<div>{democracy:43}<\/div>\n","protected":false},"excerpt":{"rendered":"<a href=\"https:\/\/www.iphone-ticker.de\/telekom-premieren-ticket-2-25223\/\"><img decoding=\"async\" width=\"150\" src=\"http:\/\/www.iphone-ticker.de\/wp-content\/uploads\/2011\/09\/preticket1.jpg\" class=\"alignright wp-post-image tfe\" alt=\"\" title=\"Telekom Premieren Ticket\" \/><\/a><p>Nachfrage bei der Telekom weiter ungebremst [Umfrage]<\/p>\n","protected":false},"author":1,"featured_media":0,"comment_status":"open","ping_status":"closed","sticky":false,"template":"","format":"standard","meta":{"footnotes":""},"categories":[745,749],"tags":[737,124,363,12],"class_list":["post-25223","post","type-post","status-publish","format-standard","hentry","category-featured","category-iphone-2","tag-iphone-5","tag-tarif","tag-telekom","tag-vertrag"],"aioseo_notices":[],"featured_image":["http:\/\/www.iphone-ticker.de\/wp-content\/uploads\/2011\/09\/preticket.png"],"rest_api_enabler":{"featured_image":"http:\/\/www.iphone-ticker.de\/wp-content\/uploads\/2011\/09\/preticket.png"},"_links":{"self":[{"href":"https:\/\/www.iphone-ticker.de\/apiv2\/wp\/v2\/posts\/25223","targetHints":{"allow":["GET"]}}],"collection":[{"href":"https:\/\/www.iphone-ticker.de\/apiv2\/wp\/v2\/posts"}],"about":[{"href":"https:\/\/www.iphone-ticker.de\/apiv2\/wp\/v2\/types\/post"}],"author":[{"embeddable":true,"href":"https:\/\/www.iphone-ticker.de\/apiv2\/wp\/v2\/users\/1"}],"replies":[{"embeddable":true,"href":"https:\/\/www.iphone-ticker.de\/apiv2\/wp\/v2\/comments?post=25223"}],"version-history":[{"count":2,"href":"https:\/\/www.iphone-ticker.de\/apiv2\/wp\/v2\/posts\/25223\/revisions"}],"predecessor-version":[{"id":25232,"href":"https:\/\/www.iphone-ticker.de\/apiv2\/wp\/v2\/posts\/25223\/revisions\/25232"}],"wp:attachment":[{"href":"https:\/\/www.iphone-ticker.de\/apiv2\/wp\/v2\/media?parent=25223"}],"wp:term":[{"taxonomy":"category","embeddable":true,"href":"https:\/\/www.iphone-ticker.de\/apiv2\/wp\/v2\/categories?post=25223"},{"taxonomy":"post_tag","embeddable":true,"href":"https:\/\/www.iphone-ticker.de\/apiv2\/wp\/v2\/tags?post=25223"}],"curies":[{"name":"wp","href":"https:\/\/api.w.org\/{rel}","templated":true}]}}