{"id":25202,"date":"2011-09-24T19:34:33","date_gmt":"2011-09-24T17:34:33","guid":{"rendered":"http:\/\/www.iphone-ticker.de\/?p=25202"},"modified":"2011-09-24T19:35:12","modified_gmt":"2011-09-24T17:35:12","slug":"urlaubssperre-apple","status":"publish","type":"post","link":"https:\/\/www.iphone-ticker.de\/urlaubssperre-apple-25202\/","title":{"rendered":"Apple setzt Urlaubssperren in Kalenderwoche 41"},"content":{"rendered":"<p>Zumindest in den USA untersagt Apple seiner Retail-Store und Apple-Care Belegschaft derzeit die Inanspruchnahme von Urlaubstagen in der 41. Kalender- respektive der zweiten Oktober-Woche. <\/p>\n<p>Gesplittet in zwei Bl\u00f6cke, <a href=\"http:\/\/www.appleinsider.com\/articles\/11\/09\/24\/apple_blacking_out_vacation_days_during_second_week_of_october.html\">dies berichtet<\/a> die US-Webseite AppleInsider und beruft sich auf betroffene Angestellte, werden Urlaubsanfragen momentan sowohl zwischen dem 9. und dem 12. Oktober, als auch zwischen dem 14. und 15. Oktober abgelehnt. W\u00e4hrend der erste Block auf die Freigabe des iOS 5 hindeuten k\u00f6nnte: <\/p>\n<blockquote><p>[&#8230;] certain segments of the company&#8217;s AppleCare divisions have been told to prepare for an influx of iOS-related inquiries on that same day. <\/p><\/blockquote>\n<p>bietet sich der Abschnitt zwischen dem 14. und 15. Oktober als Launch-Termin f\u00fcr die n\u00e4chste iPhone-Generation an. Wir haben uns hierzulande umgeh\u00f6rt, k\u00f6nnen eine \u00e4hnliche Sperrfrist in den deutschen Retail-Filialen jedoch nicht best\u00e4tigen. Was die iPhone-Vorstellung (und gleichzeitig das wahrscheinlich erste von Tim Cook gef\u00fchrte Medien-Event) angeht, liegt <a href=\"http:\/\/www.iphone-ticker.de\/iphone-5-vorstellung-oktober-25077\/\">nach wie vor<\/a> der 4. Oktober als m\u00f6glicher Keynote-Termin auf dem Tisch.<\/p>\n","protected":false},"excerpt":{"rendered":"<p>Zumindest in den USA untersagt Apple seiner Retail-Store und Apple-Care Belegschaft derzeit die Inanspruchnahme von Urlaubstagen in der 41. Kalender- respektive der zweiten Oktober-Woche. Gesplittet in zwei Bl\u00f6cke, dies berichtet die US-Webseite AppleInsider und beruft sich auf betroffene Angestellte, werden Urlaubsanfragen momentan sowohl zwischen dem 9. und dem 12. Oktober, als auch zwischen dem 14. [&hellip;]<\/p>\n","protected":false},"author":1,"featured_media":0,"comment_status":"open","ping_status":"closed","sticky":false,"template":"","format":"standard","meta":{"footnotes":""},"categories":[14],"tags":[3912,2064,3910],"class_list":["post-25202","post","type-post","status-publish","format-standard","hentry","category-apple","tag-apple","tag-geruechte","tag-rumors"],"aioseo_notices":[],"rest_api_enabler":[],"_links":{"self":[{"href":"https:\/\/www.iphone-ticker.de\/apiv2\/wp\/v2\/posts\/25202","targetHints":{"allow":["GET"]}}],"collection":[{"href":"https:\/\/www.iphone-ticker.de\/apiv2\/wp\/v2\/posts"}],"about":[{"href":"https:\/\/www.iphone-ticker.de\/apiv2\/wp\/v2\/types\/post"}],"author":[{"embeddable":true,"href":"https:\/\/www.iphone-ticker.de\/apiv2\/wp\/v2\/users\/1"}],"replies":[{"embeddable":true,"href":"https:\/\/www.iphone-ticker.de\/apiv2\/wp\/v2\/comments?post=25202"}],"version-history":[{"count":3,"href":"https:\/\/www.iphone-ticker.de\/apiv2\/wp\/v2\/posts\/25202\/revisions"}],"predecessor-version":[{"id":25205,"href":"https:\/\/www.iphone-ticker.de\/apiv2\/wp\/v2\/posts\/25202\/revisions\/25205"}],"wp:attachment":[{"href":"https:\/\/www.iphone-ticker.de\/apiv2\/wp\/v2\/media?parent=25202"}],"wp:term":[{"taxonomy":"category","embeddable":true,"href":"https:\/\/www.iphone-ticker.de\/apiv2\/wp\/v2\/categories?post=25202"},{"taxonomy":"post_tag","embeddable":true,"href":"https:\/\/www.iphone-ticker.de\/apiv2\/wp\/v2\/tags?post=25202"}],"curies":[{"name":"wp","href":"https:\/\/api.w.org\/{rel}","templated":true}]}}