{"id":251539,"date":"2025-03-06T12:53:39","date_gmt":"2025-03-06T11:53:39","guid":{"rendered":"https:\/\/www.iphone-ticker.de\/?p=251539"},"modified":"2025-03-06T12:53:39","modified_gmt":"2025-03-06T11:53:39","slug":"hoertipp-ard-doku-ueber-dubiose-smartphone-datenrettung","status":"publish","type":"post","link":"https:\/\/www.iphone-ticker.de\/hoertipp-ard-doku-ueber-dubiose-smartphone-datenrettung-251539\/","title":{"rendered":"H\u00f6rtipp ARD-Doku \u00fcber dubiose Smartphone-Datenrettung"},"content":{"rendered":"<p>Smartphones speichern eine Vielzahl privater und sensibler Informationen. F\u00e4llt ein solches Ger\u00e4t aus, vertrauen Nutzer h\u00e4ufig auf spezialisierte Datenrettungsdienste. Eine aktuelle ARD-Dokumentation mit dem Titel &#8222;<a href=\"https:\/\/www.ardaudiothek.de\/sendung\/das-ard-radiofeature\/72633432\/\">Dr. Bens Blackscreen-Business<\/a>&#8220; wirft nun allerdings ein kritisches Licht auf einzelne Anbieter dieser Branche. Im Mittelpunkt steht ein Unternehmen, das im Verdacht steht, die Notsituation seiner Kunden auszunutzen.<\/p>\n<p><a href=\"https:\/\/images.iphone-ticker.de\/wp-content\/uploads\/2025\/03\/ard-audiothek-radiofeature.jpg\"><img loading=\"lazy\" decoding=\"async\" class=\"aligncenter size-full wp-image-251540\" src=\"https:\/\/images.iphone-ticker.de\/wp-content\/uploads\/2025\/03\/ard-audiothek-radiofeature.jpg\" alt=\"Ard Audiothek Radiofeature\" width=\"500\" height=\"500\" srcset=\"https:\/\/images.iphone-ticker.de\/wp-content\/uploads\/2025\/03\/ard-audiothek-radiofeature.jpg 448w, https:\/\/images.iphone-ticker.de\/wp-content\/uploads\/2025\/03\/ard-audiothek-radiofeature-150x150.jpg 150w\" sizes=\"auto, (max-width: 500px) 100vw, 500px\" \/><\/a><\/p>\n<p>Der Anbieter wirbt mit g\u00fcnstigen Einstiegspreisen f\u00fcr die Wiederherstellung verlorener Daten. Tats\u00e4chlich k\u00f6nnten die endg\u00fcltigen Rechnungen laut Recherchen der Autoren jedoch deutlich h\u00f6her ausfallen. Kunden w\u00fcrden oft unerwartet hohe Rechnungen erhalten, obwohl sie zuvor keine Zustimmung zu entsprechenden Kostenvoranschl\u00e4gen gegeben h\u00e4tten.<\/p>\n<ul>\n<li><strong>ARD Audiothek: <\/strong><a href=\"https:\/\/www.ardaudiothek.de\/sendung\/das-ard-radiofeature\/72633432\/\">Dr. Bens Blackscreen-Business<\/a><\/li>\n<\/ul>\n<p>Es gebe Hinweise darauf, dass Kunden unter Druck gesetzt w\u00fcrden, diese Forderungen dennoch zu begleichen. Zudem bestehe der Verdacht, dass Ger\u00e4te absichtlich besch\u00e4digt zur\u00fcckgegeben werden k\u00f6nnten, sollten Kunden eine Datenrettung ablehnen.<\/p>\n<h2>Auch Ermittlungsbeh\u00f6rden z\u00e4hlen zur Kundschaft<\/h2>\n<p>Die ARD-Recherche zeigt dar\u00fcber hinaus, dass nicht nur Privatpersonen betroffen sind, sondern auch Strafverfolgungsbeh\u00f6rden, darunter Landeskriminal\u00e4mter und das Bundeskriminalamt, Dienstleistungen dieses Anbieters in Anspruch n\u00e4hmen.<\/p>\n<p>Beh\u00f6rden w\u00fcrden diese externen Angebote nutzen, da sie selbst mit technischen Herausforderungen \u00fcberfordert seien oder Ressourcen daf\u00fcr fehlten. Dabei habe das Bundeskriminalamt den Anbieter sogar aktiv an andere Ermittlungsstellen empfohlen, offenbar ohne von bereits bestehenden Ermittlungsverfahren gegen diesen zu wissen.<\/p>\n<audio class=\"wp-audio-shortcode\" id=\"audio-251539-1\" preload=\"none\" style=\"width: 100%;\" controls=\"controls\"><source type=\"audio\/mpeg\" src=\"https:\/\/wdrmedien-a.akamaihd.net\/medp\/podcast\/weltweit\/fsk0\/325\/3259829\/3259829_61395227.mp3?_=1\" \/><a href=\"https:\/\/wdrmedien-a.akamaihd.net\/medp\/podcast\/weltweit\/fsk0\/325\/3259829\/3259829_61395227.mp3\">https:\/\/wdrmedien-a.akamaihd.net\/medp\/podcast\/weltweit\/fsk0\/325\/3259829\/3259829_61395227.mp3<\/a><\/audio>\n<p>Die Autoren verifizierten ihre Recherche durch Kundengespr\u00e4che und Dokumente von \u00fcber 70 F\u00e4llen, darunter Rechnungen, Kostenvoranschl\u00e4ge und Kommunikationsprotokolle. Ein Experiment mit Experten des Fraunhofer-Instituts erh\u00e4rtete zus\u00e4tzlich die Vorw\u00fcrfe der technischen Manipulation.<\/p>\n<p><a href=\"https:\/\/www.ardaudiothek.de\/sendung\/das-ard-radiofeature\/72633432\/\">Dr. Bens Blackscreen-Business<\/a> steht in der ARD Audiothek als knapp einst\u00fcndiges Radiofeature zur Verf\u00fcgung. Erg\u00e4nzend steht ein Gespr\u00e4ch mit den f\u00fcr das Radiofeature mitverantwortlichen Journalistinnen Katja Hackmann und Caroline Uhl <a href=\"https:\/\/www.ardaudiothek.de\/episode\/ard-radiofeature\/dr-bens-blackscreen-business-journalistinnen-katja-hackmann-und-caroline-uhl-im-gespraech\/ard\/14239693\/\">zum Download bereit<\/a>.<\/p>\n<!-- WP-Appbox (Version: 4.5.13 \/\/ Store: appstore \/\/ ID: 1224607890) -->\t<!-- app-link -->\n\t<div id=\"article-single-app-preview\">\n\t\t<div id=\"article-single-app-preview-header\">\n\t\t\t<span class=\"title\">Laden im App Store<\/span>\n\t\t<\/div>\n\t\t<div id=\"article-single-app-preview-content\">\n\t\t\t<div id=\"article-single-app-preview-img\"><img loading=\"lazy\" decoding=\"async\" src=\"\/\/www.iphone-ticker.de\/wp-content\/cache\/wp-appbox\/6f16e9ede5398d3c15d92b3aaf8175e2\/ai-740db49665ec9aaceca227bc92872351\" alt=\"ARD Sounds\"  height=\"72\" width=\"72\" class=\"asl-icon-img\" \/><\/div>\n\t\t\t<div id=\"article-single-app-preview-desc\">\n\t\t\t\t<span class=\"name\">ARD Sounds<\/span><br \/>\n\t\t\t\t<span class=\"seller\">Entwickler: <a target=\"_blank\" rel=\"nofollow\" href=\"https:\/\/apps.apple.com\/de\/developer\/sudwestrundfunk-anstalt-des-offentlichen-rechts\/id610313722\">Sudwestrundfunk, Anstalt des offentlichen Rechts<\/a><\/span>\n\t\t\t<\/div>\n\t\t\t<a target=\"_blank\" rel=\"nofollow\" href=\"https:\/\/apps.apple.com\/de\/app\/ard-sounds\/id1224607890\"><div id=\"article-single-app-preview-download\">Preis: Kostenlos<br \/>\n\t\t\t<span class=\"size\">Laden<\/span><\/div><\/a>\n\t\t<\/div>\n\t\t<!-- <div id=\"article-single-app-preview-footer\"><\/div>\t-->\n\t<\/div>\n\t<!-- app-link\/ende --><!-- \/WP-Appbox -->\n<p><img loading=\"lazy\" decoding=\"async\" src=\"https:\/\/vg08.met.vgwort.de\/na\/1cabdcfc7d3446b5ae7b66f2c3607034\" width=\"1\" height=\"1\" no-lazy class=\"tracking\"><\/p>\n","protected":false},"excerpt":{"rendered":"<a href=\"https:\/\/www.iphone-ticker.de\/hoertipp-ard-doku-ueber-dubiose-smartphone-datenrettung-251539\/\"><img width=\"150\" height=\"150\" src=\"https:\/\/images.iphone-ticker.de\/wp-content\/uploads\/2025\/03\/ard-radiofeature-150x150.jpg\" class=\"alignright tfe wp-post-image\" alt=\"Ard Radiofeature\" decoding=\"async\" loading=\"lazy\" \/><\/a><p>Smartphones speichern eine Vielzahl privater und sensibler Informationen. F\u00e4llt ein solches Ger\u00e4t aus, vertrauen Nutzer h\u00e4ufig auf spezialisierte Datenrettungsdienste. Eine aktuelle ARD-Dokumentation mit dem Titel &#8222;Dr. Bens Blackscreen-Business&#8220; wirft nun allerdings ein kritisches Licht auf einzelne Anbieter dieser Branche. Im Mittelpunkt steht ein Unternehmen, das im Verdacht steht, die Notsituation seiner Kunden auszunutzen. Der Anbieter [&hellip;]<\/p>\n","protected":false},"author":1,"featured_media":251541,"comment_status":"open","ping_status":"closed","sticky":false,"template":"","format":"standard","meta":{"footnotes":""},"categories":[1],"tags":[514,3877,101],"class_list":["post-251539","post","type-post","status-publish","format-standard","has-post-thumbnail","hentry","category-news","tag-ard","tag-audiothek","tag-radio"],"aioseo_notices":[],"subheadline":["Auch Ermittlungsbeh\u00f6rden z\u00e4hlen zur Kundschaft"],"featured_image":["https:\/\/images.iphone-ticker.de\/wp-content\/uploads\/2025\/03\/ard-radiofeature.jpg"],"rest_api_enabler":{"subheadline":"Auch Ermittlungsbeh\u00f6rden z\u00e4hlen zur Kundschaft","featured_image":"https:\/\/images.iphone-ticker.de\/wp-content\/uploads\/2025\/03\/ard-radiofeature.jpg"},"_links":{"self":[{"href":"https:\/\/www.iphone-ticker.de\/apiv2\/wp\/v2\/posts\/251539","targetHints":{"allow":["GET"]}}],"collection":[{"href":"https:\/\/www.iphone-ticker.de\/apiv2\/wp\/v2\/posts"}],"about":[{"href":"https:\/\/www.iphone-ticker.de\/apiv2\/wp\/v2\/types\/post"}],"author":[{"embeddable":true,"href":"https:\/\/www.iphone-ticker.de\/apiv2\/wp\/v2\/users\/1"}],"replies":[{"embeddable":true,"href":"https:\/\/www.iphone-ticker.de\/apiv2\/wp\/v2\/comments?post=251539"}],"version-history":[{"count":2,"href":"https:\/\/www.iphone-ticker.de\/apiv2\/wp\/v2\/posts\/251539\/revisions"}],"predecessor-version":[{"id":251551,"href":"https:\/\/www.iphone-ticker.de\/apiv2\/wp\/v2\/posts\/251539\/revisions\/251551"}],"wp:featuredmedia":[{"embeddable":true,"href":"https:\/\/www.iphone-ticker.de\/apiv2\/wp\/v2\/media\/251541"}],"wp:attachment":[{"href":"https:\/\/www.iphone-ticker.de\/apiv2\/wp\/v2\/media?parent=251539"}],"wp:term":[{"taxonomy":"category","embeddable":true,"href":"https:\/\/www.iphone-ticker.de\/apiv2\/wp\/v2\/categories?post=251539"},{"taxonomy":"post_tag","embeddable":true,"href":"https:\/\/www.iphone-ticker.de\/apiv2\/wp\/v2\/tags?post=251539"}],"curies":[{"name":"wp","href":"https:\/\/api.w.org\/{rel}","templated":true}]}}