{"id":251052,"date":"2025-02-26T16:01:00","date_gmt":"2025-02-26T15:01:00","guid":{"rendered":"https:\/\/www.iphone-ticker.de\/?p=251052"},"modified":"2025-03-07T05:20:41","modified_gmt":"2025-03-07T04:20:41","slug":"aus-racist-wird-trump-apple-raeumt-probleme-mit-spracherkennung-ein","status":"publish","type":"post","link":"https:\/\/www.iphone-ticker.de\/aus-racist-wird-trump-apple-raeumt-probleme-mit-spracherkennung-ein-251052\/","title":{"rendered":"Aus &#8222;Racist&#8220; wird &#8222;Trump&#8220;: Apple r\u00e4umt Probleme mit Diktaten ein"},"content":{"rendered":"<p>Einige iPhone-Nutzer haben in den vergangenen 24 Stunden auf merkw\u00fcrdiges Verhalten bei der Nutzung der in iOS ab Werk integrierten Diktierfunktion festgestellt. Bei betroffenen Anwendern erschien das Wort &#8222;Racist&#8220; nach der Spracheingabe und anschlie\u00dfender Transkription kurzzeitig als &#8222;Trump&#8220;, bevor es sich selbst korrigierte.<\/p>\n<p><a href=\"https:\/\/images.iphone-ticker.de\/wp-content\/uploads\/2025\/02\/trump-racist.gif\"><img decoding=\"async\" src=\"https:\/\/images.iphone-ticker.de\/wp-content\/uploads\/2025\/02\/trump-racist.gif\" alt=\"Trump Racist\" width=\"500\" class=\"aligncenter size-full wp-image-251065\" \/><\/a><\/p>\n<p>Auf die Problematik aufmerksam gemacht hat <a href=\"https:\/\/www.tiktok.com\/@user9586420191789\/video\/7472830639327366446\">ein virales TikTok-Video<\/a>, das Diskussionen \u00fcber die Funktionsweise und die Qualit\u00e4t von Apples Diktatfunktion nach sich zog.<\/p>\n<h2>Apple arbeitet an Fehlerbehebung<\/h2>\n<p>Der Fehler wurde inzwischen auch von der &#8222;New York Times&#8220; reproduziert, der eine seltene Stellungnahme von Apple <a href=\"https:\/\/www.nytimes.com\/2025\/02\/25\/technology\/iphone-dictation-trump-racist.html\">zum akuten Problem vorliegt<\/a>. Wie Sprecherin des Unternehmens erkl\u00e4rte, sei der Fehler auf eine phonetische \u00c4hnlichkeit zwischen den beiden W\u00f6rtern zur\u00fcckzuf\u00fchren. Bei Apple arbeite man bereits an einer Behebung des Problems, nennt jedoch keinen konkretes Zeitfenster.<\/p>\n<p>Ein fr\u00fcheres Mitglied des Siri-Teams, verwies im Gespr\u00e4ch mit der Zeitung darauf, dass die St\u00f6rung vermutlich durch ein Server-Update provoziert wurde. M\u00f6glich ist, dass man es hier mit einer absichtlichen Manipulation zu tun haben k\u00f6nnte.<\/p>\n<p><video autoplay loop playsinline muted poster=\"\" preload=\"auto\" controls=\"controls\" width=\"100%\" ><source src=\"https:\/\/images.iphone-ticker.de\/wp-content\/uploads\/2025\/02\/trump-racist-small.mp4\" \/><\/video><\/p>\n<h2>Apple und Trump n\u00e4hern sich an<\/h2>\n<p>Das Auftreten der aktuellen Panne folgt unmittelbar auf die Ank\u00fcndigung Apples, wonach das Unternehmen in den kommenden vier Jahren 500 Milliarden US-Dollar in den Vereinigten Staaten investieren werden &#8211; <a href=\"https:\/\/www.iphone-ticker.de\/milliarden-fuer-die-usa-wie-apple-trumps-strafzoelle-umschiffen-will-250859\/\">ifun.de berichtete<\/a>.<\/p>\n<p>Beobachter vermuten, dass Apple mit der Milliarden-Investition von Trump angedrohte Handelsbarrieren verhindern will.<\/p>\n<p>So weit wie Meta geht Apple beim der Ann\u00e4herung an die neue US-Administration  jedoch nicht. Auf der Jahres-Hauptversammlung des Konzerns hatten sich die Anteilseigner erst Anfang der Woche daf\u00fcr ausgesprochen, Ma\u00dfnahmen zur <a href=\"https:\/\/www.ifun.de\/vielfalt-und-gleichberechtigung-apple-haelt-weiter-kurs-249390\/\">diversit\u00e4tsorientierten Unternehmensf\u00fchrung nicht abzuschaffen<\/a>, sondern am bisherigen Kurs festzuhalten.<\/p>\n<p><img loading=\"lazy\" decoding=\"async\" src=\"https:\/\/vg07.met.vgwort.de\/na\/f5ac40199d3243d5997f4c74ed2ef269\" width=\"1\" height=\"1\" no-lazy class=\"tracking\"><\/p>\n","protected":false},"excerpt":{"rendered":"<a href=\"https:\/\/www.iphone-ticker.de\/aus-racist-wird-trump-apple-raeumt-probleme-mit-spracherkennung-ein-251052\/\"><img width=\"150\" height=\"150\" src=\"https:\/\/images.iphone-ticker.de\/wp-content\/uploads\/2025\/02\/trump-racist-150x150.gif\" class=\"alignright tfe wp-post-image\" alt=\"Trump Racist\" decoding=\"async\" loading=\"lazy\" \/><\/a><p>Einige iPhone-Nutzer haben in den vergangenen 24 Stunden auf merkw\u00fcrdiges Verhalten bei der Nutzung der in iOS ab Werk integrierten Diktierfunktion festgestellt. Bei betroffenen Anwendern erschien das Wort &#8222;Racist&#8220; nach der Spracheingabe und anschlie\u00dfender Transkription kurzzeitig als &#8222;Trump&#8220;, bevor es sich selbst korrigierte. Auf die Problematik aufmerksam gemacht hat ein virales TikTok-Video, das Diskussionen \u00fcber [&hellip;]<\/p>\n","protected":false},"author":1,"featured_media":251065,"comment_status":"closed","ping_status":"closed","sticky":false,"template":"","format":"standard","meta":{"footnotes":""},"categories":[14,1975],"tags":[3912,3691],"class_list":["post-251052","post","type-post","status-publish","format-standard","has-post-thumbnail","hentry","category-apple","category-feature","tag-apple","tag-trump"],"aioseo_notices":[],"subheadline":["Fehlfunktion in Apples Diktierfunktion"],"featured_image":["https:\/\/images.iphone-ticker.de\/wp-content\/uploads\/2019\/08\/trump-ist-boese.jpg"],"rest_api_enabler":{"subheadline":"Fehlfunktion in Apples Diktierfunktion","featured_image":"https:\/\/images.iphone-ticker.de\/wp-content\/uploads\/2019\/08\/trump-ist-boese.jpg"},"_links":{"self":[{"href":"https:\/\/www.iphone-ticker.de\/apiv2\/wp\/v2\/posts\/251052","targetHints":{"allow":["GET"]}}],"collection":[{"href":"https:\/\/www.iphone-ticker.de\/apiv2\/wp\/v2\/posts"}],"about":[{"href":"https:\/\/www.iphone-ticker.de\/apiv2\/wp\/v2\/types\/post"}],"author":[{"embeddable":true,"href":"https:\/\/www.iphone-ticker.de\/apiv2\/wp\/v2\/users\/1"}],"replies":[{"embeddable":true,"href":"https:\/\/www.iphone-ticker.de\/apiv2\/wp\/v2\/comments?post=251052"}],"version-history":[{"count":3,"href":"https:\/\/www.iphone-ticker.de\/apiv2\/wp\/v2\/posts\/251052\/revisions"}],"predecessor-version":[{"id":251076,"href":"https:\/\/www.iphone-ticker.de\/apiv2\/wp\/v2\/posts\/251052\/revisions\/251076"}],"wp:featuredmedia":[{"embeddable":true,"href":"https:\/\/www.iphone-ticker.de\/apiv2\/wp\/v2\/media\/251065"}],"wp:attachment":[{"href":"https:\/\/www.iphone-ticker.de\/apiv2\/wp\/v2\/media?parent=251052"}],"wp:term":[{"taxonomy":"category","embeddable":true,"href":"https:\/\/www.iphone-ticker.de\/apiv2\/wp\/v2\/categories?post=251052"},{"taxonomy":"post_tag","embeddable":true,"href":"https:\/\/www.iphone-ticker.de\/apiv2\/wp\/v2\/tags?post=251052"}],"curies":[{"name":"wp","href":"https:\/\/api.w.org\/{rel}","templated":true}]}}