{"id":250826,"date":"2025-02-24T08:18:30","date_gmt":"2025-02-24T07:18:30","guid":{"rendered":"https:\/\/www.iphone-ticker.de\/?p=250826"},"modified":"2025-02-24T09:14:55","modified_gmt":"2025-02-24T08:14:55","slug":"my-finder-von-verbatim-bluetooth-tracker-fuer-apple-nutzer","status":"publish","type":"post","link":"https:\/\/www.iphone-ticker.de\/my-finder-von-verbatim-bluetooth-tracker-fuer-apple-nutzer-250826\/","title":{"rendered":"My Finder von Verbatim: Bluetooth-Tracker f\u00fcr Apple-Nutzer"},"content":{"rendered":"<p>Mit <a href=\"https:\/\/www.verbatim-europe.com\/en\/my-finder-bluetooth-tracker\/products\/my-finder-bluetooth-tracker-single-pack-32130\">dem My Finder<\/a> hat der ansonsten vor allem f\u00fcr seine Speichermedien bekannte Anbieter Verbatim einen Bluetooth-Tracker im Sortiment, der mit Apples &#8222;Wo ist?&#8220;-App kompatibel ist und sich als g\u00fcnstige AirTag-Alternative anbietet.<\/p>\n<p><a href=\"https:\/\/images.iphone-ticker.de\/wp-content\/uploads\/2025\/02\/verbatim-my-finder.png\"><img loading=\"lazy\" decoding=\"async\" class=\"aligncenter size-medium wp-image-250829\" src=\"https:\/\/images.iphone-ticker.de\/wp-content\/uploads\/2025\/02\/verbatim-my-finder-500x500.png\" alt=\"Verbatim My Finder\" width=\"500\" height=\"500\" srcset=\"https:\/\/images.iphone-ticker.de\/wp-content\/uploads\/2025\/02\/verbatim-my-finder-500x500.png 500w, https:\/\/images.iphone-ticker.de\/wp-content\/uploads\/2025\/02\/verbatim-my-finder-700x700.png 700w, https:\/\/images.iphone-ticker.de\/wp-content\/uploads\/2025\/02\/verbatim-my-finder-150x150.png 150w, https:\/\/images.iphone-ticker.de\/wp-content\/uploads\/2025\/02\/verbatim-my-finder-1536x1536.png 1536w, https:\/\/images.iphone-ticker.de\/wp-content\/uploads\/2025\/02\/verbatim-my-finder-2048x2048.png 2048w\" sizes=\"auto, (max-width: 500px) 100vw, 500px\" \/><\/a><\/p>\n<p>Das Ger\u00e4t kann an Gegenst\u00e4nden wie Schl\u00fcsseln, Taschen oder Gep\u00e4ck befestigt werden, um deren Standort zu ermitteln.<\/p>\n<h2>Knopfzelle mit 12 Monaten Laufzeit<\/h2>\n<p>Das Ger\u00e4t nutzt Apples &#8222;Wo ist?&#8220;-Netzwerk, um verloren gegangene oder verlegte Objekte zu orten. Nutzer k\u00f6nnen das Ger\u00e4t innerhalb der App per Signalton auffinden, sofern es sich in unmittelbarer N\u00e4he befindet. Alternativ l\u00e4sst sich der letzte bekannte Standort des Trackers auf einer Karte anzeigen. In der App k\u00f6nnten zudem Kontaktdaten hinterlegt werden, damit Finder den Besitzer informieren k\u00f6nnen.<\/p>\n<p>Wie die AirTags senden auch die Verbatim-Tracker kontinuierliche Bluetooth-Signale aus, die von iPhones in der Umgebung ausgewertet, mit dem Standort verkn\u00fcpft und an Apple \u00fcbermittelt werden.<\/p>\n<p><a href=\"https:\/\/images.iphone-ticker.de\/wp-content\/uploads\/2025\/02\/verbatim-lifestyle-pictures-myfinder-shooting-september-2023-32130-ab-7-1.jpg\"><img loading=\"lazy\" decoding=\"async\" class=\"aligncenter size-large wp-image-250830\" src=\"https:\/\/images.iphone-ticker.de\/wp-content\/uploads\/2025\/02\/verbatim-lifestyle-pictures-myfinder-shooting-september-2023-32130-ab-7-1-700x466.jpg\" alt=\"Verbatim Lifestyle Pictures Myfinder Shooting September 2023 32130 Ab 7 1\" width=\"700\" height=\"466\" srcset=\"https:\/\/images.iphone-ticker.de\/wp-content\/uploads\/2025\/02\/verbatim-lifestyle-pictures-myfinder-shooting-september-2023-32130-ab-7-1-700x466.jpg 700w, https:\/\/images.iphone-ticker.de\/wp-content\/uploads\/2025\/02\/verbatim-lifestyle-pictures-myfinder-shooting-september-2023-32130-ab-7-1-500x333.jpg 500w, https:\/\/images.iphone-ticker.de\/wp-content\/uploads\/2025\/02\/verbatim-lifestyle-pictures-myfinder-shooting-september-2023-32130-ab-7-1.jpg 1000w\" sizes=\"auto, (max-width: 700px) 100vw, 700px\" \/><\/a><\/p>\n<p>Der <a rel=\"noindex, nofollow\" href=\"http:\/\/www.ifun.de\/amzn\/B0CND6T4J8\">in zwei Farben erh\u00e4ltliche My Finder<\/a> ist laut Verbatim wasser- und staubgesch\u00fctzt nach IP66-Standard. Die Stromversorgung erfolgt \u00fcber eine auswechselbare CR2032-Knopfzelle, die eine Betriebsdauer von bis zu 12 Monaten erm\u00f6glichen.<\/p>\n<h2>G\u00fcnstige AirTag-Alternative<\/h2>\n<p>Zur Kommunikation kommt Bluetooth 5.2 zum Einsatz. Der integrierte Signalgeber erreiche eine Lautst\u00e4rke von etwa 60 Dezibel auf eine Entfernung von 25 Zentimetern. Zudem verf\u00fcgt der Tracker \u00fcber NFC-Technologie, mit der Finder eines verlorenen Trackers die hinterlegten Kontaktdaten abrufen k\u00f6nnten.<\/p>\n<p>Der My Finder funktioniert ausschlie\u00dflich mit Apple-Ger\u00e4ten, die das &#8222;Wo ist?&#8220;-Netzwerk unterst\u00fctzen. Wie Apples AirTags informieren auch die My Finder, wenn Nutzer das Ger\u00e4t versehentlich zur\u00fccklassen. Das kompakte Ger\u00e4t misst 4 cm \u00d7 4 cm x 1 cm und wiegt etwa zehn Gramm. Im Zweierpack sin die <a rel=\"noindex, nofollow\" href=\"http:\/\/www.ifun.de\/amzn\/B0CND6T4J8\">My Finder derzeit f\u00fcr 15,83 Euro<\/a> zu haben. <\/p>\n<p>Zum Vergleich: Ein AirTag wird bei Amazon aktuell f\u00fcr 29,90 Euro angeboten, bei Apple gehen die AirTags einzeln f\u00fcr 39 Euro \u00fcber den Tresen.<br \/>\n<script>\r\n  function open_amazon(link) {\r\n    if (navigator.userAgent.indexOf(\"Firefox\") != -1) {\r\n      window.open(link, '_blank');\r\n    } else {\r\n      var tag = document.createElement('a');\r\n      tag.setAttribute('href', link);\r\n      tag.innerHTML = \"amzn\";\r\n      tag.click();\r\n    }\r\n  }\r\n<\/script>\r\n    <div id=\"article-single-amazon-preview\" onclick=\"return open_amazon('https:\/\/www.amazon.de\/dp\/B0CND6T4J8?tag=musicweb02&linkCode=ogi&th=1&psc=1');\">\n  <div id=\"article-single-amazon-preview-header\">\n    <span class=\"title\">Produkthinweis<\/span>\n      <\/div>\n  <div id=\"article-single-amazon-preview-content\">\n    <div id=\"article-single-amazon-preview-img\" style=\"background: url('https:\/\/m.media-amazon.com\/images\/I\/31JFPw40HML.jpg') center center no-repeat; background-size: cover;\"><\/div>\n    <div id=\"article-single-amazon-preview-desc\">\n      <span class=\"bezeichnung\"><a href=\"https:\/\/www.amazon.de\/dp\/B0CND6T4J8?tag=musicweb02&linkCode=ogi&th=1&psc=1\" style=\"text-decoration: none; border-bottom: 0px; box-shadow: none;\">Verbatim My Finder 2er Set, Bluetooth Tracker f\u00fcr Rucksack, Koffer, Geldb\u00f6rse, Schl\u00fcssel und Co, kompatibel mit Apple...<\/a><\/span>\n      <span class=\"preis--aktuell\">18,59 EUR<\/span>\n      <span class=\"preis--alt\"><\/span>\n    <\/div>\n  <\/div>\n<\/div><br \/>\n<video poster=\"\" preload=\"auto\" controls=\"controls\" width=\"100%\" ><source src=\"https:\/\/www.verbatim-europe.com\/files\/products\/my-finder\/my-finder-4k-final.mp4#t=2.01\" \/><\/video><\/p>\n<p><img loading=\"lazy\" decoding=\"async\" src=\"https:\/\/vg07.met.vgwort.de\/na\/687f34ba998143148066ee35cc62e60c\" width=\"1\" height=\"1\" no-lazy class=\"tracking\"><\/p>\n","protected":false},"excerpt":{"rendered":"<a href=\"https:\/\/www.iphone-ticker.de\/my-finder-von-verbatim-bluetooth-tracker-fuer-apple-nutzer-250826\/\"><img width=\"150\" height=\"150\" src=\"https:\/\/images.iphone-ticker.de\/wp-content\/uploads\/2025\/02\/verbatim-lifestyle-pictures-myfinder-shooting-september-2023-32130-ab-7-1-150x150.jpg\" class=\"alignright tfe wp-post-image\" alt=\"Verbatim Lifestyle Pictures Myfinder Shooting September 2023 32130 Ab 7 1\" decoding=\"async\" loading=\"lazy\" \/><\/a><p>Mit dem My Finder hat der ansonsten vor allem f\u00fcr seine Speichermedien bekannte Anbieter Verbatim einen Bluetooth-Tracker im Sortiment, der mit Apples &#8222;Wo ist?&#8220;-App kompatibel ist und sich als g\u00fcnstige AirTag-Alternative anbietet. Das Ger\u00e4t kann an Gegenst\u00e4nden wie Schl\u00fcsseln, Taschen oder Gep\u00e4ck befestigt werden, um deren Standort zu ermitteln. Knopfzelle mit 12 Monaten Laufzeit Das [&hellip;]<\/p>\n","protected":false},"author":1,"featured_media":250830,"comment_status":"open","ping_status":"closed","sticky":false,"template":"","format":"standard","meta":{"footnotes":""},"categories":[1],"tags":[4905,792,2232,5239],"class_list":["post-250826","post","type-post","status-publish","format-standard","has-post-thumbnail","hentry","category-news","tag-airtag","tag-tracker","tag-verbatim","tag-zubehoer"],"aioseo_notices":[],"subheadline":["Verbindung mit Apples \"Wo ist?\"-Netzwerk","Verbindung mit Apples \"Wo ist?\"-Netzwerk"],"featured_image":["https:\/\/images.iphone-ticker.de\/wp-content\/uploads\/2025\/02\/verbatim-tracker.jpg"],"rest_api_enabler":{"subheadline":["Verbindung mit Apples \"Wo ist?\"-Netzwerk","Verbindung mit Apples \"Wo ist?\"-Netzwerk"],"featured_image":"https:\/\/images.iphone-ticker.de\/wp-content\/uploads\/2025\/02\/verbatim-tracker.jpg"},"_links":{"self":[{"href":"https:\/\/www.iphone-ticker.de\/apiv2\/wp\/v2\/posts\/250826","targetHints":{"allow":["GET"]}}],"collection":[{"href":"https:\/\/www.iphone-ticker.de\/apiv2\/wp\/v2\/posts"}],"about":[{"href":"https:\/\/www.iphone-ticker.de\/apiv2\/wp\/v2\/types\/post"}],"author":[{"embeddable":true,"href":"https:\/\/www.iphone-ticker.de\/apiv2\/wp\/v2\/users\/1"}],"replies":[{"embeddable":true,"href":"https:\/\/www.iphone-ticker.de\/apiv2\/wp\/v2\/comments?post=250826"}],"version-history":[{"count":5,"href":"https:\/\/www.iphone-ticker.de\/apiv2\/wp\/v2\/posts\/250826\/revisions"}],"predecessor-version":[{"id":250838,"href":"https:\/\/www.iphone-ticker.de\/apiv2\/wp\/v2\/posts\/250826\/revisions\/250838"}],"wp:featuredmedia":[{"embeddable":true,"href":"https:\/\/www.iphone-ticker.de\/apiv2\/wp\/v2\/media\/250830"}],"wp:attachment":[{"href":"https:\/\/www.iphone-ticker.de\/apiv2\/wp\/v2\/media?parent=250826"}],"wp:term":[{"taxonomy":"category","embeddable":true,"href":"https:\/\/www.iphone-ticker.de\/apiv2\/wp\/v2\/categories?post=250826"},{"taxonomy":"post_tag","embeddable":true,"href":"https:\/\/www.iphone-ticker.de\/apiv2\/wp\/v2\/tags?post=250826"}],"curies":[{"name":"wp","href":"https:\/\/api.w.org\/{rel}","templated":true}]}}