{"id":250789,"date":"2025-02-21T16:26:27","date_gmt":"2025-02-21T15:26:27","guid":{"rendered":"https:\/\/www.iphone-ticker.de\/?p=250789"},"modified":"2025-02-23T10:08:39","modified_gmt":"2025-02-23T09:08:39","slug":"iphone-16e-langsamer-verkaufsstart-und-erste-magsafe-huellen","status":"publish","type":"post","link":"https:\/\/www.iphone-ticker.de\/iphone-16e-langsamer-verkaufsstart-und-erste-magsafe-huellen-250789\/","title":{"rendered":"iPhone 16e: Langsamer Verkaufsstart und erste MagSafe-H\u00fcllen"},"content":{"rendered":"<p>An den offiziellen <a href=\"https:\/\/www.iphone-ticker.de\/das-neue-iphone-16e-laesst-sich-jetzt-bei-apple-bestellen-250769\/\" title=\"Das neue iPhone 16e l\u00e4sst sich jetzt bei Apple bestellen\">Bestellstart bei Apple<\/a> ankn\u00fcpfend l\u00e4sst sich das iPhone 16e jetzt auch bei den Mobilfunkanbietern und bei offiziellen Vertriebspartnern von Apple wie <a rel=\"noindex, nofollow\" href=\"http:\/\/www.ifun.de\/amzn\/B0DXQHPY34\">Amazon<\/a> oder <a href=\"https:\/\/clk.tradedoubler.com\/click?p=302027&amp;a=747172&amp;url=https%3A%2F%2Fwww.galaxus.de%2Fde%2Fs1%2Fproduct%2Fapple-iphone-16e-128-gb-white-610-dual-sim-48-mpx-5g-smartphone-54803087\">Galaxus<\/a> vorbestellen. Preislich schenkt sich das allerdings nichts. Wer Zeit hat, wartet besser noch ein paar Wochen, dann werden wir sicherlich bereits die ersten nennenswerten Preissenkungen sehen.<\/p>\n<p>Interessant k\u00f6nnte es nat\u00fcrlich sein, wenn ihr das neue iPhone in Verbindung mit einem Mobilfunkvertrag oder einer Vertragsverl\u00e4ngerung kaufen wollt. Hier sind zumindest die gro\u00dfen Provider jetzt schon mit attraktiven Preisen f\u00fcr Vorbesteller zur Stelle. Bei <a href=\"https:\/\/private.vodafone-affiliate.de\/tc.php?t=120933C1175180207T\">Vodafone<\/a>, der <a href=\"https:\/\/www.awin1.com\/awclick.php?gid=361943&amp;mid=11430&amp;awinaffid=399545&amp;linkid=3115068\">Telekom<\/a>, <a href=\"https:\/\/www.communicationads.net\/tc.php?t=10906C16024306T\" title=\"Webseite des Anbieters\">O2<\/a> sowie <a href=\"https:\/\/mobile.1und1.de\/iphone-16e\">1&amp;1<\/a> kann man sich das iPhone in Verbindung mit einem Mobilfunkvertrag oder einer Verl\u00e4ngerung bereits ab 1 Euro sichern.<\/p>\n<h2>Bei Apple alles vorr\u00e4tig<\/h2>\n<p><a href=\"https:\/\/images.iphone-ticker.de\/wp-content\/uploads\/2025\/02\/iphone-16e-abholung.jpg\"><img loading=\"lazy\" decoding=\"async\" src=\"https:\/\/images.iphone-ticker.de\/wp-content\/uploads\/2025\/02\/iphone-16e-abholung-700x326.jpg\" alt=\"Iphone 16e Abholung\" width=\"700\" height=\"326\" class=\"alignnone size-large wp-image-250791\" srcset=\"https:\/\/images.iphone-ticker.de\/wp-content\/uploads\/2025\/02\/iphone-16e-abholung-700x326.jpg 700w, https:\/\/images.iphone-ticker.de\/wp-content\/uploads\/2025\/02\/iphone-16e-abholung-500x233.jpg 500w, https:\/\/images.iphone-ticker.de\/wp-content\/uploads\/2025\/02\/iphone-16e-abholung.jpg 1400w\" sizes=\"auto, (max-width: 700px) 100vw, 700px\" \/><\/a><\/p>\n<p><a href=\"https:\/\/apple.sjv.io\/mO2B6Z\" title=\"iPhone 16e\">Bei Apple selbst<\/a> scheint die Nachfrage wie erwartet verhalten und das iPhone 16e l\u00e4sst sich in allen sechs verf\u00fcgbaren Varianten weiterhin zur Lieferung am ersten Verkaufstag vorbestellen.<\/p>\n<p>Wer einen Apple Store in der N\u00e4he hat und auf Nummer sicher gehen will, kann das neue iPhone in der gew\u00fcnschten Farbe und Gr\u00f6\u00dfe zur Abholung reservieren. Laut Apple-Webseite sind in allen 16 deutschen Apple Stores noch alle Varianten des iPhone 16e zur Abholung am Freitag verf\u00fcgbar, sofern man jetzt vorbestellt.<\/p>\n<h2>H\u00fcllen r\u00fcsten MagSafe nach<\/h2>\n<p><a href=\"https:\/\/images.iphone-ticker.de\/wp-content\/uploads\/2025\/02\/iphone-16e-magsafe-cases.jpg\"><img loading=\"lazy\" decoding=\"async\" src=\"https:\/\/images.iphone-ticker.de\/wp-content\/uploads\/2025\/02\/iphone-16e-magsafe-cases-700x376.jpg\" alt=\"Iphone 16e Magsafe Cases\" width=\"700\" height=\"376\" class=\"alignnone size-large wp-image-250792\" srcset=\"https:\/\/images.iphone-ticker.de\/wp-content\/uploads\/2025\/02\/iphone-16e-magsafe-cases-700x376.jpg 700w, https:\/\/images.iphone-ticker.de\/wp-content\/uploads\/2025\/02\/iphone-16e-magsafe-cases-500x268.jpg 500w, https:\/\/images.iphone-ticker.de\/wp-content\/uploads\/2025\/02\/iphone-16e-magsafe-cases.jpg 1400w\" sizes=\"auto, (max-width: 700px) 100vw, 700px\" \/><\/a><\/p>\n<p>F\u00fcr alle K\u00e4ufer des iPhone 16e, die das Ger\u00e4t gerne mit MagSafe-Zubeh\u00f6r verwenden wollen, gibt es inzwischen auch H\u00fcllen, die <a href=\"https:\/\/www.iphone-ticker.de\/iphone-16e-kein-magsafe-und-hoehere-einstiegspreise-250627\/\" title=\"iPhone 16e: Kein MagSafe und h\u00f6here Einstiegspreise\">Apples Verzicht auf diese Technologie<\/a> dadurch wettmachen, dass sie einen Metallring integriert haben. Die Ger\u00e4te laden dann zwar trotzdem nicht schneller, lassen sich damit aber zum Beispiel magnetisch an eine Autohalterung \u201ekleben\u201c. Spigen und ESR bieten hier die ersten Produkte an:<img loading=\"lazy\" decoding=\"async\" src=\"https:\/\/vg09.met.vgwort.de\/na\/62bd478dd7234c7598da503f711d5d7a\" width=\"1\" height=\"1\" no-lazy class=\"tracking\"><\/p>\n<ul>\n<li><a rel=\"noindex, nofollow\" href=\"http:\/\/www.ifun.de\/amzn\/B0DKGBTVHW\">Spigen MagSafe-Case f\u00fcr iPhone 16e<\/a><br \/>verschiedene Farben ab 19,99 Euro<\/li>\n<li><a rel=\"noindex, nofollow\" href=\"http:\/\/www.ifun.de\/amzn\/B0DRNN2K7N\">ESR f\u00fcr iPhone 16e mit MagSafe-R\u00fcckseite<\/a><br \/>verschiedene Farben = 14,99 Euro<\/li>\n<\/ul>\n","protected":false},"excerpt":{"rendered":"<a href=\"https:\/\/www.iphone-ticker.de\/iphone-16e-langsamer-verkaufsstart-und-erste-magsafe-huellen-250789\/\"><img width=\"150\" height=\"150\" src=\"https:\/\/images.iphone-ticker.de\/wp-content\/uploads\/2025\/02\/iphone-16e-feature-2-150x150.jpg\" class=\"alignright tfe wp-post-image\" alt=\"Iphone 16e Feature\" decoding=\"async\" loading=\"lazy\" \/><\/a><p>An den offiziellen Bestellstart bei Apple ankn\u00fcpfend l\u00e4sst sich das iPhone 16e jetzt auch bei den Mobilfunkanbietern und bei offiziellen Vertriebspartnern von Apple wie Amazon oder Galaxus vorbestellen. Preislich schenkt sich das allerdings nichts. Wer Zeit hat, wartet besser noch ein paar Wochen, dann werden wir sicherlich bereits die ersten nennenswerten Preissenkungen sehen. Interessant k\u00f6nnte [&hellip;]<\/p>\n","protected":false},"author":2,"featured_media":250793,"comment_status":"open","ping_status":"closed","sticky":false,"template":"","format":"standard","meta":{"footnotes":""},"categories":[749],"tags":[7032],"class_list":["post-250789","post","type-post","status-publish","format-standard","has-post-thumbnail","hentry","category-iphone-2","tag-iphone-16e"],"aioseo_notices":[],"subheadline":["Bei Apple noch alles sofort lieferbar"],"featured_image":["https:\/\/images.iphone-ticker.de\/wp-content\/uploads\/2025\/02\/iphone-16e-feature-2.jpg"],"rest_api_enabler":{"subheadline":"Bei Apple noch alles sofort lieferbar","featured_image":"https:\/\/images.iphone-ticker.de\/wp-content\/uploads\/2025\/02\/iphone-16e-feature-2.jpg"},"_links":{"self":[{"href":"https:\/\/www.iphone-ticker.de\/apiv2\/wp\/v2\/posts\/250789","targetHints":{"allow":["GET"]}}],"collection":[{"href":"https:\/\/www.iphone-ticker.de\/apiv2\/wp\/v2\/posts"}],"about":[{"href":"https:\/\/www.iphone-ticker.de\/apiv2\/wp\/v2\/types\/post"}],"author":[{"embeddable":true,"href":"https:\/\/www.iphone-ticker.de\/apiv2\/wp\/v2\/users\/2"}],"replies":[{"embeddable":true,"href":"https:\/\/www.iphone-ticker.de\/apiv2\/wp\/v2\/comments?post=250789"}],"version-history":[{"count":4,"href":"https:\/\/www.iphone-ticker.de\/apiv2\/wp\/v2\/posts\/250789\/revisions"}],"predecessor-version":[{"id":250816,"href":"https:\/\/www.iphone-ticker.de\/apiv2\/wp\/v2\/posts\/250789\/revisions\/250816"}],"wp:featuredmedia":[{"embeddable":true,"href":"https:\/\/www.iphone-ticker.de\/apiv2\/wp\/v2\/media\/250793"}],"wp:attachment":[{"href":"https:\/\/www.iphone-ticker.de\/apiv2\/wp\/v2\/media?parent=250789"}],"wp:term":[{"taxonomy":"category","embeddable":true,"href":"https:\/\/www.iphone-ticker.de\/apiv2\/wp\/v2\/categories?post=250789"},{"taxonomy":"post_tag","embeddable":true,"href":"https:\/\/www.iphone-ticker.de\/apiv2\/wp\/v2\/tags?post=250789"}],"curies":[{"name":"wp","href":"https:\/\/api.w.org\/{rel}","templated":true}]}}