{"id":250674,"date":"2025-02-20T08:47:16","date_gmt":"2025-02-20T07:47:16","guid":{"rendered":"https:\/\/www.iphone-ticker.de\/?p=250674"},"modified":"2025-02-20T08:48:18","modified_gmt":"2025-02-20T07:48:18","slug":"x-im-wahlkampf-mehr-reichweite-fuer-extreme-inhalte","status":"publish","type":"post","link":"https:\/\/www.iphone-ticker.de\/x-im-wahlkampf-mehr-reichweite-fuer-extreme-inhalte-250674\/","title":{"rendered":"X im Wahlkampf: Mehr Reichweite f\u00fcr extreme Inhalte"},"content":{"rendered":"<p>Wie neutral gewichtet der Kurznachrichten-Dienst X politische Inhalte w\u00e4hrend des deutschen Wahlkampfes? Eine Frage, die mit zunehmender Politisierung des neuen Eigners Elon Musk immer h\u00e4ufiger gestellt wird.<\/p>\n<p><a href=\"https:\/\/images.iphone-ticker.de\/wp-content\/uploads\/2025\/02\/frontal-analyse.png\"><img loading=\"lazy\" decoding=\"async\" src=\"https:\/\/images.iphone-ticker.de\/wp-content\/uploads\/2025\/02\/frontal-analyse-500x303.png\" alt=\"Frontal Analyse\" width=\"500\" height=\"303\" class=\"aligncenter size-medium wp-image-250677\" srcset=\"https:\/\/images.iphone-ticker.de\/wp-content\/uploads\/2025\/02\/frontal-analyse-500x303.png 500w, https:\/\/images.iphone-ticker.de\/wp-content\/uploads\/2025\/02\/frontal-analyse-700x424.png 700w, https:\/\/images.iphone-ticker.de\/wp-content\/uploads\/2025\/02\/frontal-analyse-1536x930.png 1536w, https:\/\/images.iphone-ticker.de\/wp-content\/uploads\/2025\/02\/frontal-analyse-2048x1240.png 2048w\" sizes=\"auto, (max-width: 500px) 100vw, 500px\" \/><\/a><\/p>\n<h6>Auch auf neuen Accounts ohne Interaktion dominiert die AfD<\/h6>\n<p>Das ZDF-Gesellschaftsmagazin frontal hat diesbez\u00fcglich nun <a href=\"https:\/\/www.zdf.de\/politik\/frontal\/fake-news-im-wahlkampf-100.html\">ein wissenschaftlich begleitetes Experiment<\/a> durchgef\u00fchrt und sich daf\u00fcr Hilfe von <a href=\"https:\/\/people.ucd.ie\/przemek.grabowicz\/about\">Dr. Przemek Grabowicz<\/a> organisiert, der am University College Dublin zu Ber\u00fchrungspunkten von Technologie und Gesellschaft forscht<\/p>\n<h2>Der rechten Rand dominiert<\/h2>\n<p>Ein Experiment mit zwei Testkonten, die lediglich Bundestagsabgeordneten folgten und sonst keine eigenen Interaktionen vornahmen, deutet darauf hin, dass X Inhalte von Parteien am rechten Rand \u00fcberproportional h\u00e4ufig empfiehlt.<\/p>\n<p>Besonders Tweets der AfD tauchten in den automatisch generierten Vorschl\u00e4gen \u00fcberdurchschnittlich oft auf. Inhalte anderer Parteien erschienen dagegen seltener.<\/p>\n<p><video poster=\"\" preload=\"auto\" controls=\"controls\" width=\"100%\" ><source src=\"https:\/\/rodlzdf-a.akamaihd.net\/none\/zdf\/25\/02\/250218_clip_4_fro\/1\/250218_clip_4_fro_2360k_p35v17.mp4#t=0.01\" \/><\/video><\/p>\n<h6><a href=\"https:\/\/www.zdf.de\/politik\/frontal\/fake-news-im-wahlkampf-100.html\">ZDF frontal: Fake News im Wahlkampf<\/a><\/h6>\n<p>Warum das so ist, bleibt unklar. Die Anzahl der Interaktionen allein erkl\u00e4rt die Verteilung nicht. Ein Vergleich der durchschnittlichen Likes und Retweets verschiedener Parteien zeigt keine signifikanten Unterschiede. X selbst reagierte nicht auf Anfragen zu diesen Ergebnissen.<\/p>\n<h2>Extreme Inhalte deutlich prominenter<\/h2>\n<p>Im<a href=\"https:\/\/uncommongood.substack.com\/p\/political-biases-on-x-before-the\"> Blog des verantwortlichen Forschungsleiters<\/a> Grabowicz wird der Versuchsaufbau konkretisiert: Die Forscher erstellten zwei Testkonten, die jeweils denselben Politikern der im Bundestag vertretenen Parteien folgten.<\/p>\n<p>Innerhalb eines vierw\u00f6chigen Zeitraums speicherten sie regelm\u00e4\u00dfig die ersten 35 angezeigten Beitr\u00e4ge des &#8222;For You&#8220;-Feeds. Dabei zeigte sich, dass die AfD mit einem Anteil von 37,9 % aller Politiker-Beitr\u00e4ge im Feed vertreten war, obwohl ihre Politiker nur 15,2 % aller Tweets von Bundestagsabgeordneten ver\u00f6ffentlichten. Auch die linke Partei BSW erschien mit 10,6 % ihrer Beitr\u00e4ge im Feed, obwohl ihr Anteil an allen Politiker-Tweets lediglich 1,4 % betrug.<\/p>\n<p><a href=\"https:\/\/images.iphone-ticker.de\/wp-content\/uploads\/2025\/02\/rechte-rand-experiment.png\"><img loading=\"lazy\" decoding=\"async\" class=\"aligncenter size-large wp-image-250675\" src=\"https:\/\/images.iphone-ticker.de\/wp-content\/uploads\/2025\/02\/rechte-rand-experiment-700x321.png\" alt=\"Rechte Rand Experiment\" width=\"700\" height=\"321\" srcset=\"https:\/\/images.iphone-ticker.de\/wp-content\/uploads\/2025\/02\/rechte-rand-experiment-700x321.png 700w, https:\/\/images.iphone-ticker.de\/wp-content\/uploads\/2025\/02\/rechte-rand-experiment-500x229.png 500w, https:\/\/images.iphone-ticker.de\/wp-content\/uploads\/2025\/02\/rechte-rand-experiment-1536x705.png 1536w, https:\/\/images.iphone-ticker.de\/wp-content\/uploads\/2025\/02\/rechte-rand-experiment.png 1600w\" sizes=\"auto, (max-width: 700px) 100vw, 700px\" \/><\/a><\/p>\n<h6>Vor allem die politischen R\u00e4nder sind auf X \u00fcberproportional vertreten<\/h6>\n<p>Die Untersuchung ergab dar\u00fcber hinaus, dass parteispezifische Faktoren offenbar unabh\u00e4ngig von den Engagement-Zahlen eine Rolle spielen. Die Forscher f\u00fchrten eine statistische Analyse durch, die zeigte, dass Beitr\u00e4ge von BSW, CSU und AfD signifikant h\u00e4ufiger im &#8222;For You&#8220;-Feed erschienen, als es allein durch deren Interaktionswerte zu erwarten gewesen w\u00e4re. Wodurch genau dieser Effekt zustande kommt, bleibt unklar, da X keine Einblicke in die zugrunde liegenden Algorithmen gew\u00e4hrt.<\/p>\n<p><img loading=\"lazy\" decoding=\"async\" src=\"https:\/\/vg07.met.vgwort.de\/na\/383b1315eec74875a6b210bc230384cc\" width=\"1\" height=\"1\" no-lazy class=\"tracking\"><\/p>\n","protected":false},"excerpt":{"rendered":"<a href=\"https:\/\/www.iphone-ticker.de\/x-im-wahlkampf-mehr-reichweite-fuer-extreme-inhalte-250674\/\"><img width=\"150\" height=\"150\" src=\"https:\/\/images.iphone-ticker.de\/wp-content\/uploads\/2025\/02\/frontal-analyse-150x150.png\" class=\"alignright tfe wp-post-image\" alt=\"Frontal Analyse\" decoding=\"async\" loading=\"lazy\" \/><\/a><p>Wie neutral gewichtet der Kurznachrichten-Dienst X politische Inhalte w\u00e4hrend des deutschen Wahlkampfes? Eine Frage, die mit zunehmender Politisierung des neuen Eigners Elon Musk immer h\u00e4ufiger gestellt wird. Auch auf neuen Accounts ohne Interaktion dominiert die AfD Das ZDF-Gesellschaftsmagazin frontal hat diesbez\u00fcglich nun ein wissenschaftlich begleitetes Experiment durchgef\u00fchrt und sich daf\u00fcr Hilfe von Dr. Przemek Grabowicz [&hellip;]<\/p>\n","protected":false},"author":1,"featured_media":250677,"comment_status":"open","ping_status":"closed","sticky":false,"template":"","format":"standard","meta":{"footnotes":""},"categories":[1],"tags":[412,241,2984,6510,49],"class_list":["post-250674","post","type-post","status-publish","format-standard","has-post-thumbnail","hentry","category-news","tag-politik","tag-twitter","tag-wahl","tag-x","tag-zahlen"],"aioseo_notices":[],"subheadline":["Vor allem der rechten Rand dominiert"],"featured_image":["https:\/\/images.iphone-ticker.de\/wp-content\/uploads\/2025\/02\/x-twitter-afd.jpg"],"rest_api_enabler":{"subheadline":"Vor allem der rechten Rand dominiert","featured_image":"https:\/\/images.iphone-ticker.de\/wp-content\/uploads\/2025\/02\/x-twitter-afd.jpg"},"_links":{"self":[{"href":"https:\/\/www.iphone-ticker.de\/apiv2\/wp\/v2\/posts\/250674","targetHints":{"allow":["GET"]}}],"collection":[{"href":"https:\/\/www.iphone-ticker.de\/apiv2\/wp\/v2\/posts"}],"about":[{"href":"https:\/\/www.iphone-ticker.de\/apiv2\/wp\/v2\/types\/post"}],"author":[{"embeddable":true,"href":"https:\/\/www.iphone-ticker.de\/apiv2\/wp\/v2\/users\/1"}],"replies":[{"embeddable":true,"href":"https:\/\/www.iphone-ticker.de\/apiv2\/wp\/v2\/comments?post=250674"}],"version-history":[{"count":2,"href":"https:\/\/www.iphone-ticker.de\/apiv2\/wp\/v2\/posts\/250674\/revisions"}],"predecessor-version":[{"id":250681,"href":"https:\/\/www.iphone-ticker.de\/apiv2\/wp\/v2\/posts\/250674\/revisions\/250681"}],"wp:featuredmedia":[{"embeddable":true,"href":"https:\/\/www.iphone-ticker.de\/apiv2\/wp\/v2\/media\/250677"}],"wp:attachment":[{"href":"https:\/\/www.iphone-ticker.de\/apiv2\/wp\/v2\/media?parent=250674"}],"wp:term":[{"taxonomy":"category","embeddable":true,"href":"https:\/\/www.iphone-ticker.de\/apiv2\/wp\/v2\/categories?post=250674"},{"taxonomy":"post_tag","embeddable":true,"href":"https:\/\/www.iphone-ticker.de\/apiv2\/wp\/v2\/tags?post=250674"}],"curies":[{"name":"wp","href":"https:\/\/api.w.org\/{rel}","templated":true}]}}